{"id":3734,"date":"2013-12-20T16:47:39","date_gmt":"2013-12-20T19:47:39","guid":{"rendered":"http:\/\/www.atecordoba.org\/?p=3734"},"modified":"2013-12-20T16:47:39","modified_gmt":"2013-12-20T19:47:39","slug":"unc-nuevos-delegados-de-ate-en-cuatro-dependencias","status":"publish","type":"post","link":"https:\/\/atecordoba.org\/?p=3734","title":{"rendered":"UNC: nuevos delegados de ATE en cuatro dependencias"},"content":{"rendered":"<p><em>La Secretaria de Asuntos Acad\u00e9micos y la Subsecretaria de Planeamiento F\u00edsico de la Universidad Nacional de C\u00f3rdoba eligieron ayer delegados gremiales por los pr\u00f3ximos dos a\u00f1os. Tambi\u00e9n se designaron delegados normalizadores en la Facultad de Lenguas y en la Secretaria de Planificaci\u00f3n \u00a0y Gesti\u00f3n Institucional.<\/em><\/p>\n<figure id=\"attachment_3735\" aria-describedby=\"caption-attachment-3735\" style=\"width: 408px\" class=\"wp-caption aligncenter\"><a href=\"http:\/\/www.atecordoba.org\/wp-content\/uploads\/2013\/12\/eleccion-delegada_cecilia-rins.jpg\"><img loading=\"lazy\" decoding=\"async\" class=\"size-full wp-image-3735\" alt=\"eleccion delegada_cecilia rins\" src=\"http:\/\/www.atecordoba.org\/wp-content\/uploads\/2013\/12\/eleccion-delegada_cecilia-rins.jpg\" width=\"408\" height=\"306\" \/><\/a><figcaption id=\"caption-attachment-3735\" class=\"wp-caption-text\">la nueva delegada Cecilia Rins, con la urna de la Secretaria de Asuntos Acad\u00e9micos.<\/figcaption><\/figure>\n<p>En Asuntos Acad\u00e9micos la compa\u00f1era Cecilia Rins result\u00f3 electa con amplia participaci\u00f3n del padr\u00f3n del sector. La compa\u00f1era se desempe\u00f1a hace cuatro a\u00f1os en la UNC y se incorpora a representar a sus compa\u00f1eros, dando impulso a un nuevo avance organizativo de ATE en la Casa de Estudios.<\/p>\n<figure id=\"attachment_3736\" aria-describedby=\"caption-attachment-3736\" style=\"width: 336px\" class=\"wp-caption alignright\"><a href=\"http:\/\/www.atecordoba.org\/wp-content\/uploads\/2013\/12\/IMG_3953-e1387568715631.jpg\"><img loading=\"lazy\" decoding=\"async\" class=\" wp-image-3736 \" alt=\"IMG_3953\" src=\"http:\/\/www.atecordoba.org\/wp-content\/uploads\/2013\/12\/IMG_3953-e1387568715631.jpg\" width=\"336\" height=\"224\" \/><\/a><figcaption id=\"caption-attachment-3736\" class=\"wp-caption-text\">La urna de ATE en la Subsecretaria de Planeamiento F\u00edsico.<\/figcaption><\/figure>\n<p>&#8220;Tenemos muchos contratados, con distintas figuras legales y monotributos. Esto genera que desigualdades que no podemos aceptar, porque actualmente, con igual tareas, los compa\u00f1eros cobran distintos salarios&#8221;, dijo \u00a0Rins.<\/p>\n<p>Por eso la delegada expresa que el principal reclamo de los trabajadores es el pase a planta para que se termine con la inseguridad laboral vigente en la UNC. &#8220;Hay que transparentar la informaci\u00f3n sobre la situaci\u00f3n que afronta cada uno de los trabajadores. As\u00ed vamos a afianzar los lazos de solidaridad entre todos y podemos plantear a las autoridades el cambio que necesita la Secretar\u00eda, mejorando las condiciones laborales en unidad de todos los compa\u00f1eros&#8221;, finaliz\u00f3 Rins.<\/p>\n<p>Por otro lado, en la Subsecretar\u00eda de Planeamiento F\u00edsico tambi\u00e9n eligi\u00f3 delegados de ATE. Con una importante participaci\u00f3n, los trabajadores votaron por Jorge Guevara, Miguel Diaz Pereyra y Gabriel Haniewicz. Los principales problemas en el sector son la falta de recategorizaciones y pase a planta de contratados y monotributistas. en esta dependencia hay monotributistas que superan el absurdo de 10 a\u00f1os de antig\u00fcedad.<\/p>\n<p>Los delegados tienen mandato por los pr\u00f3ximos dos a\u00f1os.<\/p>\n<h2>Delegados Normalizadores<\/h2>\n<p>En concordancia con el crecimiento organizativo de ATE entre los trabajadores no docentes de la UNC, fueron designados delegados normalizadores en dos dependencias de la Casa de Estudios. En la Facultad de Lenguas resultaron designados los compa\u00f1eros Ayel\u00e9n Ramirez y<br \/>\nGast\u00f3n Cruz Galvez, en tanto en la Secretaria de Planificaci\u00f3n y Gesti\u00f3n Institucional fueron designados los compa\u00f1eros Alejandro Farioli y Marcelo Ludue\u00f1a.<\/p>\n<p>Los delegados tienen por objetivo organizar los sectores para realizar, durante el primer trimestre del 2014, la elecci\u00f3n formal de delegados gremiales.<\/p>\n<figure id=\"attachment_3741\" aria-describedby=\"caption-attachment-3741\" style=\"width: 457px\" class=\"wp-caption aligncenter\"><a href=\"http:\/\/www.atecordoba.org\/wp-content\/uploads\/2013\/12\/delegados-planificacion.jpg\"><img loading=\"lazy\" decoding=\"async\" class=\" wp-image-3741\" alt=\"delegados planificacion\" src=\"http:\/\/www.atecordoba.org\/wp-content\/uploads\/2013\/12\/delegados-planificacion.jpg\" width=\"457\" height=\"258\" \/><\/a><figcaption id=\"caption-attachment-3741\" class=\"wp-caption-text\">Delegados normalizadores en la SPyGI<\/figcaption><\/figure>\n<figure id=\"attachment_3742\" aria-describedby=\"caption-attachment-3742\" style=\"width: 420px\" class=\"wp-caption aligncenter\"><a href=\"http:\/\/www.atecordoba.org\/wp-content\/uploads\/2013\/12\/delegados-lenguas.jpg\"><img loading=\"lazy\" decoding=\"async\" class=\" wp-image-3742\" alt=\"delegados lenguas\" src=\"http:\/\/www.atecordoba.org\/wp-content\/uploads\/2013\/12\/delegados-lenguas.jpg\" width=\"420\" height=\"560\" \/><\/a><figcaption id=\"caption-attachment-3742\" class=\"wp-caption-text\">La Facultad de Lenguas tambi\u00e9n tiene su delegados normalizadores<\/figcaption><\/figure>\n<p>&nbsp;<\/p>\n","protected":false},"excerpt":{"rendered":"<p>La Secretaria de Asuntos Acad\u00e9micos y la Subsecretaria de Planeamiento F\u00edsico de la Universidad Nacional de C\u00f3rdoba eligieron ayer delegados gremiales por los pr\u00f3ximos dos a\u00f1os. Tambi\u00e9n se designaron delegados normalizadores en la Facultad de Lenguas y en la Secretaria de Planificaci\u00f3n \u00a0y Gesti\u00f3n Institucional. En Asuntos Acad\u00e9micos la compa\u00f1era Cecilia Rins result\u00f3 electa con [&hellip;]<\/p>\n","protected":false},"author":1,"featured_media":19220,"comment_status":"open","ping_status":"open","sticky":false,"template":"","format":"standard","meta":{"_exactmetrics_skip_tracking":false,"_exactmetrics_sitenote_active":false,"_exactmetrics_sitenote_note":"","_exactmetrics_sitenote_category":0,"jnews-multi-image_gallery":[],"jnews_single_post":[],"jnews_primary_category":[],"jnews_social_meta":[],"jnews_review":[],"enable_review":"","type":"","name":"","summary":"","brand":"","sku":"","good":[],"bad":[],"score_override":"","override_value":"","rating":[],"price":[],"jnews_override_counter":[],"jnews_post_split":[],"footnotes":""},"categories":[18,89],"tags":[],"class_list":["post-3734","post","type-post","status-publish","format-standard","has-post-thumbnail","hentry","category-nacionales","category-unc"],"jetpack_featured_media_url":"https:\/\/atecordoba.org\/wp-content\/uploads\/2020\/05\/logo-nuevochico-e1561581322808.png","_links":{"self":[{"href":"https:\/\/atecordoba.org\/index.php?rest_route=\/wp\/v2\/posts\/3734","targetHints":{"allow":["GET"]}}],"collection":[{"href":"https:\/\/atecordoba.org\/index.php?rest_route=\/wp\/v2\/posts"}],"about":[{"href":"https:\/\/atecordoba.org\/index.php?rest_route=\/wp\/v2\/types\/post"}],"author":[{"embeddable":true,"href":"https:\/\/atecordoba.org\/index.php?rest_route=\/wp\/v2\/users\/1"}],"replies":[{"embeddable":true,"href":"https:\/\/atecordoba.org\/index.php?rest_route=%2Fwp%2Fv2%2Fcomments&post=3734"}],"version-history":[{"count":0,"href":"https:\/\/atecordoba.org\/index.php?rest_route=\/wp\/v2\/posts\/3734\/revisions"}],"wp:featuredmedia":[{"embeddable":true,"href":"https:\/\/atecordoba.org\/index.php?rest_route=\/wp\/v2\/media\/19220"}],"wp:attachment":[{"href":"https:\/\/atecordoba.org\/index.php?rest_route=%2Fwp%2Fv2%2Fmedia&parent=3734"}],"wp:term":[{"taxonomy":"category","embeddable":true,"href":"https:\/\/atecordoba.org\/index.php?rest_route=%2Fwp%2Fv2%2Fcategories&post=3734"},{"taxonomy":"post_tag","embeddable":true,"href":"https:\/\/atecordoba.org\/index.php?rest_route=%2Fwp%2Fv2%2Ftags&post=3734"}],"curies":[{"name":"wp","href":"https:\/\/api.w.org\/{rel}","templated":true}]}}