{"id":37307,"date":"2023-06-09T15:08:45","date_gmt":"2023-06-09T18:08:45","guid":{"rendered":"https:\/\/atecordoba.org\/?p=37307"},"modified":"2023-06-09T15:09:23","modified_gmt":"2023-06-09T18:09:23","slug":"sin-avances-en-la-conciliacion-obligatoria-en-rio-primero-el-ejecutivo-no-acerco-una-oferta-salarial-en-la-audiencia-en-trabajo","status":"publish","type":"post","link":"https:\/\/atecordoba.org\/?p=37307","title":{"rendered":"Sin avances en R\u00edo Primero: el Ejecutivo no acerc\u00f3 una oferta salarial en la audiencia en Trabajo"},"content":{"rendered":"\n<div class=\"wp-block-image\"><figure class=\"aligncenter size-large is-resized\"><img loading=\"lazy\" decoding=\"async\" src=\"https:\/\/atecordoba.org\/wp-content\/uploads\/2023\/06\/WhatsApp-Image-2023-06-09-at-12.00.03-1024x768.jpeg\" alt=\"\" class=\"wp-image-37308\" width=\"768\" height=\"576\" \/><\/figure><\/div>\n\n\n\n<p class=\"has-text-align-left\">La segunda audiencia que el Ministerio de Trabajo de la provincia convoc\u00f3 para hoy a ATE y a la Municipalidad de R\u00edo Primero se sald\u00f3 sin avances porque el Ejecutivo no llev\u00f3 ninguna propuesta salarial para resolver el conflicto.<\/p>\n\n\n\n<p>&#8220;Fue una audiencia vac\u00eda&#8221; resumi\u00f3 el delegado de ATE, Jos\u00e9 Baigorria.<\/p>\n\n\n\n<p>Vale recordar que el conflicto gremial en el seno de la Municipalidad se encuentra congelado en la instancia del Ministerio de Trabajo<a href=\"https:\/\/atecordoba.org\/?p=37137\"> por pedido de la intendente Cristina Craver<\/a>o, aduciendo que deb\u00eda levantarse el paro para iniciar la negociaci\u00f3n, pero dos semanas despu\u00e9s y con el personal trabajando fue incapaz de avanzar en un propuesta salarial. <\/p>\n\n\n\n<p><a href=\"https:\/\/atecordoba.org\/?p=36882\">ATE pide 30% de aumento y blanqueo de las sumas en negro<\/a> para llegar al 60% en el primer semestre de 2023.<\/p>\n\n\n\n<p>&#8220;Dijeron que tienen que hacer n\u00fameros, no es serio&#8221;, se lament\u00f3 Baigorria.<\/p>\n\n\n\n<p>La delegaci\u00f3n de ATE advirti\u00f3 que se agotan los plazos de la conciliaci\u00f3n obligatoria pro lo que el Ejecutivo deber\u00e1 presentar una oferta seria par que no se reactive el conflicto.<\/p>\n\n\n\n<p>Integr\u00f3 la comitiva de ATE el secretario General Federico Giuliani, el secretario General de la CTAA C\u00f3rdoba Capital, Jorge Chalup, la delegada Pamela Gutierrez, el delegado Baigorria y el abogado Eugenio Biafore. <\/p>\n\n\n\n<p><\/p>\n\n\n\n<p><\/p>\n","protected":false},"excerpt":{"rendered":"<p>La segunda audiencia que el Ministerio de Trabajo de la provincia convoc\u00f3 para hoy a ATE y a la Municipalidad de R\u00edo Primero se sald\u00f3 sin avances porque el Ejecutivo no llev\u00f3 ninguna propuesta salarial para resolver el conflicto. &#8220;Fue una audiencia vac\u00eda&#8221; resumi\u00f3 el delegado de ATE, Jos\u00e9 Baigorria. Vale recordar que el conflicto [&hellip;]<\/p>\n","protected":false},"author":7,"featured_media":37308,"comment_status":"open","ping_status":"open","sticky":false,"template":"","format":"standard","meta":{"_exactmetrics_skip_tracking":false,"_exactmetrics_sitenote_active":false,"_exactmetrics_sitenote_note":"","_exactmetrics_sitenote_category":0,"jnews-multi-image_gallery":[],"jnews_single_post":{"subtitle":"ATE pide 30% de aumento y blanqueo de las sumas en negro para llegar al 60% en el primer semestre de 2023.","format":"standard","video":"","gallery":"","source_name":"","source_url":"","via_name":"","via_url":"","override_template":"0","override":[{"template":"1","single_blog_custom":"","parallax":"1","fullscreen":"1","layout":"right-sidebar","sidebar":"default-sidebar","second_sidebar":"default-sidebar","sticky_sidebar":"1","share_position":"top","share_float_style":"share-monocrhome","show_share_counter":"1","show_view_counter":"1","show_featured":"1","show_post_meta":"1","show_post_author":"1","show_post_author_image":"1","show_post_date":"1","post_date_format":"default","post_date_format_custom":"Y\/m\/d","show_post_category":"1","show_post_reading_time":"0","post_reading_time_wpm":"300","show_zoom_button":"0","zoom_button_out_step":"2","zoom_button_in_step":"3","show_post_tag":"1","show_prev_next_post":"1","show_popup_post":"1","number_popup_post":"1","show_author_box":"0","show_post_related":"0","show_inline_post_related":"0"}],"override_image_size":"0","image_override":[{"single_post_thumbnail_size":"crop-500","single_post_gallery_size":"crop-500"}],"trending_post":"0","trending_post_position":"meta","trending_post_label":"Trending","sponsored_post":"0","sponsored_post_label":"Sponsored by","sponsored_post_name":"","sponsored_post_url":"","sponsored_post_logo_enable":"0","sponsored_post_logo":"","sponsored_post_desc":"","disable_ad":"0"},"jnews_primary_category":{"id":""},"jnews_social_meta":{"fb_title":"","fb_description":"","fb_image":"","twitter_title":"","twitter_description":"","twitter_image":""},"jnews_review":[],"enable_review":"0","type":"percentage","name":"","summary":"","brand":"","sku":"","good":[{"good_text":""}],"bad":[{"bad_text":""}],"score_override":"","override_value":"","rating":[{"rating_text":"","rating_number":"10"}],"price":[{"shop":"","price":"","link":"","icon":""}],"jnews_override_counter":{"override_view_counter":"0","view_counter_number":"0","override_share_counter":"0","share_counter_number":"0","override_like_counter":"0","like_counter_number":"0","override_dislike_counter":"0","dislike_counter_number":"0"},"jnews_post_split":{"enable_post_split":"0","post_split":[{"template":"1","tag":"h2","numbering":"asc","mode":"normal","first":"0","enable_toc":"0","toc_type":"normal"}]},"footnotes":""},"categories":[20],"tags":[],"class_list":["post-37307","post","type-post","status-publish","format-standard","has-post-thumbnail","hentry","category-municipales"],"jetpack_featured_media_url":"https:\/\/atecordoba.org\/wp-content\/uploads\/2023\/06\/WhatsApp-Image-2023-06-09-at-12.00.03-e1686334091788.jpeg","_links":{"self":[{"href":"https:\/\/atecordoba.org\/index.php?rest_route=\/wp\/v2\/posts\/37307","targetHints":{"allow":["GET"]}}],"collection":[{"href":"https:\/\/atecordoba.org\/index.php?rest_route=\/wp\/v2\/posts"}],"about":[{"href":"https:\/\/atecordoba.org\/index.php?rest_route=\/wp\/v2\/types\/post"}],"author":[{"embeddable":true,"href":"https:\/\/atecordoba.org\/index.php?rest_route=\/wp\/v2\/users\/7"}],"replies":[{"embeddable":true,"href":"https:\/\/atecordoba.org\/index.php?rest_route=%2Fwp%2Fv2%2Fcomments&post=37307"}],"version-history":[{"count":3,"href":"https:\/\/atecordoba.org\/index.php?rest_route=\/wp\/v2\/posts\/37307\/revisions"}],"predecessor-version":[{"id":37311,"href":"https:\/\/atecordoba.org\/index.php?rest_route=\/wp\/v2\/posts\/37307\/revisions\/37311"}],"wp:featuredmedia":[{"embeddable":true,"href":"https:\/\/atecordoba.org\/index.php?rest_route=\/wp\/v2\/media\/37308"}],"wp:attachment":[{"href":"https:\/\/atecordoba.org\/index.php?rest_route=%2Fwp%2Fv2%2Fmedia&parent=37307"}],"wp:term":[{"taxonomy":"category","embeddable":true,"href":"https:\/\/atecordoba.org\/index.php?rest_route=%2Fwp%2Fv2%2Fcategories&post=37307"},{"taxonomy":"post_tag","embeddable":true,"href":"https:\/\/atecordoba.org\/index.php?rest_route=%2Fwp%2Fv2%2Ftags&post=37307"}],"curies":[{"name":"wp","href":"https:\/\/api.w.org\/{rel}","templated":true}]}}