{"id":373,"date":"2010-05-06T17:36:13","date_gmt":"2010-05-06T20:36:13","guid":{"rendered":"http:\/\/www.atecordoba.org\/?p=373"},"modified":"2010-05-06T17:36:13","modified_gmt":"2010-05-06T20:36:13","slug":"ate-marcho-con-los-jubilados-a-la-legislatura","status":"publish","type":"post","link":"https:\/\/atecordoba.org\/?p=373","title":{"rendered":"ATE march\u00f3 con los jubilados a la Legislatura"},"content":{"rendered":"<p><img loading=\"lazy\" decoding=\"async\" class=\"aligncenter size-full wp-image-374\" title=\"arton38-86a56\" src=\"http:\/\/www.atecordoba.org\/wp-content\/uploads\/2012\/06\/arton38-86a56.jpg\" alt=\"\" width=\"440\" height=\"330\" \/><\/p>\n<p><strong>(C\u00f3rdoba, 6-5-2010)<\/strong><\/p>\n<p><strong>Una importante columna de trabajadores activos y jubilados march\u00f3 hoy a la Legislatura en rechazo, una vez m\u00e1s, de la pol\u00edtica previsional del gobierno de Juan Schiaretti.<\/strong><\/p>\n<p>Como integrante de la Comisi\u00f3n Permanente de Jubilados Nacionales y Provinciales de C\u00f3rdoba, ATE particip\u00f3 por la ma\u00f1ana, ya que el proyecto de ley de \u2018blanqueo salarial\u2019, que el gobierno envi\u00f3 a la Unicameral, es enga\u00f1oso y, en realidad, blanquea el despojo al que los trabajadores pasivos han sido sometidos los \u00faltimos 15 a\u00f1os.<\/p>\n<p>Consideramos que el mismo revalida el decreto 1777\/95 de Ram\u00f3n Mestre, ya declarado inconstitucional por la Corte Suprema de Justicia de la Naci\u00f3n, que perjudic\u00f3 seriamente el salario de los jubilados, pasando a cobrar el 67% de los haberes de los trabajadores activos.<\/p>\n<p>Para que no queden dudas, desde ATE apoyamos el blanqueo salarial, exigiendo el pase total de los no remunerativos y remunerativos al b\u00e1sico del trabajador en actividad, pero no una ley que disfraza su verdadera finalidad: legalizar el 82% del 82%, o sea el 67% del salario del activo. En definitiva, la liquidaci\u00f3n del 82% m\u00f3vil debe realizarse sobre el salario bruto, y no sobre el salario l\u00edquido, tal como ya lo determin\u00f3 la Corte.<\/p>\n<p>Por todo esto, concentramos a las 10.30 hs frente a la Caja de jubilaciones para marchar hasta la Unicameral, donde entregaremos un documento p\u00fablico a los bloques legislativos fijando nuestra posici\u00f3n.<\/p>\n<p>Para que todos los compa\u00f1eros puedan acceder a la posici\u00f3n integral respecto a los nuevos proyectos del goibierno provincial, que revalidan los viejos robos, disponemos a continuaci\u00f3n el documento elaborado conjuntamente por todas las organizaciones que integran la Comisi\u00f3n Permanente de Jubilados Nacionales y Provinciales de C\u00f3rdoba:<\/p>\n<p><strong>An\u00e1lisis del proyecto de ley de blanqueo salarial<\/strong><\/p>\n<p>Este documento tiene por objetivo alertar a la ciudadan\u00eda, legisladores y compa\u00f1eros trabajadores activos y pasivos para que reflexionemos acerca de los anuncios enga\u00f1osos sobre la \u201cLey de blanqueo salarial de sumas no remunerativas\u201d difundidos por el Gobierno provincial.<\/p>\n<p>\u00bfC\u00f3mo llegamos a esta situaci\u00f3n?<\/p>\n<p>En el proceso de armonizaci\u00f3n de la Ley 8024 con la Ley Nacional 24241, que persigue el objetivo final de colocar a los jubilados cordobeses en la misma situaci\u00f3n de indigencia de los jubilados nacionales, Schiaretti y su hist\u00f3rico c\u00f3mplice Jos\u00e9 Pihen han dado un nuevo paso.<\/p>\n<p>Para lograr esto han contado con la connivencia de gran parte de los medios de difusi\u00f3n orales, escritos y televisivos.<\/p>\n<p>As\u00ed, Laura Gonz\u00e1lez, periodista de La Voz del Interior, abon\u00f3 el camino al recorte y la estafa, con sus an\u00e1lisis fatalistas y distorsionados acerca del d\u00e9ficit de la Caja, generando en la poblaci\u00f3n animosidad contra la clase pasiva provincial, y tratando de privilegiados a los trabajadores cuyo \u00fanico pecado fue aportar por m\u00e1s de 30 a\u00f1os entre el 18% y el 22% de sus ingresos.<\/p>\n<p>Ante la permanente campa\u00f1a instalada acerca del d\u00e9ficit de nuestra Caja de Jubilaciones, hacemos nuestras las palabras escritas por el Dr. Pablo Ag\u00fcero Pi\u00f1ero en la nota de La Voz del Interior del 27\/04\/2010: \u201cel Estado provincial es quien tiene la carga de garantizar el r\u00e9gimen de seguridad social y sistema previsional que asegure las jubilaciones y pensiones m\u00f3viles, irreductibles, y proporcionales a la remuneraci\u00f3n del trabajador activo, tal como lo establecen los art\u00edculos 55 y 57 de la Constituci\u00f3n Provincial y el art. 5\u00ba de la Ley 8024\u201d.<\/p>\n<p>\u00bfPor qu\u00e9 el Gobierno de Juan Schiaretti plante\u00f3 una ley de blanqueo salarial de sumas no remunerativas, si s\u00f3lo hac\u00eda falta cumplir con la ley vigente?<\/p>\n<p>La Ley de Contrato de Trabajo proh\u00edbe los pagos no remunerativos, y los art\u00edculos 8 de la ley 8024 y 6 de la Ley 24241 establecen claramente que las sumas no remunerativas se deben tener en cuenta para el c\u00e1lculo del haber jubilatorio.<\/p>\n<p>En realidad, la ley es una excusa para adoptar el criterio del Tribunal superior de Justicia de la Provincia en los fallos \u2018Bossio\u2019 y \u2018Abacca\u2019, donde se establece el c\u00e1lculo de la jubilaci\u00f3n como el 82% del salario l\u00edquido del trabajador activo. O sea, ser\u00e1 el 82% del 82%, es decir el 67,24%, lo que cobrar\u00e1 el jubilado.<\/p>\n<p>As\u00ed, se reflota nuevamente el Decreto 1777\/95 con el que Ram\u00f3n Mestre disminuy\u00f3 las jubilaciones y que la Corte Suprema declarara inconstitucional en el fallo \u2018Iglesias\u2019.<\/p>\n<p>Esto que afirmamos se ratifica en las declaraciones de Giordano en la reuni\u00f3n conjunta de las comisiones de Econom\u00eda y Trabajo de la Unicameral del 4\/5\/2010, donde dijo: \u201cnecesitamos una ley para impedir que la Corte Suprema declare inconstitucional la medida, como pas\u00f3 con el decreto 1777\/95\u201d. Afirm\u00f3 tambi\u00e9n Giordano que la incorporaci\u00f3n de las sumas no remunerativas producir\u00e1 un beneficio para la Caja de 80 millones de pesos anuales por mayores aportes y contribuciones\u201d, lo que demuestra que los \u00faltimos 7 a\u00f1os se produjo un perjuicio a la instituci\u00f3n de, por lo menos, 600 millones de pesos que explican en gran medida el d\u00e9ficit que utiliza el gobierno para justificar las reformas previsionales en C\u00f3rdoba.<\/p>\n<p>Reafirmamos que los culpables del d\u00e9ficit son el Gobierno y los funcionarios que tienen responsabilidad solidaria por el mal manejo de los dineros de la Caja (art. 8 in fine de la Ley 8024).<\/p>\n<p>Si se reconoce la necesidad del blanqueo, se reconoce tambi\u00e9n el delito que se ha cometido al evadir el pago de aportes y contribuciones. Son evasores y merecen el reproche de la Ley penal por la autor\u00eda y complicidad en una actividad delictiva.<\/p>\n<p>De m\u00e1s est\u00e1 decir que acordamos con el blanqueo, una bandera de lucha que hemos levantado durante todos estos a\u00f1os. Pero exigimos que tales montos blanqueados sean incorporados al salario b\u00e1sico del activo y que el jubilado cobre el 82% del salario bruto.<\/p>\n","protected":false},"excerpt":{"rendered":"<p>(C\u00f3rdoba, 6-5-2010) Una importante columna de trabajadores activos y jubilados march\u00f3 hoy a la Legislatura en rechazo, una vez m\u00e1s, de la pol\u00edtica previsional del gobierno de Juan Schiaretti. Como integrante de la Comisi\u00f3n Permanente de Jubilados Nacionales y Provinciales de C\u00f3rdoba, ATE particip\u00f3 por la ma\u00f1ana, ya que el proyecto de ley de \u2018blanqueo [&hellip;]<\/p>\n","protected":false},"author":1,"featured_media":19220,"comment_status":"open","ping_status":"open","sticky":false,"template":"","format":"standard","meta":{"_exactmetrics_skip_tracking":false,"_exactmetrics_sitenote_active":false,"_exactmetrics_sitenote_note":"","_exactmetrics_sitenote_category":0,"jnews-multi-image_gallery":[],"jnews_single_post":[],"jnews_primary_category":[],"jnews_social_meta":[],"jnews_review":[],"enable_review":"","type":"","name":"","summary":"","brand":"","sku":"","good":[],"bad":[],"score_override":"","override_value":"","rating":[],"price":[],"jnews_override_counter":[],"jnews_post_split":[],"footnotes":""},"categories":[22],"tags":[23],"class_list":["post-373","post","type-post","status-publish","format-standard","has-post-thumbnail","hentry","category-jubilados","tag-jubilados-2"],"jetpack_featured_media_url":"https:\/\/atecordoba.org\/wp-content\/uploads\/2020\/05\/logo-nuevochico-e1561581322808.png","_links":{"self":[{"href":"https:\/\/atecordoba.org\/index.php?rest_route=\/wp\/v2\/posts\/373","targetHints":{"allow":["GET"]}}],"collection":[{"href":"https:\/\/atecordoba.org\/index.php?rest_route=\/wp\/v2\/posts"}],"about":[{"href":"https:\/\/atecordoba.org\/index.php?rest_route=\/wp\/v2\/types\/post"}],"author":[{"embeddable":true,"href":"https:\/\/atecordoba.org\/index.php?rest_route=\/wp\/v2\/users\/1"}],"replies":[{"embeddable":true,"href":"https:\/\/atecordoba.org\/index.php?rest_route=%2Fwp%2Fv2%2Fcomments&post=373"}],"version-history":[{"count":0,"href":"https:\/\/atecordoba.org\/index.php?rest_route=\/wp\/v2\/posts\/373\/revisions"}],"wp:featuredmedia":[{"embeddable":true,"href":"https:\/\/atecordoba.org\/index.php?rest_route=\/wp\/v2\/media\/19220"}],"wp:attachment":[{"href":"https:\/\/atecordoba.org\/index.php?rest_route=%2Fwp%2Fv2%2Fmedia&parent=373"}],"wp:term":[{"taxonomy":"category","embeddable":true,"href":"https:\/\/atecordoba.org\/index.php?rest_route=%2Fwp%2Fv2%2Fcategories&post=373"},{"taxonomy":"post_tag","embeddable":true,"href":"https:\/\/atecordoba.org\/index.php?rest_route=%2Fwp%2Fv2%2Ftags&post=373"}],"curies":[{"name":"wp","href":"https:\/\/api.w.org\/{rel}","templated":true}]}}