{"id":3727,"date":"2013-12-19T14:21:34","date_gmt":"2013-12-19T17:21:34","guid":{"rendered":"http:\/\/www.atecordoba.org\/?p=3727"},"modified":"2013-12-19T14:21:34","modified_gmt":"2013-12-19T17:21:34","slug":"a-pesar-de-las-amenazas-los-hospitales-se-movilizaron-masivamente","status":"publish","type":"post","link":"https:\/\/atecordoba.org\/?p=3727","title":{"rendered":"A pesar de las amenazas, los hospitales se movilizaron masivamente"},"content":{"rendered":"<p><em>En respuesta a los aprietes del ministro de Salud, los trabajadores del sector hospitalario se movilizaron en el marco del paro dispuesto por ATE. &#8220;Esta lucha sigue, no nos van a amedrentar&#8221;, dijo, nuestra secretaria General, \u00a0Mar\u00eda Teresa Romero.<\/em><\/p>\n<p style=\"text-align: center;\"><img loading=\"lazy\" decoding=\"async\" class=\"ngg-singlepic ngg-none aligncenter\" alt=\"11\" src=\"http:\/\/www.atecordoba.org\/wp-content\/gallery\/19-12-marcha-salud\/11.png\" width=\"640\" height=\"480\" \/><\/p>\n<p style=\"text-align: left;\">Una multitudinaria movilizaci\u00f3n coron\u00f3 hoy el plan de lucha que ATE viene desarrollando en los hospitales provinciales en reclamo de un salario b\u00e1sico categor\u00eda inicial que iguales la canasta familiar, pase a planta permanente de contratos y monotributos y en defensa de la salud p\u00fablica.<\/p>\n<p style=\"text-align: left;\">La marcha se realiz\u00f3 en el marco del paro nacional que ATE resolvi\u00f3 en l\u00ednea con la jornada nacional de lucha que impulsa nuestra CTA en todo el pa\u00eds. Los trabajadores hicieron abandono de tareas a las 8 horas y comenzaron a concentrarse en el Polo Sanitario a partir de las 9. La <img loading=\"lazy\" decoding=\"async\" class=\"ngg-singlepic ngg-none alignright\" alt=\"17\" src=\"http:\/\/www.atecordoba.org\/wp-content\/gallery\/19-12-marcha-salud\/17.png\" width=\"336\" height=\"252\" \/>concentraci\u00f3n cont\u00f3 con la presencia de compa\u00f1eros de M\u00e9dicos Unidos y UTS, desde las agrupaciones hospitalarias, as\u00ed como de\u00a0la CTA, la Corriente Sindical del MTS, el Cispren y de partidos de izquierda que integran el FIT.<\/p>\n<p style=\"text-align: left;\">La medida se concret\u00f3 con un \u00e9xito absoluto, a pesar que el ministro de Salud, Francisco Fortuna, sali\u00f3 ayer a amenazar con descuentos de haberes para quienes adhirieran al paro. Sin embargo, m\u00e1s de 3 mil compa\u00f1eros le respondieron en las calles de C\u00f3rdoba, dando cuenta de la fortaleza del plan de lucha. Adem\u00e1s, el gobierno acord\u00f3 un bono navide\u00f1o con un sindicato que perdi\u00f3 la representatividad en el sector, con el objetivo de descomprimir el conflicto. Pero lejos de ello los compa\u00f1eros profundizaron la lucha.<\/p>\n<p style=\"text-align: left;\">En ese sentido, contin\u00faan ocupados los hospitales:\u00a0Rawson, de Ni\u00f1os, San Roque, Tr\u00e1nsito C\u00e1ceres de Allende, C\u00f3rdoba, Misericordia, Maternidad Provincial, Neuropsiqui\u00e1trico y Neonatal. De la misma forma, proseguir\u00e1 la ocupaci\u00f3n de los centros de salud IPAD y Casa del Joven.<\/p>\n<p style=\"text-align: left;\">La columna march\u00f3 desde el Polo Sanitario hasta el Patio Olmos, esquina c\u00e9ntrica donde tradicionalmente finalizan las movilizaciones. Al paso de los manifestantes, los vecinos saludaban desde los balcones y las bocinas de los autos acompa\u00f1aban los c\u00e1nticos y reclamos.<\/p>\n<p style=\"text-align: left;\"><img loading=\"lazy\" decoding=\"async\" class=\"ngg-singlepic ngg-none alignleft\" alt=\"19\" src=\"http:\/\/www.atecordoba.org\/wp-content\/gallery\/19-12-marcha-salud\/19.png\" width=\"302\" height=\"227\" \/>&#8220;Esta dignidad que mostramos para defender el salario y la salud p\u00fablica es la clara respuesta a un gobierno provincial que s\u00f3lo sabe salir a amenazar a los trabajadores. Tenemos m\u00e1s que perder si nos callamos, si dejamos de pelear por nuestras convicciones. Lo hacemos en C\u00f3rdoba y estamos en todo el pa\u00eds planteando lo mismo, en el marco del paro de la CTA&#8221;, dijo \u00a0Mar\u00eda Teresa Romero, secretaria General de ATE C\u00f3rdoba ante la multitud que permaneci\u00f3 firme en el lugar a pesar del calor reinante.<\/p>\n<p style=\"text-align: left;\">Romero reclam\u00f3 al ministro de Salud que respete la ley y convoque a paritarias. &#8220;Que entiendan que no nos van a amedrentar ninguneando a ATE porque ac\u00e1 est\u00e1 presente la verdadera representatibidad de los trabajadores de la salud. Este gobierno tiene una deuda de 14 a\u00f1os con la salud p\u00fablica y no vamos a bajar los brazos en este momento&#8221;, afirm\u00f3.<\/p>\n<p style=\"text-align: left;\">La dirigente salud\u00f3 a los compa\u00f1eros que permanecieron de guardia durante la marcha &#8220;que demuestran que no somos nosotros quienes abandonamos al pueblo sino el propio gobierno que dej\u00f3 echada a su suerte a la salud p\u00fablica, m\u00e1s all\u00e1 de lo que digan algunos funcionarios en la prensa. Como dice la canci\u00f3n: la salud del pueblo no se vende, la salud del pueblo se defiende&#8221;.<\/p>\n<p style=\"text-align: left;\">A su turno, Oscar Mengarelli, secretario General de la CTA C\u00f3rdoba, rescat\u00f3 el papel de los delegados que sostienen el plan de lucha a pesar de los <img loading=\"lazy\" decoding=\"async\" class=\"ngg-singlepic ngg-none alignright\" alt=\"26\" src=\"http:\/\/www.atecordoba.org\/wp-content\/gallery\/19-12-marcha-salud\/26.png\" width=\"252\" height=\"336\" \/>aprietes oficiales. &#8220;No pudo detenernos Fortuna con sus amenazas. Por m\u00e1s que quieran dividirnos con el pueblo, todo el mundo sabe que somos nosotros los que le ponemos racionalidad a esta situaci\u00f3n, garantizando los servicios esenciales y atendiendo las urgencias que surjan. El gobierno es quien llev\u00f3 a la salud a la crisis que hoy vivimos por su irresponsabilidad pol\u00edtica&#8221;.<\/p>\n<p style=\"text-align: left;\">Mengarelli denunci\u00f3 que en vez de invertir en los hospitales, el gobierno busca &#8220;hacer negocios con los terrenos del Santa Mar\u00eda de Punilla y la colonia neuropsiqui\u00e1trica de Oliva. Los pacientes dejaron de ser sujetos de derechos, son los que m\u00e1s sufren este sistema perverso que se instrument\u00f3 durante la \u00faltima d\u00e9cada. Si no estuviesen los trabajadores hoy no tendr\u00edamos salud p\u00fablica en C\u00f3rdoba&#8221;.<\/p>\n<p style=\"text-align: left;\">Al finalizar el acto, ATE dispuso que se realicen asambleas,\u00a0ma\u00f1ana viernes,\u00a0en todos los nosocomios a los efectos de evaluar la marcha de hoy, a fin que los trabajadores propongan acciones y planifiquen los pasos a seguir en la continuidad del plan de lucha.<\/p>\n<p style=\"text-align: left;\">\n<p style=\"text-align: center;\"><img loading=\"lazy\" decoding=\"async\" class=\"ngg-singlepic ngg-none aligncenter\" alt=\"23\" src=\"http:\/\/www.atecordoba.org\/wp-content\/gallery\/19-12-marcha-salud\/23.png\" width=\"480\" height=\"360\" \/><\/p>\n<p style=\"text-align: center;\"><img loading=\"lazy\" decoding=\"async\" class=\"ngg-singlepic ngg-none aligncenter\" alt=\"21\" src=\"http:\/\/www.atecordoba.org\/wp-content\/gallery\/19-12-marcha-salud\/21.png\" width=\"560\" height=\"420\" \/><\/p>\n<p style=\"text-align: center;\"><img loading=\"lazy\" decoding=\"async\" class=\"ngg-singlepic ngg-none aligncenter\" alt=\"2\" src=\"http:\/\/www.atecordoba.org\/wp-content\/gallery\/19-12-marcha-salud\/2.png\" width=\"560\" height=\"420\" \/><\/p>\n<p style=\"text-align: center;\"><img loading=\"lazy\" decoding=\"async\" class=\"ngg-singlepic ngg-none aligncenter\" alt=\"12\" src=\"http:\/\/www.atecordoba.org\/wp-content\/gallery\/19-12-marcha-salud\/12.png\" width=\"560\" height=\"420\" \/><\/p>\n<p style=\"text-align: center;\"><img loading=\"lazy\" decoding=\"async\" class=\"ngg-singlepic ngg-none aligncenter\" alt=\"9\" src=\"http:\/\/www.atecordoba.org\/wp-content\/gallery\/19-12-marcha-salud\/9.png\" width=\"560\" height=\"420\" \/><\/p>\n<p style=\"text-align: center;\"><img loading=\"lazy\" decoding=\"async\" class=\"ngg-singlepic ngg-none aligncenter\" alt=\"31\" src=\"http:\/\/www.atecordoba.org\/wp-content\/gallery\/19-12-marcha-salud\/31.png\" width=\"560\" height=\"420\" \/><\/p>\n<p style=\"text-align: center;\"><img loading=\"lazy\" decoding=\"async\" class=\"ngg-singlepic ngg-none aligncenter\" alt=\"4\" src=\"http:\/\/www.atecordoba.org\/wp-content\/gallery\/19-12-marcha-salud\/4.png\" width=\"560\" height=\"420\" \/><\/p>\n","protected":false},"excerpt":{"rendered":"<p>En respuesta a los aprietes del ministro de Salud, los trabajadores del sector hospitalario se movilizaron en el marco del paro dispuesto por ATE. &#8220;Esta lucha sigue, no nos van a amedrentar&#8221;, dijo, nuestra secretaria General, \u00a0Mar\u00eda Teresa Romero. Una multitudinaria movilizaci\u00f3n coron\u00f3 hoy el plan de lucha que ATE viene desarrollando en los hospitales [&hellip;]<\/p>\n","protected":false},"author":1,"featured_media":19220,"comment_status":"open","ping_status":"open","sticky":false,"template":"","format":"standard","meta":{"_exactmetrics_skip_tracking":false,"_exactmetrics_sitenote_active":false,"_exactmetrics_sitenote_note":"","_exactmetrics_sitenote_category":0,"jnews-multi-image_gallery":[],"jnews_single_post":[],"jnews_primary_category":[],"jnews_social_meta":[],"jnews_review":[],"enable_review":"","type":"","name":"","summary":"","brand":"","sku":"","good":[],"bad":[],"score_override":"","override_value":"","rating":[],"price":[],"jnews_override_counter":[],"jnews_post_split":[],"footnotes":""},"categories":[7,8],"tags":[],"class_list":["post-3727","post","type-post","status-publish","format-standard","has-post-thumbnail","hentry","category-hospitales","category-provinciales"],"jetpack_featured_media_url":"https:\/\/atecordoba.org\/wp-content\/uploads\/2020\/05\/logo-nuevochico-e1561581322808.png","_links":{"self":[{"href":"https:\/\/atecordoba.org\/index.php?rest_route=\/wp\/v2\/posts\/3727","targetHints":{"allow":["GET"]}}],"collection":[{"href":"https:\/\/atecordoba.org\/index.php?rest_route=\/wp\/v2\/posts"}],"about":[{"href":"https:\/\/atecordoba.org\/index.php?rest_route=\/wp\/v2\/types\/post"}],"author":[{"embeddable":true,"href":"https:\/\/atecordoba.org\/index.php?rest_route=\/wp\/v2\/users\/1"}],"replies":[{"embeddable":true,"href":"https:\/\/atecordoba.org\/index.php?rest_route=%2Fwp%2Fv2%2Fcomments&post=3727"}],"version-history":[{"count":0,"href":"https:\/\/atecordoba.org\/index.php?rest_route=\/wp\/v2\/posts\/3727\/revisions"}],"wp:featuredmedia":[{"embeddable":true,"href":"https:\/\/atecordoba.org\/index.php?rest_route=\/wp\/v2\/media\/19220"}],"wp:attachment":[{"href":"https:\/\/atecordoba.org\/index.php?rest_route=%2Fwp%2Fv2%2Fmedia&parent=3727"}],"wp:term":[{"taxonomy":"category","embeddable":true,"href":"https:\/\/atecordoba.org\/index.php?rest_route=%2Fwp%2Fv2%2Fcategories&post=3727"},{"taxonomy":"post_tag","embeddable":true,"href":"https:\/\/atecordoba.org\/index.php?rest_route=%2Fwp%2Fv2%2Ftags&post=3727"}],"curies":[{"name":"wp","href":"https:\/\/api.w.org\/{rel}","templated":true}]}}