{"id":37261,"date":"2023-06-08T13:54:45","date_gmt":"2023-06-08T16:54:45","guid":{"rendered":"https:\/\/atecordoba.org\/?p=37261"},"modified":"2023-06-09T15:26:31","modified_gmt":"2023-06-09T18:26:31","slug":"ate-cordoba-repudia-el-atentado-de-la-burocracia-sindical-contra-trabajadores-en-la-fabrica-militar-de-rio-tercero","status":"publish","type":"post","link":"https:\/\/atecordoba.org\/?p=37261","title":{"rendered":"ATE C\u00f3rdoba repudia el atentado de la burocracia sindical contra trabajadores en la F\u00e1brica Militar de R\u00edo Tercero"},"content":{"rendered":"\n<div class=\"wp-block-image\"><figure class=\"aligncenter size-large is-resized\"><img loading=\"lazy\" decoding=\"async\" src=\"https:\/\/atecordoba.org\/wp-content\/uploads\/2023\/06\/WhatsApp-Image-2023-06-08-at-13.44.58-1024x1024.jpeg\" alt=\"\" class=\"wp-image-37262\" width=\"768\" height=\"768\" \/><\/figure><\/div>\n\n\n\n<p>El Consejo Directivo Provincial de ATE C\u00f3rdoba repudia en\u00e9rgicamente el mensaje mafioso que recibieron dos trabajadores de la F\u00e1brica Militar de R\u00edo Tercero, padre e hijo, en evidente intento de amedrentamiento por su compromiso y militancia sindical para la renovaci\u00f3n de la conducci\u00f3n de la seccional ATE R\u00edo Tercero, en las elecciones de agosto pr\u00f3ximo.<\/p>\n\n\n\n<p>Flavio y Franco Suarez fueron amenazados esta ma\u00f1ana con un bid\u00f3n de nafta a su nombre, depositado al lado de una mesa de trabajo, lo que significa un grave riesgo para quien trabaje all\u00ed porque funcionan m\u00e1quinas que emiten chispas, como amoladoras y soldadoras. De saltar una chispa sobre el bid\u00f3n estar\u00edamos lamentando una tragedia a estas horas.<\/p>\n\n\n\n<p>Desde ATE C\u00f3rdoba creemos que el hecho constituye un d\u00eda negro para nuestra democracia interna, una situaci\u00f3n que no ten\u00edamos registro en la provincia, donde siempre dirimimos nuestras diferencias pol\u00edticas en el marco fraterno que fija la normativa estatutaria.<\/p>\n\n\n\n<p>En ese contexto, el Consejo Directivo Provincial trasladar\u00e1 la situaci\u00f3n a la conducci\u00f3n nacional de ATE para que tome medidas urgentes y rigurosas a los fines de obturar un camino de violencia que nos perjudica a todos.<\/p>\n\n\n\n<p>Al mismo tiempo, desde la F\u00e1brica Militar dar\u00e1n intervenci\u00f3n judicial para investigar el origen concreto de la amenaza, dado que Suarez padre, con 17 a\u00f1os de antig\u00fcedad en el sector, ya hab\u00eda recibido otro tipo de amenazas an\u00f3nimas hace algunos meses, cuando perfilaba como integrante de la lista opositora a la conducci\u00f3n actual de la seccional.<\/p>\n\n\n\n<p>Por \u00faltimo, no podemos dejar de hacer referencia a la carga simb\u00f3lica de la amenaza por tratarse de la F\u00e1brica Militar que explot\u00f3 por un atentado en 1995, tragedia que aun hoy marca la memoria de toda la ciudad.<\/p>\n\n\n\n<p>Instamos a terminar con este tipo de pr\u00e1cticas de la burocracia sindical, que son ajenas a la historia de ATE, y alentamos a las y los afiliados a participar de las elecciones de agosto para renovar, libre de violencias, la pol\u00edtica de nuestra organizaci\u00f3n en R\u00edo Tercero.<\/p>\n\n\n\n<p class=\"has-text-align-center\">Federico Giuliani<\/p>\n\n\n\n<p class=\"has-text-align-center\">Secretario General<\/p>\n\n\n\n<p class=\"has-text-align-center\">ATE C\u00f3rdoba<\/p>\n","protected":false},"excerpt":{"rendered":"<p>El Consejo Directivo Provincial de ATE C\u00f3rdoba repudia en\u00e9rgicamente el mensaje mafioso que recibieron dos trabajadores de la F\u00e1brica Militar de R\u00edo Tercero, padre e hijo, en evidente intento de amedrentamiento por su compromiso y militancia sindical para la renovaci\u00f3n de la conducci\u00f3n de la seccional ATE R\u00edo Tercero, en las elecciones de agosto pr\u00f3ximo. [&hellip;]<\/p>\n","protected":false},"author":7,"featured_media":37262,"comment_status":"open","ping_status":"open","sticky":false,"template":"","format":"standard","meta":{"_exactmetrics_skip_tracking":false,"_exactmetrics_sitenote_active":false,"_exactmetrics_sitenote_note":"","_exactmetrics_sitenote_category":0,"jnews-multi-image_gallery":[],"jnews_single_post":{"subtitle":"Instamos a terminar con este tipo de pr\u00e1cticas de la burocracia sindical, que son ajenas a la historia de ATE, y alentamos a las y los afiliados a participar de las elecciones de agosto para renovar, libre de violencias, la pol\u00edtica de nuestra organizaci\u00f3n en la Seccional.","format":"standard","video":"","gallery":"","source_name":"","source_url":"","via_name":"","via_url":"","override_template":"0","override":[{"template":"1","single_blog_custom":"","parallax":"1","fullscreen":"1","layout":"right-sidebar","sidebar":"default-sidebar","second_sidebar":"default-sidebar","sticky_sidebar":"1","share_position":"top","share_float_style":"share-monocrhome","show_share_counter":"1","show_view_counter":"1","show_featured":"1","show_post_meta":"1","show_post_author":"1","show_post_author_image":"1","show_post_date":"1","post_date_format":"default","post_date_format_custom":"Y\/m\/d","show_post_category":"1","show_post_reading_time":"0","post_reading_time_wpm":"300","show_zoom_button":"0","zoom_button_out_step":"2","zoom_button_in_step":"3","show_post_tag":"1","show_prev_next_post":"1","show_popup_post":"1","number_popup_post":"1","show_author_box":"0","show_post_related":"0","show_inline_post_related":"0"}],"override_image_size":"0","image_override":[{"single_post_thumbnail_size":"crop-500","single_post_gallery_size":"crop-500"}],"trending_post":"0","trending_post_position":"meta","trending_post_label":"Trending","sponsored_post":"0","sponsored_post_label":"Sponsored by","sponsored_post_name":"","sponsored_post_url":"","sponsored_post_logo_enable":"0","sponsored_post_logo":"","sponsored_post_desc":"","disable_ad":"0"},"jnews_primary_category":{"id":""},"jnews_social_meta":{"fb_title":"","fb_description":"","fb_image":"","twitter_title":"","twitter_description":"","twitter_image":""},"jnews_review":[],"enable_review":"0","type":"percentage","name":"","summary":"","brand":"","sku":"","good":[{"good_text":""}],"bad":[{"bad_text":""}],"score_override":"","override_value":"","rating":[{"rating_text":"","rating_number":"10"}],"price":[{"shop":"","price":"","link":"","icon":""}],"jnews_override_counter":{"override_view_counter":"0","view_counter_number":"0","override_share_counter":"0","share_counter_number":"0","override_like_counter":"0","like_counter_number":"0","override_dislike_counter":"0","dislike_counter_number":"0"},"jnews_post_split":{"enable_post_split":"0","post_split":[{"template":"1","tag":"h2","numbering":"asc","mode":"normal","first":"0","enable_toc":"0","toc_type":"normal"}]},"footnotes":""},"categories":[53],"tags":[],"class_list":["post-37261","post","type-post","status-publish","format-standard","has-post-thumbnail","hentry","category-comunicados-de-prensa"],"jetpack_featured_media_url":"https:\/\/atecordoba.org\/wp-content\/uploads\/2023\/06\/WhatsApp-Image-2023-06-08-at-13.44.58-e1686243277793.jpeg","_links":{"self":[{"href":"https:\/\/atecordoba.org\/index.php?rest_route=\/wp\/v2\/posts\/37261","targetHints":{"allow":["GET"]}}],"collection":[{"href":"https:\/\/atecordoba.org\/index.php?rest_route=\/wp\/v2\/posts"}],"about":[{"href":"https:\/\/atecordoba.org\/index.php?rest_route=\/wp\/v2\/types\/post"}],"author":[{"embeddable":true,"href":"https:\/\/atecordoba.org\/index.php?rest_route=\/wp\/v2\/users\/7"}],"replies":[{"embeddable":true,"href":"https:\/\/atecordoba.org\/index.php?rest_route=%2Fwp%2Fv2%2Fcomments&post=37261"}],"version-history":[{"count":3,"href":"https:\/\/atecordoba.org\/index.php?rest_route=\/wp\/v2\/posts\/37261\/revisions"}],"predecessor-version":[{"id":37266,"href":"https:\/\/atecordoba.org\/index.php?rest_route=\/wp\/v2\/posts\/37261\/revisions\/37266"}],"wp:featuredmedia":[{"embeddable":true,"href":"https:\/\/atecordoba.org\/index.php?rest_route=\/wp\/v2\/media\/37262"}],"wp:attachment":[{"href":"https:\/\/atecordoba.org\/index.php?rest_route=%2Fwp%2Fv2%2Fmedia&parent=37261"}],"wp:term":[{"taxonomy":"category","embeddable":true,"href":"https:\/\/atecordoba.org\/index.php?rest_route=%2Fwp%2Fv2%2Fcategories&post=37261"},{"taxonomy":"post_tag","embeddable":true,"href":"https:\/\/atecordoba.org\/index.php?rest_route=%2Fwp%2Fv2%2Ftags&post=37261"}],"curies":[{"name":"wp","href":"https:\/\/api.w.org\/{rel}","templated":true}]}}