{"id":3721,"date":"2013-12-18T16:15:53","date_gmt":"2013-12-18T19:15:53","guid":{"rendered":"http:\/\/www.atecordoba.org\/?p=3721"},"modified":"2013-12-18T16:15:53","modified_gmt":"2013-12-18T19:15:53","slug":"asamblea-en-el-hospital-neonatal-resolvio-adherir-al-paro-de-ate","status":"publish","type":"post","link":"https:\/\/atecordoba.org\/?p=3721","title":{"rendered":"Asamblea en el hospital Neonatal resolvi\u00f3 adherir al paro de ATE"},"content":{"rendered":"<p><em>En una multitudinaria asamblea realizada hoy por la ma\u00f1ana en el hospital Neonatal, los trabajadores resolvieron continuar con el plan de lucha, continuar con la ocupaci\u00f3n del centro de salud y adherir al paro de actividades que convoca ATE para ma\u00f1ana jueves 19 de diciembre. El hospital de Unquillo tambi\u00e9n repudio el bono de fin de a\u00f1o.<\/em><\/p>\n<figure id=\"attachment_3722\" aria-describedby=\"caption-attachment-3722\" style=\"width: 640px\" class=\"wp-caption aligncenter\"><a href=\"http:\/\/www.atecordoba.org\/wp-content\/uploads\/2013\/12\/21.png\"><img loading=\"lazy\" decoding=\"async\" class=\" wp-image-3722\" alt=\"2\" src=\"http:\/\/www.atecordoba.org\/wp-content\/uploads\/2013\/12\/21.png\" width=\"640\" height=\"479\" \/><\/a><figcaption id=\"caption-attachment-3722\" class=\"wp-caption-text\">Asamblea en el ingreso del Hospital Neonatal<\/figcaption><\/figure>\n<p>En la oportunidad, la directora del hospital, Liliana Asis, baj\u00f3 a la asamblea donde recibi\u00f3 duros cuestionamientos de los compa\u00f1eros a causa de diversos problemas que muestra la instituci\u00f3n, como falta de personal \u00a0y de insumos. Los trabajadores denunciaron que est\u00e1n sobrecargados de tareas y los problemas se incrementar\u00e1n en breve porque muchos compa\u00f1eros saldr\u00e1n de licencia por vacaciones.<\/p>\n<p>En consecuencia, los trabajadores del Neonatal har\u00e1n abandono de tareas a partir de las 8 horas para concentrar en el Polo Sanitario a las 9 horas, conjuntamente con el resto de los compa\u00f1eros que se encuentran en conflicto.<\/p>\n<p><b>Hospital provincial de Unquillo<\/b><\/p>\n<p>En una asamblea realizada esta ma\u00f1ana, los trabajadores del hospital Profesor Jos\u00e9 Miguel Urrutia, de Unquillo, rechazaron el bono de fin de a\u00f1o que tiene previsto otorgar el gobierno provincial.<\/p>\n<p>La reuni\u00f3n cont\u00f3 con la participaci\u00f3n de nuestra secretaria General, Mar\u00eda Teresa Romero, que explic\u00f3 la pol\u00edtica de ATE para el sector salud y dio fundamentos al rechazo de ese pago extra salarial. En ese sentido, los compa\u00f1eros ratificaron que reclaman una recomposici\u00f3n salarial que eleve el salario categor\u00eda inicial al nivel de la canasta familiar.<\/p>\n<p><b>Transito C\u00e1ceres de Allende<\/b><\/p>\n<figure id=\"attachment_3723\" aria-describedby=\"caption-attachment-3723\" style=\"width: 336px\" class=\"wp-caption alignleft\"><a href=\"http:\/\/www.atecordoba.org\/wp-content\/uploads\/2013\/12\/12.png\"><img loading=\"lazy\" decoding=\"async\" class=\" wp-image-3723  \" alt=\"1\" src=\"http:\/\/www.atecordoba.org\/wp-content\/uploads\/2013\/12\/12.png\" width=\"336\" height=\"251\" \/><\/a><figcaption id=\"caption-attachment-3723\" class=\"wp-caption-text\">Mesa de atenci\u00f3n a pacientes brind\u00f3 recetas de medicamentos<\/figcaption><\/figure>\n<p>Ante la demanda de la poblaci\u00f3n por recetas de medicamentos, la asamblea del Transito C\u00e1ceres de Allende resolvi\u00f3 disponer de una mesa de atenci\u00f3n afuera del edificio del hospital a los efectos de paliar la falta de medicamentos de los pacientes.<\/p>\n<p>De esta forma, los trabajadores contin\u00faan con las medidas de fuerza que vienen llevando a cabo desde hace meses, ratificando la ocupaci\u00f3n del edificio, cerrando el turnero y s\u00f3lo garantizando la atenci\u00f3n de urgencias; pero al mismo tiempo los compa\u00f1eros dieron una muestra de contener los reclamos de la comunidad.<\/p>\n<p>El Tr\u00e1nsito es uno de los centros de salud que viene sosteniendo el plan de lucha desde septiembre pasado.<\/p>\n<p>&nbsp;<\/p>\n","protected":false},"excerpt":{"rendered":"<p>En una multitudinaria asamblea realizada hoy por la ma\u00f1ana en el hospital Neonatal, los trabajadores resolvieron continuar con el plan de lucha, continuar con la ocupaci\u00f3n del centro de salud y adherir al paro de actividades que convoca ATE para ma\u00f1ana jueves 19 de diciembre. El hospital de Unquillo tambi\u00e9n repudio el bono de fin [&hellip;]<\/p>\n","protected":false},"author":1,"featured_media":19220,"comment_status":"open","ping_status":"open","sticky":false,"template":"","format":"standard","meta":{"_exactmetrics_skip_tracking":false,"_exactmetrics_sitenote_active":false,"_exactmetrics_sitenote_note":"","_exactmetrics_sitenote_category":0,"jnews-multi-image_gallery":[],"jnews_single_post":[],"jnews_primary_category":[],"jnews_social_meta":[],"jnews_review":[],"enable_review":"","type":"","name":"","summary":"","brand":"","sku":"","good":[],"bad":[],"score_override":"","override_value":"","rating":[],"price":[],"jnews_override_counter":[],"jnews_post_split":[],"footnotes":""},"categories":[7,8],"tags":[],"class_list":["post-3721","post","type-post","status-publish","format-standard","has-post-thumbnail","hentry","category-hospitales","category-provinciales"],"jetpack_featured_media_url":"https:\/\/atecordoba.org\/wp-content\/uploads\/2020\/05\/logo-nuevochico-e1561581322808.png","_links":{"self":[{"href":"https:\/\/atecordoba.org\/index.php?rest_route=\/wp\/v2\/posts\/3721","targetHints":{"allow":["GET"]}}],"collection":[{"href":"https:\/\/atecordoba.org\/index.php?rest_route=\/wp\/v2\/posts"}],"about":[{"href":"https:\/\/atecordoba.org\/index.php?rest_route=\/wp\/v2\/types\/post"}],"author":[{"embeddable":true,"href":"https:\/\/atecordoba.org\/index.php?rest_route=\/wp\/v2\/users\/1"}],"replies":[{"embeddable":true,"href":"https:\/\/atecordoba.org\/index.php?rest_route=%2Fwp%2Fv2%2Fcomments&post=3721"}],"version-history":[{"count":0,"href":"https:\/\/atecordoba.org\/index.php?rest_route=\/wp\/v2\/posts\/3721\/revisions"}],"wp:featuredmedia":[{"embeddable":true,"href":"https:\/\/atecordoba.org\/index.php?rest_route=\/wp\/v2\/media\/19220"}],"wp:attachment":[{"href":"https:\/\/atecordoba.org\/index.php?rest_route=%2Fwp%2Fv2%2Fmedia&parent=3721"}],"wp:term":[{"taxonomy":"category","embeddable":true,"href":"https:\/\/atecordoba.org\/index.php?rest_route=%2Fwp%2Fv2%2Fcategories&post=3721"},{"taxonomy":"post_tag","embeddable":true,"href":"https:\/\/atecordoba.org\/index.php?rest_route=%2Fwp%2Fv2%2Ftags&post=3721"}],"curies":[{"name":"wp","href":"https:\/\/api.w.org\/{rel}","templated":true}]}}