{"id":3718,"date":"2013-12-17T17:03:39","date_gmt":"2013-12-17T20:03:39","guid":{"rendered":"http:\/\/www.atecordoba.org\/?p=3718"},"modified":"2013-12-17T17:03:39","modified_gmt":"2013-12-17T20:03:39","slug":"hospitales-marcharan-el-jueves-por-salario-pase-a-planta-y-en-defensa-de-la-salud-publica","status":"publish","type":"post","link":"https:\/\/atecordoba.org\/?p=3718","title":{"rendered":"Hospitales marchar\u00e1n el jueves por salario, pase a planta y en defensa de la salud p\u00fablica"},"content":{"rendered":"<p><em>En una masiva asamblea general realizada hoy al medio d\u00eda en el Polo Sanitario, los trabajadores de los hospitales resolvieron marchar el jueves en continuidad con el plan de lucha que mantienen desde septiembre pasado.<\/em><\/p>\n<figure style=\"width: 560px\" class=\"wp-caption aligncenter\"><img loading=\"lazy\" decoding=\"async\" class=\"ngg-singlepic ngg-none \" alt=\"1\" src=\"http:\/\/www.atecordoba.org\/wp-content\/gallery\/polo-sanitario-17-12\/1.png\" width=\"560\" height=\"420\" \/><figcaption class=\"wp-caption-text\">Acto durante la asamblea general en el polo sanitario. Habla Mar\u00eda Teresa Romero, secretaria General de ATE<\/figcaption><\/figure>\n<p>Los compa\u00f1eros resolvieron, de acuerdo al mandato de las asambleas de los distintos centros de salud, realizar abandono de tareas a las 8 horas para concentrar a partir de las 9 en el Polo Sanitario y movilizarnos por las calles de C\u00f3rdoba. Al mismo tiempo, se confirm\u00f3 el mantenimiento de las ocupaciones de los hospitales.<\/p>\n<p>La medida se llevar\u00e1 a cabo en el marco del paro nacional que desarrollar\u00e1 ATE en todo el pa\u00eds, tras la convocatoria que realiz\u00f3 la CTA para reclamar por salarios dignos.<\/p>\n<p>En la actualidad se encuentran ocupados los hospitales:\u00a0Rawson, de Ni\u00f1os, San Roque, Tr\u00e1nsito C\u00e1ceres de Allende, C\u00f3rdoba, Misericordia, Maternidad Provincial, Neuropsiqui\u00e1trico. De la misma forma, proseguir\u00e1 la ocupaci\u00f3n de los centros de salud IPAD y Casa del Joven.<\/p>\n<p>Para la movilizaci\u00f3n del jueves est\u00e1 confirmada la participaci\u00f3n de compa\u00f1eros del interior de la provincia con delegaciones provenientes de Villa Mar\u00eda, Jes\u00fas Mar\u00eda, R\u00edo Tercero y San Francisco.<\/p>\n<p>Vale se\u00f1alar que ATE contin\u00faa las medidas de fuerza por una recomposici\u00f3n salarial que equilibre el salario de la categor\u00eda inicial con la canasta familiar, el pase a planta permanente de contratos y monotributos, la designaci\u00f3n de personal para cubrir los planteles b\u00e1sicos, provisi\u00f3n de medicamentos e insumos para la atenci\u00f3n de los pacientes, reparaci\u00f3n y mantenimiento de la aparatolog\u00eda y la reparaci\u00f3n de la infraestructura hospitalaria.<\/p>\n<p>Durante la asamblea general convocada por ATE, nuestra secretaria General, Mar\u00eda Teresa Romero, afirm\u00f3 \u201ctodos los compa\u00f1eros comprometidos en la lucha, afiliados o no, cuentan con la cobertura gremial de ATE, m\u00e1s all\u00e1 de las presiones e intimidaciones que pretendan imponer algunos funcionarios en los lugares de trabajo\u201d.<\/p>\n<p>En ese sentido, la dirigente le respondi\u00f3 al ministro de Gesti\u00f3n P\u00fablica, Manuel Calvo, quien afirm\u00f3 estar preocupado por la atenci\u00f3n sanitaria de la comunidad. \u201cCalvo se tiene que preocupar por defender la salud p\u00fablica, por pagar salarios dignos, por cumplir con la promesa electoral del gobernador De la Sota de pasar a planta a los 4000 contratados de la provincia. Adem\u00e1s, el ministro deber\u00eda interiorizarse de la plena legalidad de ATE y de la ley de paritarias provincial\u201d.<\/p>\n<p>Al mismo tiempo, Romero repudi\u00f3 el accionar del director del Hospital de Ni\u00f1os, que denunci\u00f3 a un grupo de compa\u00f1eros en la justicia: \u201cen vez de denunciar que renuncie por abandonar el hospital a su suerte y no garantizar que el hospital cuente con los insumos y medicamentos necesarios. Que sepa que no vamos a permitir sanciones\u201d.<\/p>\n<p>La movilizaci\u00f3n contar\u00e1 con la participaci\u00f3n de sectores nacionales representados por ATE que realizar\u00e1n el paro nacional de nuestro gremio.<\/p>\n<p style=\"text-align: center;\"><img loading=\"lazy\" decoding=\"async\" class=\"ngg-singlepic ngg-none aligncenter\" alt=\"2\" src=\"http:\/\/www.atecordoba.org\/wp-content\/gallery\/polo-sanitario-17-12\/2.png\" width=\"560\" height=\"420\" \/><\/p>\n<p style=\"text-align: center;\"><img loading=\"lazy\" decoding=\"async\" class=\"ngg-singlepic ngg-none aligncenter\" alt=\"3\" src=\"http:\/\/www.atecordoba.org\/wp-content\/gallery\/polo-sanitario-17-12\/3.png\" width=\"560\" height=\"420\" \/><\/p>\n<p style=\"text-align: center;\"><img loading=\"lazy\" decoding=\"async\" class=\"ngg-singlepic ngg-none aligncenter\" alt=\"4\" src=\"http:\/\/www.atecordoba.org\/wp-content\/gallery\/polo-sanitario-17-12\/4.png\" width=\"560\" height=\"420\" \/><\/p>\n<p style=\"text-align: center;\"><img loading=\"lazy\" decoding=\"async\" class=\"ngg-singlepic ngg-none aligncenter\" alt=\"5\" src=\"http:\/\/www.atecordoba.org\/wp-content\/gallery\/polo-sanitario-17-12\/5.png\" width=\"560\" height=\"420\" \/><\/p>\n","protected":false},"excerpt":{"rendered":"<p>En una masiva asamblea general realizada hoy al medio d\u00eda en el Polo Sanitario, los trabajadores de los hospitales resolvieron marchar el jueves en continuidad con el plan de lucha que mantienen desde septiembre pasado. Los compa\u00f1eros resolvieron, de acuerdo al mandato de las asambleas de los distintos centros de salud, realizar abandono de tareas [&hellip;]<\/p>\n","protected":false},"author":1,"featured_media":19220,"comment_status":"open","ping_status":"open","sticky":false,"template":"","format":"standard","meta":{"_exactmetrics_skip_tracking":false,"_exactmetrics_sitenote_active":false,"_exactmetrics_sitenote_note":"","_exactmetrics_sitenote_category":0,"jnews-multi-image_gallery":[],"jnews_single_post":[],"jnews_primary_category":[],"jnews_social_meta":[],"jnews_review":[],"enable_review":"","type":"","name":"","summary":"","brand":"","sku":"","good":[],"bad":[],"score_override":"","override_value":"","rating":[],"price":[],"jnews_override_counter":[],"jnews_post_split":[],"footnotes":""},"categories":[7,8],"tags":[],"class_list":["post-3718","post","type-post","status-publish","format-standard","has-post-thumbnail","hentry","category-hospitales","category-provinciales"],"jetpack_featured_media_url":"https:\/\/atecordoba.org\/wp-content\/uploads\/2020\/05\/logo-nuevochico-e1561581322808.png","_links":{"self":[{"href":"https:\/\/atecordoba.org\/index.php?rest_route=\/wp\/v2\/posts\/3718","targetHints":{"allow":["GET"]}}],"collection":[{"href":"https:\/\/atecordoba.org\/index.php?rest_route=\/wp\/v2\/posts"}],"about":[{"href":"https:\/\/atecordoba.org\/index.php?rest_route=\/wp\/v2\/types\/post"}],"author":[{"embeddable":true,"href":"https:\/\/atecordoba.org\/index.php?rest_route=\/wp\/v2\/users\/1"}],"replies":[{"embeddable":true,"href":"https:\/\/atecordoba.org\/index.php?rest_route=%2Fwp%2Fv2%2Fcomments&post=3718"}],"version-history":[{"count":0,"href":"https:\/\/atecordoba.org\/index.php?rest_route=\/wp\/v2\/posts\/3718\/revisions"}],"wp:featuredmedia":[{"embeddable":true,"href":"https:\/\/atecordoba.org\/index.php?rest_route=\/wp\/v2\/media\/19220"}],"wp:attachment":[{"href":"https:\/\/atecordoba.org\/index.php?rest_route=%2Fwp%2Fv2%2Fmedia&parent=3718"}],"wp:term":[{"taxonomy":"category","embeddable":true,"href":"https:\/\/atecordoba.org\/index.php?rest_route=%2Fwp%2Fv2%2Fcategories&post=3718"},{"taxonomy":"post_tag","embeddable":true,"href":"https:\/\/atecordoba.org\/index.php?rest_route=%2Fwp%2Fv2%2Ftags&post=3718"}],"curies":[{"name":"wp","href":"https:\/\/api.w.org\/{rel}","templated":true}]}}