{"id":37179,"date":"2023-06-05T12:39:42","date_gmt":"2023-06-05T15:39:42","guid":{"rendered":"https:\/\/atecordoba.org\/?p=37179"},"modified":"2023-06-05T12:40:44","modified_gmt":"2023-06-05T15:40:44","slug":"ate-vuelve-a-participar-activamente-de-la-mesa-de-soberania-alimentaria","status":"publish","type":"post","link":"https:\/\/atecordoba.org\/?p=37179","title":{"rendered":"ATE vuelve a participar activamente de la Mesa de Soberan\u00eda Alimentaria"},"content":{"rendered":"\n<p><\/p>\n\n\n\n<div class=\"wp-block-image\"><figure class=\"aligncenter size-large is-resized\"><img loading=\"lazy\" decoding=\"async\" src=\"https:\/\/atecordoba.org\/wp-content\/uploads\/2023\/06\/WhatsApp-Image-2023-06-05-at-11.28.06-1024x1021.jpeg\" alt=\"\" class=\"wp-image-37180\" width=\"768\" height=\"766\" srcset=\"https:\/\/atecordoba.org\/wp-content\/uploads\/2023\/06\/WhatsApp-Image-2023-06-05-at-11.28.06-1024x1021.jpeg 1024w, https:\/\/atecordoba.org\/wp-content\/uploads\/2023\/06\/WhatsApp-Image-2023-06-05-at-11.28.06-300x300.jpeg 300w, https:\/\/atecordoba.org\/wp-content\/uploads\/2023\/06\/WhatsApp-Image-2023-06-05-at-11.28.06-150x150.jpeg 150w, https:\/\/atecordoba.org\/wp-content\/uploads\/2023\/06\/WhatsApp-Image-2023-06-05-at-11.28.06-768x766.jpeg 768w, https:\/\/atecordoba.org\/wp-content\/uploads\/2023\/06\/WhatsApp-Image-2023-06-05-at-11.28.06-560x560.jpeg 560w, https:\/\/atecordoba.org\/wp-content\/uploads\/2023\/06\/WhatsApp-Image-2023-06-05-at-11.28.06-75x75.jpeg 75w, https:\/\/atecordoba.org\/wp-content\/uploads\/2023\/06\/WhatsApp-Image-2023-06-05-at-11.28.06-350x350.jpeg 350w, https:\/\/atecordoba.org\/wp-content\/uploads\/2023\/06\/WhatsApp-Image-2023-06-05-at-11.28.06-750x748.jpeg 750w, https:\/\/atecordoba.org\/wp-content\/uploads\/2023\/06\/WhatsApp-Image-2023-06-05-at-11.28.06-1140x1136.jpeg 1140w, https:\/\/atecordoba.org\/wp-content\/uploads\/2023\/06\/WhatsApp-Image-2023-06-05-at-11.28.06.jpeg 1252w\" sizes=\"auto, (max-width: 768px) 100vw, 768px\" \/><figcaption>Encargo de yerba de mayo pasado. Cada mes ATE encarga mercader\u00eda que se vende sin costo de intermediaci\u00f3n a las y los afiliados.<\/figcaption><\/figure><\/div>\n\n\n\n<p>La semana pasada se concret\u00f3 una reuni\u00f3n de organizaciones de producci\u00f3n, comercializaci\u00f3n y distribuci\u00f3n de alimentos saludables por fuera del circuito comercial. El encuentro se realiz\u00f3 en el local Monte Adentro, a metros del Mercado Norte, donde el Movimiento Campesino de C\u00f3rdoba tiene su centro de distribuci\u00f3n. <\/p>\n\n\n\n<p>El compa\u00f1ero Agust\u00edn Bertone, responsable de Acci\u00f3n Social del Consejo Directivo Provincial, estuvo presente en la oportunidad y valor\u00f3 la actividad se\u00f1alando que &#8220;nos reunimos con algunas cooperativas, otros sindicatos, con el fin de reactivar las compras populares, llegar a los afiliados con productos de alta calidad y a costos m\u00e1s bajos que los disponibles en los super actualmente&#8221;.<\/p>\n\n\n\n<p>El dirigente se\u00f1al\u00f3 que el encuentro &#8220;fue productivo y estamos abriendo una puertita para los m\u00e1s necesitados, los trabajadores que les cuesta llegar a fin de mes, haciendo un esfuerzo para reforzar la mesa de las familias de los afiliados&#8221;.<\/p>\n\n\n\n<p><strong>Productores<\/strong><\/p>\n\n\n\n<p>En igual sentido se expres\u00f3 Mauricio Muchiutti, del Movimiento Campesino de C\u00f3rdoba (MCC). En di\u00e1logo con el programa radial Entre Todos y Todas, que la Secretar\u00eda de Prensa emite por Gene Fm 107.5, Muchiutti evalu\u00f3 el panorama del mercado de alimentos y apunt\u00f3 que &#8220;negociando con las empresas no se va a resolver el problema del acceso a los alimentos, atento que la comida es un derecho y no un mero instrumento del mercado, queremos llenar la mesa de los compa\u00f1eros de comida de calidad&#8221;.<\/p>\n\n\n\n<p>&#8220;Desde las organizaciones populares producimos y vendemos lo que queremos que coman nuestros hijos. Queremos acercar es seguridad y dignidad a todos, a las familias que quieran intentar participar, sabiendo que es un tiempo duro y dif\u00edcil donde los sueldo son alcanzan, donde las cosas aumentan de precio constantemente y estamos batallando con esos molinos de viento&#8221;, asgur\u00f3.<\/p>\n\n\n\n<p>Por \u00faltimo, el representante del MCC afirm\u00f3 que &#8220;es de p\u00fablico conocimiento que en Argentina un pu\u00f1ado de no m\u00e1s de 10 empresas manejan arriba del 80-85% de lo que consume la poblaci\u00f3n. Desde ese lugar de dominancia administran qu\u00e9 comemos y cu\u00e1nto pagamos. A eso se le antepone una enorme cantidad de productores, peque\u00f1as y medianas cooperativas, estructuras comerciales y de trabajo que generamos una enorme diversidad de alimentos y que viene creciendo en C\u00f3rdoba y el pa\u00eds. Por eso estamos logrando un enorme reconocimiento por parte de la poblaci\u00f3n, tanto por la calidad de los alimentos y por el mensaje, el precio y el laburo que hay detr\u00e1s&#8221;.<\/p>\n","protected":false},"excerpt":{"rendered":"<p>La semana pasada se concret\u00f3 una reuni\u00f3n de organizaciones de producci\u00f3n, comercializaci\u00f3n y distribuci\u00f3n de alimentos saludables por fuera del circuito comercial. El encuentro se realiz\u00f3 en el local Monte Adentro, a metros del Mercado Norte, donde el Movimiento Campesino de C\u00f3rdoba tiene su centro de distribuci\u00f3n. El compa\u00f1ero Agust\u00edn Bertone, responsable de Acci\u00f3n Social [&hellip;]<\/p>\n","protected":false},"author":7,"featured_media":37181,"comment_status":"open","ping_status":"open","sticky":false,"template":"","format":"standard","meta":{"_exactmetrics_skip_tracking":false,"_exactmetrics_sitenote_active":false,"_exactmetrics_sitenote_note":"","_exactmetrics_sitenote_category":0,"jnews-multi-image_gallery":[],"jnews_single_post":{"subtitle":"El referente de Acci\u00f3n Social del Consejo Directivo Provincial, Agust\u00edn Bertone, manifest\u00f3 que el encuentro organizativo realizado en el local de Movimiento Campesino de C\u00f3rdoba \"fue productivo y estamos abriendo una puertita para los m\u00e1s necesitados, los trabajadores que les cuesta llegar a fin de mes, haciendo un esfuerzo para reforzar la mesa de las familias de los afiliados\".","format":"standard","video":"","gallery":"","source_name":"","source_url":"","via_name":"","via_url":"","override_template":"0","override":[{"template":"1","single_blog_custom":"","parallax":"1","fullscreen":"1","layout":"right-sidebar","sidebar":"default-sidebar","second_sidebar":"default-sidebar","sticky_sidebar":"1","share_position":"top","share_float_style":"share-monocrhome","show_share_counter":"1","show_view_counter":"1","show_featured":"1","show_post_meta":"1","show_post_author":"1","show_post_author_image":"1","show_post_date":"1","post_date_format":"default","post_date_format_custom":"Y\/m\/d","show_post_category":"1","show_post_reading_time":"0","post_reading_time_wpm":"300","show_zoom_button":"0","zoom_button_out_step":"2","zoom_button_in_step":"3","show_post_tag":"1","show_prev_next_post":"1","show_popup_post":"1","number_popup_post":"1","show_author_box":"0","show_post_related":"0","show_inline_post_related":"0"}],"override_image_size":"0","image_override":[{"single_post_thumbnail_size":"crop-500","single_post_gallery_size":"crop-500"}],"trending_post":"0","trending_post_position":"meta","trending_post_label":"Trending","sponsored_post":"0","sponsored_post_label":"Sponsored by","sponsored_post_name":"","sponsored_post_url":"","sponsored_post_logo_enable":"0","sponsored_post_logo":"","sponsored_post_desc":"","disable_ad":"0"},"jnews_primary_category":{"id":""},"jnews_social_meta":{"fb_title":"","fb_description":"","fb_image":"","twitter_title":"","twitter_description":"","twitter_image":""},"jnews_review":[],"enable_review":"0","type":"percentage","name":"","summary":"","brand":"","sku":"","good":[{"good_text":""}],"bad":[{"bad_text":""}],"score_override":"","override_value":"","rating":[{"rating_text":"","rating_number":"10"}],"price":[{"shop":"","price":"","link":"","icon":""}],"jnews_override_counter":{"override_view_counter":"0","view_counter_number":"0","override_share_counter":"0","share_counter_number":"0","override_like_counter":"0","like_counter_number":"0","override_dislike_counter":"0","dislike_counter_number":"0"},"jnews_post_split":{"enable_post_split":"0","post_split":[{"template":"1","tag":"h2","numbering":"asc","mode":"normal","first":"0","enable_toc":"0","toc_type":"normal"}]},"footnotes":""},"categories":[75],"tags":[],"class_list":["post-37179","post","type-post","status-publish","format-standard","has-post-thumbnail","hentry","category-accion-social"],"jetpack_featured_media_url":"https:\/\/atecordoba.org\/wp-content\/uploads\/2023\/06\/alimentos-e1685979498184.jpg","_links":{"self":[{"href":"https:\/\/atecordoba.org\/index.php?rest_route=\/wp\/v2\/posts\/37179","targetHints":{"allow":["GET"]}}],"collection":[{"href":"https:\/\/atecordoba.org\/index.php?rest_route=\/wp\/v2\/posts"}],"about":[{"href":"https:\/\/atecordoba.org\/index.php?rest_route=\/wp\/v2\/types\/post"}],"author":[{"embeddable":true,"href":"https:\/\/atecordoba.org\/index.php?rest_route=\/wp\/v2\/users\/7"}],"replies":[{"embeddable":true,"href":"https:\/\/atecordoba.org\/index.php?rest_route=%2Fwp%2Fv2%2Fcomments&post=37179"}],"version-history":[{"count":1,"href":"https:\/\/atecordoba.org\/index.php?rest_route=\/wp\/v2\/posts\/37179\/revisions"}],"predecessor-version":[{"id":37182,"href":"https:\/\/atecordoba.org\/index.php?rest_route=\/wp\/v2\/posts\/37179\/revisions\/37182"}],"wp:featuredmedia":[{"embeddable":true,"href":"https:\/\/atecordoba.org\/index.php?rest_route=\/wp\/v2\/media\/37181"}],"wp:attachment":[{"href":"https:\/\/atecordoba.org\/index.php?rest_route=%2Fwp%2Fv2%2Fmedia&parent=37179"}],"wp:term":[{"taxonomy":"category","embeddable":true,"href":"https:\/\/atecordoba.org\/index.php?rest_route=%2Fwp%2Fv2%2Fcategories&post=37179"},{"taxonomy":"post_tag","embeddable":true,"href":"https:\/\/atecordoba.org\/index.php?rest_route=%2Fwp%2Fv2%2Ftags&post=37179"}],"curies":[{"name":"wp","href":"https:\/\/api.w.org\/{rel}","templated":true}]}}