{"id":37169,"date":"2023-06-02T10:01:48","date_gmt":"2023-06-02T13:01:48","guid":{"rendered":"https:\/\/atecordoba.org\/?p=37169"},"modified":"2023-06-02T10:01:48","modified_gmt":"2023-06-02T13:01:48","slug":"elecciones-para-seguir-creciendo-en-el-sur-de-cordoba","status":"publish","type":"post","link":"https:\/\/atecordoba.org\/?p=37169","title":{"rendered":"Elecciones: para seguir creciendo en el Sur de C\u00f3rdoba"},"content":{"rendered":"\n<p><\/p>\n\n\n\n<div class=\"wp-block-image\"><figure class=\"aligncenter size-full is-resized\"><img loading=\"lazy\" decoding=\"async\" src=\"https:\/\/atecordoba.org\/wp-content\/uploads\/2023\/06\/REUNION-CD.jpg\" alt=\"\" class=\"wp-image-37170\" width=\"720\" height=\"405\" srcset=\"https:\/\/atecordoba.org\/wp-content\/uploads\/2023\/06\/REUNION-CD.jpg 960w, https:\/\/atecordoba.org\/wp-content\/uploads\/2023\/06\/REUNION-CD-300x169.jpg 300w, https:\/\/atecordoba.org\/wp-content\/uploads\/2023\/06\/REUNION-CD-768x432.jpg 768w, https:\/\/atecordoba.org\/wp-content\/uploads\/2023\/06\/REUNION-CD-750x422.jpg 750w\" sizes=\"auto, (max-width: 720px) 100vw, 720px\" \/><\/figure><\/div>\n\n\n\n<p>Con la fuerza de los que no se resignan y con la premisa de seguir creciendo entre los estatales nacionales, provinciales y municipales del Sur de C\u00f3rdoba, la Comisi\u00f3n Directiva de ATE R\u00edo Cuarto se reuni\u00f3 para organizar la campa\u00f1a electoral de cara a los comicios de renovaci\u00f3n de autoridades del pr\u00f3ximo 9 de agosto.<\/p>\n\n\n\n<p>Por la Lista Verde Germ\u00e1n Abdala de ANUSATE se postula la reelecci\u00f3n como Secretaria General de Rafaela Alcoba, trabajadora de la Municipalidad de R\u00edo Cuarto, acompa\u00f1ada por Rodrigo Olguin, trabajador de la Municipalidad de Achiras, como candidato a Secretario Adjunto.<\/p>\n\n\n\n<p>\u201cFortalecemos el inicio del proceso eleccionario con unidad, organizaci\u00f3n y lucha\u201d, afirmaron al cabo del encuentro.<\/p>\n","protected":false},"excerpt":{"rendered":"<p>Con la fuerza de los que no se resignan y con la premisa de seguir creciendo entre los estatales nacionales, provinciales y municipales del Sur de C\u00f3rdoba, la Comisi\u00f3n Directiva de ATE R\u00edo Cuarto se reuni\u00f3 para organizar la campa\u00f1a electoral de cara a los comicios de renovaci\u00f3n de autoridades del pr\u00f3ximo 9 de agosto. [&hellip;]<\/p>\n","protected":false},"author":7,"featured_media":37171,"comment_status":"open","ping_status":"open","sticky":false,"template":"","format":"standard","meta":{"_exactmetrics_skip_tracking":false,"_exactmetrics_sitenote_active":false,"_exactmetrics_sitenote_note":"","_exactmetrics_sitenote_category":0,"jnews-multi-image_gallery":[],"jnews_single_post":{"subtitle":"Por la Lista Verde Germ\u00e1n Abdala de ANUSATE se postula la reelecci\u00f3n como Secretaria General de Rafaela Alcoba, trabajadora de la Municipalidad de R\u00edo Cuarto, acompa\u00f1ada por Rodrigo Olguin, trabajador de la Municipalidad de Achiras, como candidato a Secretario Adjunto.","format":"standard","video":"","gallery":"","source_name":"","source_url":"","via_name":"","via_url":"","override_template":"0","override":[{"template":"1","single_blog_custom":"","parallax":"1","fullscreen":"1","layout":"right-sidebar","sidebar":"default-sidebar","second_sidebar":"default-sidebar","sticky_sidebar":"1","share_position":"top","share_float_style":"share-monocrhome","show_share_counter":"1","show_view_counter":"1","show_featured":"1","show_post_meta":"1","show_post_author":"1","show_post_author_image":"1","show_post_date":"1","post_date_format":"default","post_date_format_custom":"Y\/m\/d","show_post_category":"1","show_post_reading_time":"0","post_reading_time_wpm":"300","show_zoom_button":"0","zoom_button_out_step":"2","zoom_button_in_step":"3","show_post_tag":"1","show_prev_next_post":"1","show_popup_post":"1","number_popup_post":"1","show_author_box":"0","show_post_related":"0","show_inline_post_related":"0"}],"override_image_size":"0","image_override":[{"single_post_thumbnail_size":"crop-500","single_post_gallery_size":"crop-500"}],"trending_post":"0","trending_post_position":"meta","trending_post_label":"Trending","sponsored_post":"0","sponsored_post_label":"Sponsored by","sponsored_post_name":"","sponsored_post_url":"","sponsored_post_logo_enable":"0","sponsored_post_logo":"","sponsored_post_desc":"","disable_ad":"0"},"jnews_primary_category":{"id":""},"jnews_social_meta":{"fb_title":"","fb_description":"","fb_image":"","twitter_title":"","twitter_description":"","twitter_image":""},"jnews_review":[],"enable_review":"0","type":"percentage","name":"","summary":"","brand":"","sku":"","good":[{"good_text":""}],"bad":[{"bad_text":""}],"score_override":"","override_value":"","rating":[{"rating_text":"","rating_number":"10"}],"price":[{"shop":"","price":"","link":"","icon":""}],"jnews_override_counter":{"override_view_counter":"0","view_counter_number":"0","override_share_counter":"0","share_counter_number":"0","override_like_counter":"0","like_counter_number":"0","override_dislike_counter":"0","dislike_counter_number":"0"},"jnews_post_split":{"enable_post_split":"0","post_split":[{"template":"1","tag":"h2","numbering":"asc","mode":"normal","first":"0","enable_toc":"0","toc_type":"normal"}]},"footnotes":""},"categories":[12],"tags":[],"class_list":["post-37169","post","type-post","status-publish","format-standard","has-post-thumbnail","hentry","category-rio-cuarto"],"jetpack_featured_media_url":"https:\/\/atecordoba.org\/wp-content\/uploads\/2023\/06\/ate-rio-cuarto-e1685710903177.jpg","_links":{"self":[{"href":"https:\/\/atecordoba.org\/index.php?rest_route=\/wp\/v2\/posts\/37169","targetHints":{"allow":["GET"]}}],"collection":[{"href":"https:\/\/atecordoba.org\/index.php?rest_route=\/wp\/v2\/posts"}],"about":[{"href":"https:\/\/atecordoba.org\/index.php?rest_route=\/wp\/v2\/types\/post"}],"author":[{"embeddable":true,"href":"https:\/\/atecordoba.org\/index.php?rest_route=\/wp\/v2\/users\/7"}],"replies":[{"embeddable":true,"href":"https:\/\/atecordoba.org\/index.php?rest_route=%2Fwp%2Fv2%2Fcomments&post=37169"}],"version-history":[{"count":1,"href":"https:\/\/atecordoba.org\/index.php?rest_route=\/wp\/v2\/posts\/37169\/revisions"}],"predecessor-version":[{"id":37172,"href":"https:\/\/atecordoba.org\/index.php?rest_route=\/wp\/v2\/posts\/37169\/revisions\/37172"}],"wp:featuredmedia":[{"embeddable":true,"href":"https:\/\/atecordoba.org\/index.php?rest_route=\/wp\/v2\/media\/37171"}],"wp:attachment":[{"href":"https:\/\/atecordoba.org\/index.php?rest_route=%2Fwp%2Fv2%2Fmedia&parent=37169"}],"wp:term":[{"taxonomy":"category","embeddable":true,"href":"https:\/\/atecordoba.org\/index.php?rest_route=%2Fwp%2Fv2%2Fcategories&post=37169"},{"taxonomy":"post_tag","embeddable":true,"href":"https:\/\/atecordoba.org\/index.php?rest_route=%2Fwp%2Fv2%2Ftags&post=37169"}],"curies":[{"name":"wp","href":"https:\/\/api.w.org\/{rel}","templated":true}]}}