{"id":37144,"date":"2023-05-31T14:39:57","date_gmt":"2023-05-31T17:39:57","guid":{"rendered":"https:\/\/atecordoba.org\/?p=37144"},"modified":"2023-05-31T14:39:58","modified_gmt":"2023-05-31T17:39:58","slug":"radio-nacional-va-al-paro-y-ate-reclama-una-recomposicion-del-53-para-el-primer-semestre","status":"publish","type":"post","link":"https:\/\/atecordoba.org\/?p=37144","title":{"rendered":"Radio Nacional va al paro y ATE reclama una recomposici\u00f3n del 53% para el primer semestre"},"content":{"rendered":"\n<div class=\"wp-block-image\"><figure class=\"aligncenter size-large is-resized\"><img loading=\"lazy\" decoding=\"async\" src=\"https:\/\/atecordoba.org\/wp-content\/uploads\/2023\/05\/WhatsApp-Image-2023-05-31-at-13.48.46-1024x658.jpeg\" alt=\"\" class=\"wp-image-37145\" width=\"768\" height=\"494\" \/><figcaption>Las y los trabajadores que participaron de la asamblea en el turno ma\u00f1ana.<\/figcaption><\/figure><\/div>\n\n\n\n<p>En una asamblea general realizada ayer las y los trabajadores de Radio Nacional C\u00f3rdoba ratificaron la adhesi\u00f3n al plan de lucha nacional que tendr\u00e1 como epicentro una movilizaci\u00f3n en Buenos Aires hacia las oficinas de la Televisi\u00f3n P\u00fablica d\u00f3nde est\u00e1n emplazadas las oficinas de RTA (Radio y Televisi\u00f3n Argentina).<\/p>\n\n\n\n<p>En C\u00f3rdoba se realizar\u00e1 un paro con modalidad presencial entre las 9 y las 18 horas del mi\u00e9rcoles 31 de mayo, que fue consensuado y discutido con distintos espacios gremiales y que cuenta con el apoyo del grueso de los trabajadores.<\/p>\n\n\n\n<p>Entre los principales punto de reclamo aparecen el incumplimiento de la mesa t\u00e9cnica de revisi\u00f3n contractual, que ten\u00eda como compromiso de la empresa estatal el pase a planta de trabajadores y trabajadores contratados bajo la modalidad de fraude laboral.<\/p>\n\n\n\n<p>\u201cEst\u00e1n incumpliendo con los plazos, salteando el orden cronol\u00f3gico de los pocos contratos mejoras e incumpliendo con el cupo laboral travesti trans\u201d, explico Gonzalo Puig, Delegado de ATE en Radio Nacional C\u00f3rdoba.<\/p>\n\n\n\n<p>Adem\u00e1s, Puig expres\u00f3 que: \u201cEstamos expresando nuestro rechazo a una pauta salarial insuficiente, firmada en una audiencia paritaria donde referentes de c\u00fapulas sindicales cerraron un n\u00famero a la baja a espaldas de los y las trabajadores\u201d.<\/p>\n\n\n\n<p>La pauta salarial que se cerr\u00f3 para los pr\u00f3ximos tres meses es del 28%, muy lejana a los \u00edndices de inflaci\u00f3n que se manejan en el pa\u00eds y no permite que el salario le gane a la inflaci\u00f3n. ATE reclama un 53% de recomposici\u00f3n de los haberes para el primer semestre del 2023.<\/p>\n\n\n\n<p>Adem\u00e1s la asamblea ratific\u00f3 las demandas locales planteadas en asambleas pasadas que contemplan que no haya ning\u00fan trabajador por debajo de la categor\u00eda 5 y que se cumpla con la promesa realizada a comienzos de a\u00f1o de aumento del valor de los contratos vigentes.<\/p>\n","protected":false},"excerpt":{"rendered":"<p>En una asamblea general realizada ayer las y los trabajadores de Radio Nacional C\u00f3rdoba ratificaron la adhesi\u00f3n al plan de lucha nacional que tendr\u00e1 como epicentro una movilizaci\u00f3n en Buenos Aires hacia las oficinas de la Televisi\u00f3n P\u00fablica d\u00f3nde est\u00e1n emplazadas las oficinas de RTA (Radio y Televisi\u00f3n Argentina). En C\u00f3rdoba se realizar\u00e1 un paro [&hellip;]<\/p>\n","protected":false},"author":7,"featured_media":37145,"comment_status":"open","ping_status":"open","sticky":false,"template":"","format":"standard","meta":{"_exactmetrics_skip_tracking":false,"_exactmetrics_sitenote_active":false,"_exactmetrics_sitenote_note":"","_exactmetrics_sitenote_category":0,"jnews-multi-image_gallery":[],"jnews_single_post":{"subtitle":"La medida de fuerza se realizar\u00e1 en todo el pa\u00eds. En C\u00f3rdoba se llevar\u00e1 a cabo un paro con modalidad presencial entre las 9 y las 18 horas del mi\u00e9rcoles 31 de mayo,","format":"standard","video":"","gallery":"","source_name":"","source_url":"","via_name":"","via_url":"","override_template":"0","override":[{"template":"1","single_blog_custom":"","parallax":"1","fullscreen":"1","layout":"right-sidebar","sidebar":"default-sidebar","second_sidebar":"default-sidebar","sticky_sidebar":"1","share_position":"top","share_float_style":"share-monocrhome","show_share_counter":"1","show_view_counter":"1","show_featured":"1","show_post_meta":"1","show_post_author":"1","show_post_author_image":"1","show_post_date":"1","post_date_format":"default","post_date_format_custom":"Y\/m\/d","show_post_category":"1","show_post_reading_time":"0","post_reading_time_wpm":"300","show_zoom_button":"0","zoom_button_out_step":"2","zoom_button_in_step":"3","show_post_tag":"1","show_prev_next_post":"1","show_popup_post":"1","number_popup_post":"1","show_author_box":"0","show_post_related":"0","show_inline_post_related":"0"}],"override_image_size":"0","image_override":[{"single_post_thumbnail_size":"crop-500","single_post_gallery_size":"crop-500"}],"trending_post":"0","trending_post_position":"meta","trending_post_label":"Trending","sponsored_post":"0","sponsored_post_label":"Sponsored by","sponsored_post_name":"","sponsored_post_url":"","sponsored_post_logo_enable":"0","sponsored_post_logo":"","sponsored_post_desc":"","disable_ad":"0"},"jnews_primary_category":{"id":""},"jnews_social_meta":{"fb_title":"","fb_description":"","fb_image":"","twitter_title":"","twitter_description":"","twitter_image":""},"jnews_review":[],"enable_review":"0","type":"percentage","name":"","summary":"","brand":"","sku":"","good":[{"good_text":""}],"bad":[{"bad_text":""}],"score_override":"","override_value":"","rating":[{"rating_text":"","rating_number":"10"}],"price":[{"shop":"","price":"","link":"","icon":""}],"jnews_override_counter":{"override_view_counter":"0","view_counter_number":"0","override_share_counter":"0","share_counter_number":"0","override_like_counter":"0","like_counter_number":"0","override_dislike_counter":"0","dislike_counter_number":"0"},"jnews_post_split":{"enable_post_split":"0","post_split":[{"template":"1","tag":"h2","numbering":"asc","mode":"normal","first":"0","enable_toc":"0","toc_type":"normal"}]},"footnotes":""},"categories":[18],"tags":[],"class_list":["post-37144","post","type-post","status-publish","format-standard","has-post-thumbnail","hentry","category-nacionales"],"jetpack_featured_media_url":"https:\/\/atecordoba.org\/wp-content\/uploads\/2023\/05\/WhatsApp-Image-2023-05-31-at-13.48.46-e1685554707348.jpeg","_links":{"self":[{"href":"https:\/\/atecordoba.org\/index.php?rest_route=\/wp\/v2\/posts\/37144","targetHints":{"allow":["GET"]}}],"collection":[{"href":"https:\/\/atecordoba.org\/index.php?rest_route=\/wp\/v2\/posts"}],"about":[{"href":"https:\/\/atecordoba.org\/index.php?rest_route=\/wp\/v2\/types\/post"}],"author":[{"embeddable":true,"href":"https:\/\/atecordoba.org\/index.php?rest_route=\/wp\/v2\/users\/7"}],"replies":[{"embeddable":true,"href":"https:\/\/atecordoba.org\/index.php?rest_route=%2Fwp%2Fv2%2Fcomments&post=37144"}],"version-history":[{"count":1,"href":"https:\/\/atecordoba.org\/index.php?rest_route=\/wp\/v2\/posts\/37144\/revisions"}],"predecessor-version":[{"id":37146,"href":"https:\/\/atecordoba.org\/index.php?rest_route=\/wp\/v2\/posts\/37144\/revisions\/37146"}],"wp:featuredmedia":[{"embeddable":true,"href":"https:\/\/atecordoba.org\/index.php?rest_route=\/wp\/v2\/media\/37145"}],"wp:attachment":[{"href":"https:\/\/atecordoba.org\/index.php?rest_route=%2Fwp%2Fv2%2Fmedia&parent=37144"}],"wp:term":[{"taxonomy":"category","embeddable":true,"href":"https:\/\/atecordoba.org\/index.php?rest_route=%2Fwp%2Fv2%2Fcategories&post=37144"},{"taxonomy":"post_tag","embeddable":true,"href":"https:\/\/atecordoba.org\/index.php?rest_route=%2Fwp%2Fv2%2Ftags&post=37144"}],"curies":[{"name":"wp","href":"https:\/\/api.w.org\/{rel}","templated":true}]}}