{"id":37137,"date":"2023-05-31T14:30:23","date_gmt":"2023-05-31T17:30:23","guid":{"rendered":"https:\/\/atecordoba.org\/?p=37137"},"modified":"2023-05-31T14:31:53","modified_gmt":"2023-05-31T17:31:53","slug":"rio-primero-tras-decretarse-al-conciliacion-obligatoria-hoy-se-realizo-la-primer-audiencia-en-trabajo","status":"publish","type":"post","link":"https:\/\/atecordoba.org\/?p=37137","title":{"rendered":"R\u00edo Primero: tras decretarse al conciliaci\u00f3n obligatoria hoy se realiz\u00f3 la primer audiencia en Trabajo"},"content":{"rendered":"\n<div class=\"wp-block-image\"><figure class=\"aligncenter size-large is-resized\"><img loading=\"lazy\" decoding=\"async\" src=\"https:\/\/atecordoba.org\/wp-content\/uploads\/2023\/05\/WhatsApp-Image-2023-05-31-at-14.08.13-1024x771.jpeg\" alt=\"\" class=\"wp-image-37139\" width=\"768\" height=\"578\" srcset=\"https:\/\/atecordoba.org\/wp-content\/uploads\/2023\/05\/WhatsApp-Image-2023-05-31-at-14.08.13-1024x771.jpeg 1024w, https:\/\/atecordoba.org\/wp-content\/uploads\/2023\/05\/WhatsApp-Image-2023-05-31-at-14.08.13-300x226.jpeg 300w, https:\/\/atecordoba.org\/wp-content\/uploads\/2023\/05\/WhatsApp-Image-2023-05-31-at-14.08.13-768x578.jpeg 768w, https:\/\/atecordoba.org\/wp-content\/uploads\/2023\/05\/WhatsApp-Image-2023-05-31-at-14.08.13-1536x1156.jpeg 1536w, https:\/\/atecordoba.org\/wp-content\/uploads\/2023\/05\/WhatsApp-Image-2023-05-31-at-14.08.13-750x564.jpeg 750w, https:\/\/atecordoba.org\/wp-content\/uploads\/2023\/05\/WhatsApp-Image-2023-05-31-at-14.08.13-1140x858.jpeg 1140w, https:\/\/atecordoba.org\/wp-content\/uploads\/2023\/05\/WhatsApp-Image-2023-05-31-at-14.08.13.jpeg 1600w\" sizes=\"auto, (max-width: 768px) 100vw, 768px\" \/><figcaption>La delegaci\u00f3n de ATE que fue a la audiencia en Trabajo: Chalup, Baigorria, Gutierrez y Bracamonte.<\/figcaption><\/figure><\/div>\n\n\n\n<p>Ayer a la noche, cuando iba a comenzar por segunda semana consecutiva el paro de actividades por 72 horas de las y los trabajadores de la Municipalidad de R\u00edo Primero, el Ministerio de Trabajo de la Provincia decret\u00f3 la conciliaci\u00f3n obligatoria que detiene por 15 d\u00edas cualquier posibilidad de medida de fuerza en la localidad.<\/p>\n\n\n\n<p>En ese marco, esta ma\u00f1ana se llev\u00f3 a cabo la primera audiencia de conciliaci\u00f3n en las dependencias de la cartera laboral, en calle Rivadavia 646, donde concurri\u00f3 una delegaci\u00f3n de ATE, integrada por las y los delegados de ATE R\u00edo Primero, Jos\u00e9 Baigorria y Pamela Gutierrez; el secretario General de CTA Regional C\u00f3rdoba, Jorge Chalup, el secretario de Organizaci\u00f3n de CTA Aut\u00f3noma provincial, Javier Bracamonte, y el abogado de ATE Eugenio Biafore.<\/p>\n\n\n\n<div class=\"wp-block-image\"><figure class=\"alignright size-large is-resized\"><img loading=\"lazy\" decoding=\"async\" src=\"https:\/\/atecordoba.org\/wp-content\/uploads\/2023\/05\/WhatsApp-Image-2023-05-24-at-10.41.07-1-1024x576.jpeg\" alt=\"\" class=\"wp-image-37107\" width=\"512\" height=\"288\" srcset=\"https:\/\/atecordoba.org\/wp-content\/uploads\/2023\/05\/WhatsApp-Image-2023-05-24-at-10.41.07-1-1024x576.jpeg 1024w, https:\/\/atecordoba.org\/wp-content\/uploads\/2023\/05\/WhatsApp-Image-2023-05-24-at-10.41.07-1-300x169.jpeg 300w, https:\/\/atecordoba.org\/wp-content\/uploads\/2023\/05\/WhatsApp-Image-2023-05-24-at-10.41.07-1-768x432.jpeg 768w, https:\/\/atecordoba.org\/wp-content\/uploads\/2023\/05\/WhatsApp-Image-2023-05-24-at-10.41.07-1-1536x864.jpeg 1536w, https:\/\/atecordoba.org\/wp-content\/uploads\/2023\/05\/WhatsApp-Image-2023-05-24-at-10.41.07-1-750x422.jpeg 750w, https:\/\/atecordoba.org\/wp-content\/uploads\/2023\/05\/WhatsApp-Image-2023-05-24-at-10.41.07-1-1140x641.jpeg 1140w, https:\/\/atecordoba.org\/wp-content\/uploads\/2023\/05\/WhatsApp-Image-2023-05-24-at-10.41.07-1.jpeg 1600w\" sizes=\"auto, (max-width: 512px) 100vw, 512px\" \/><figcaption>Protesta frente a la Municipalidad de R\u00edo Primero.<\/figcaption><\/figure><\/div>\n\n\n\n<p>En tanto, por el municipio estuvieron presentes la intendenta Ana Cristina Cravero, junto al, secretario de Gobierno, \u00c1ngel Vicente Pe\u00f1aloza, Geremias S\u00e1nchez y el abogado de la comuna.<\/p>\n\n\n\n<p>En la oportunidad, ATE sostuvo la propuesta de aumento salarial de un 30% sobre lo otorgado. Y el pase del 15% otorgado a remunerativo al mes de junio.<\/p>\n\n\n\n<p>En tanto, la Municipalidad insisti\u00f3 en su propuesta de un escas\u00edsimo aumento de un 5% no remunerativo, mientras el 15% que ya paga en negro ir pas\u00e1ndolo al salario regular en tres cuotas hasta septiembre.<\/p>\n\n\n\n<p>Vale se\u00f1alar que la semana pasada ATE realiz\u00f3 <a href=\"https:\/\/atecordoba.org\/?p=37105\">un contundente paro de 72 horas que cont\u00f3 con un acatamiento del 100%<\/a> y que debido a esto la Municipalidad convoc\u00f3 a una audiencia paritaria para ayer martes. Sin embargo, nunca concret\u00f3 la audiencia, a pesar que el cuerpo de delgados y delegadas estuvo aguardando la llamada del Ejecutivo.<\/p>\n\n\n\n<p>Ya en horas del mediod\u00eda la asamblea de municipales resolvi\u00f3 volver a las medidas de fuerza, por lo que a \u00faltimas horas del d\u00eda el Ministerio de Trabajo intervino con la conciliaci\u00f3n obligatoria para desactivar un conflicto que cuenta con el apoyo de la mayor\u00eda de la comunidad de R\u00edo Primero.<\/p>\n\n\n\n<p>Tras concretarse hoy la primer audiencia, las partes pasaron a un cuarto intermedio.<\/p>\n","protected":false},"excerpt":{"rendered":"<p>Ayer a la noche, cuando iba a comenzar por segunda semana consecutiva el paro de actividades por 72 horas de las y los trabajadores de la Municipalidad de R\u00edo Primero, el Ministerio de Trabajo de la Provincia decret\u00f3 la conciliaci\u00f3n obligatoria que detiene por 15 d\u00edas cualquier posibilidad de medida de fuerza en la localidad. [&hellip;]<\/p>\n","protected":false},"author":7,"featured_media":37140,"comment_status":"open","ping_status":"open","sticky":false,"template":"","format":"standard","meta":{"_exactmetrics_skip_tracking":false,"_exactmetrics_sitenote_active":false,"_exactmetrics_sitenote_note":"","_exactmetrics_sitenote_category":0,"jnews-multi-image_gallery":[],"jnews_single_post":{"subtitle":"ATE sostuvo la propuesta de aumento salarial de un 30% sobre lo otorgado. Y el pase del 15% otorgado a remunerativo al mes de junio. En tanto, la Municipalidad insisti\u00f3 en su propuesta de un escas\u00edsimo aumento de un 5% no remunerativo.","format":"standard","video":"","gallery":"","source_name":"","source_url":"","via_name":"","via_url":"","override_template":"0","override":[{"template":"1","single_blog_custom":"","parallax":"1","fullscreen":"1","layout":"right-sidebar","sidebar":"default-sidebar","second_sidebar":"default-sidebar","sticky_sidebar":"1","share_position":"top","share_float_style":"share-monocrhome","show_share_counter":"1","show_view_counter":"1","show_featured":"1","show_post_meta":"1","show_post_author":"1","show_post_author_image":"1","show_post_date":"1","post_date_format":"default","post_date_format_custom":"Y\/m\/d","show_post_category":"1","show_post_reading_time":"0","post_reading_time_wpm":"300","show_zoom_button":"0","zoom_button_out_step":"2","zoom_button_in_step":"3","show_post_tag":"1","show_prev_next_post":"1","show_popup_post":"1","number_popup_post":"1","show_author_box":"0","show_post_related":"0","show_inline_post_related":"0"}],"override_image_size":"0","image_override":[{"single_post_thumbnail_size":"crop-500","single_post_gallery_size":"crop-500"}],"trending_post":"0","trending_post_position":"meta","trending_post_label":"Trending","sponsored_post":"0","sponsored_post_label":"Sponsored by","sponsored_post_name":"","sponsored_post_url":"","sponsored_post_logo_enable":"0","sponsored_post_logo":"","sponsored_post_desc":"","disable_ad":"0"},"jnews_primary_category":{"id":""},"jnews_social_meta":{"fb_title":"","fb_description":"","fb_image":"","twitter_title":"","twitter_description":"","twitter_image":""},"jnews_review":[],"enable_review":"0","type":"percentage","name":"","summary":"","brand":"","sku":"","good":[{"good_text":""}],"bad":[{"bad_text":""}],"score_override":"","override_value":"","rating":[{"rating_text":"","rating_number":"10"}],"price":[{"shop":"","price":"","link":"","icon":""}],"jnews_override_counter":{"override_view_counter":"0","view_counter_number":"0","override_share_counter":"0","share_counter_number":"0","override_like_counter":"0","like_counter_number":"0","override_dislike_counter":"0","dislike_counter_number":"0"},"jnews_post_split":{"enable_post_split":"0","post_split":[{"template":"1","tag":"h2","numbering":"asc","mode":"normal","first":"0","enable_toc":"0","toc_type":"normal"}]},"footnotes":""},"categories":[20],"tags":[],"class_list":["post-37137","post","type-post","status-publish","format-standard","has-post-thumbnail","hentry","category-municipales"],"jetpack_featured_media_url":"https:\/\/atecordoba.org\/wp-content\/uploads\/2023\/05\/trabajoprov-e1685554161608.jpg","_links":{"self":[{"href":"https:\/\/atecordoba.org\/index.php?rest_route=\/wp\/v2\/posts\/37137","targetHints":{"allow":["GET"]}}],"collection":[{"href":"https:\/\/atecordoba.org\/index.php?rest_route=\/wp\/v2\/posts"}],"about":[{"href":"https:\/\/atecordoba.org\/index.php?rest_route=\/wp\/v2\/types\/post"}],"author":[{"embeddable":true,"href":"https:\/\/atecordoba.org\/index.php?rest_route=\/wp\/v2\/users\/7"}],"replies":[{"embeddable":true,"href":"https:\/\/atecordoba.org\/index.php?rest_route=%2Fwp%2Fv2%2Fcomments&post=37137"}],"version-history":[{"count":2,"href":"https:\/\/atecordoba.org\/index.php?rest_route=\/wp\/v2\/posts\/37137\/revisions"}],"predecessor-version":[{"id":37143,"href":"https:\/\/atecordoba.org\/index.php?rest_route=\/wp\/v2\/posts\/37137\/revisions\/37143"}],"wp:featuredmedia":[{"embeddable":true,"href":"https:\/\/atecordoba.org\/index.php?rest_route=\/wp\/v2\/media\/37140"}],"wp:attachment":[{"href":"https:\/\/atecordoba.org\/index.php?rest_route=%2Fwp%2Fv2%2Fmedia&parent=37137"}],"wp:term":[{"taxonomy":"category","embeddable":true,"href":"https:\/\/atecordoba.org\/index.php?rest_route=%2Fwp%2Fv2%2Fcategories&post=37137"},{"taxonomy":"post_tag","embeddable":true,"href":"https:\/\/atecordoba.org\/index.php?rest_route=%2Fwp%2Fv2%2Ftags&post=37137"}],"curies":[{"name":"wp","href":"https:\/\/api.w.org\/{rel}","templated":true}]}}