{"id":3713,"date":"2013-12-16T16:51:57","date_gmt":"2013-12-16T19:51:57","guid":{"rendered":"http:\/\/www.atecordoba.org\/?p=3713"},"modified":"2013-12-16T16:51:57","modified_gmt":"2013-12-16T19:51:57","slug":"hospitales-continuan-el-plan-de-lucha","status":"publish","type":"post","link":"https:\/\/atecordoba.org\/?p=3713","title":{"rendered":"Hospitales contin\u00faan el plan de lucha"},"content":{"rendered":"<p><em>El cuerpo de delegados de ATE rechaz\u00f3 el bono pactado por el gobierno y un gremio local, y convoc\u00f3 a una asamblea \u00a0general para ma\u00f1ana en el Polo Sanitario. Se debatir\u00e1 movilizarse el jueves 19 con la CTA.<\/em><\/p>\n<p><a href=\"http:\/\/www.atecordoba.org\/wp-content\/uploads\/2013\/12\/marcha-salud.jpg\"><img loading=\"lazy\" decoding=\"async\" class=\"aligncenter size-full wp-image-3714\" alt=\"marcha salud\" src=\"http:\/\/www.atecordoba.org\/wp-content\/uploads\/2013\/12\/marcha-salud.jpg\" width=\"300\" height=\"209\" \/><\/a><\/p>\n<p>En una reuni\u00f3n del cuerpo de delegados de ATE del sector salud, los trabajadores resolvieron dar continuidad al plan de lucha en los hospitales p\u00fablicos provinciales. La medida obedece a la falta de respuestas a los leg\u00edtimos reclamos de los compa\u00f1eros enfermeros, m\u00e9dicos, administrativos y auxiliares del sistema sanitario provincial por una recomposici\u00f3n salarial que equipare el salario b\u00e1sico inicial con la canasta familiar.<\/p>\n<p>En el encuentro, realizado hoy en nuestra sede, los trabajadores dejaron sentado que el plan de lucha iniciado en septiembre pasado nunca pretendi\u00f3 lograr un bono de fin de a\u00f1o, acordado por un solo gremio, sino un aumento salarial que compense la p\u00e9rdida del poder adquisitivo, ocasionada por el proceso inflacionario.<\/p>\n<p>Adem\u00e1s, se suman los reclamos por pase a planta permanente de todos los compa\u00f1eros que sufren condiciones de trabajo contrarias a la ley, como contratos a plazo y monotributos, tal como se comprometiera el gobernador De la Sota en la \u00faltima campa\u00f1a electoral.<\/p>\n<p>En esa l\u00ednea, y en defensa de la salud p\u00fablica, los compa\u00f1eros exigen la urgente provisi\u00f3n de medicamentos e insumos para el normal funcionamiento del sistema hospitalario. Sin embargo, a contramano de este pedido, el Ministerio de Salud decret\u00f3 agilizar las derivaciones al sector privado, demostrando que hay plata para las cl\u00ednicas pero no para la atenci\u00f3n sanitaria en el sector p\u00fablico.<\/p>\n<p>En consecuencia, continuar\u00e1n en estado de ocupaci\u00f3n los hospitales Rawson, de Ni\u00f1os, San Roque, Tr\u00e1nsito C\u00e1ceres de Allende, C\u00f3rdoba, Misericordia, Maternidad Provincial, Neuropsiqui\u00e1trico. De la misma forma, proseguir\u00e1 la ocupaci\u00f3n de los centros de salud IPAD y Casa del Joven.<\/p>\n<p>Por todo ello, el cuerpo de delegados de ATE convoc\u00f3 a realizar ma\u00f1ana martes 17 de diciembre una asamblea general de trabajadores, en el Polo Sanitario a partir de las 10.30 horas. En la oportunidad, los compa\u00f1eros debatir\u00e1n la posibilidad de realizar una movilizaci\u00f3n para el jueves 19 de diciembre en el marco de la Jornada de Lucha y Movilizaci\u00f3n que convocan \u00a0ATE y CTA en todo el pa\u00eds.<\/p>\n<p>En tanto, se mantendr\u00e1n las guardias m\u00ednimas para la atenci\u00f3n de urgencias de los pacientes hospitalizados.<\/p>\n","protected":false},"excerpt":{"rendered":"<p>El cuerpo de delegados de ATE rechaz\u00f3 el bono pactado por el gobierno y un gremio local, y convoc\u00f3 a una asamblea \u00a0general para ma\u00f1ana en el Polo Sanitario. Se debatir\u00e1 movilizarse el jueves 19 con la CTA. En una reuni\u00f3n del cuerpo de delegados de ATE del sector salud, los trabajadores resolvieron dar continuidad [&hellip;]<\/p>\n","protected":false},"author":1,"featured_media":19220,"comment_status":"open","ping_status":"open","sticky":false,"template":"","format":"standard","meta":{"_exactmetrics_skip_tracking":false,"_exactmetrics_sitenote_active":false,"_exactmetrics_sitenote_note":"","_exactmetrics_sitenote_category":0,"jnews-multi-image_gallery":[],"jnews_single_post":[],"jnews_primary_category":[],"jnews_social_meta":[],"jnews_review":[],"enable_review":"","type":"","name":"","summary":"","brand":"","sku":"","good":[],"bad":[],"score_override":"","override_value":"","rating":[],"price":[],"jnews_override_counter":[],"jnews_post_split":[],"footnotes":""},"categories":[53,7,8],"tags":[],"class_list":["post-3713","post","type-post","status-publish","format-standard","has-post-thumbnail","hentry","category-comunicados-de-prensa","category-hospitales","category-provinciales"],"jetpack_featured_media_url":"https:\/\/atecordoba.org\/wp-content\/uploads\/2020\/05\/logo-nuevochico-e1561581322808.png","_links":{"self":[{"href":"https:\/\/atecordoba.org\/index.php?rest_route=\/wp\/v2\/posts\/3713","targetHints":{"allow":["GET"]}}],"collection":[{"href":"https:\/\/atecordoba.org\/index.php?rest_route=\/wp\/v2\/posts"}],"about":[{"href":"https:\/\/atecordoba.org\/index.php?rest_route=\/wp\/v2\/types\/post"}],"author":[{"embeddable":true,"href":"https:\/\/atecordoba.org\/index.php?rest_route=\/wp\/v2\/users\/1"}],"replies":[{"embeddable":true,"href":"https:\/\/atecordoba.org\/index.php?rest_route=%2Fwp%2Fv2%2Fcomments&post=3713"}],"version-history":[{"count":0,"href":"https:\/\/atecordoba.org\/index.php?rest_route=\/wp\/v2\/posts\/3713\/revisions"}],"wp:featuredmedia":[{"embeddable":true,"href":"https:\/\/atecordoba.org\/index.php?rest_route=\/wp\/v2\/media\/19220"}],"wp:attachment":[{"href":"https:\/\/atecordoba.org\/index.php?rest_route=%2Fwp%2Fv2%2Fmedia&parent=3713"}],"wp:term":[{"taxonomy":"category","embeddable":true,"href":"https:\/\/atecordoba.org\/index.php?rest_route=%2Fwp%2Fv2%2Fcategories&post=3713"},{"taxonomy":"post_tag","embeddable":true,"href":"https:\/\/atecordoba.org\/index.php?rest_route=%2Fwp%2Fv2%2Ftags&post=3713"}],"curies":[{"name":"wp","href":"https:\/\/api.w.org\/{rel}","templated":true}]}}