{"id":37127,"date":"2023-05-30T15:09:40","date_gmt":"2023-05-30T18:09:40","guid":{"rendered":"https:\/\/atecordoba.org\/?p=37127"},"modified":"2023-05-30T15:11:02","modified_gmt":"2023-05-30T18:11:02","slug":"rio-primero-paro-por-72-horas-ante-la-falta-de-respuestas-del-ejecutivo-a-los-reclamos-salariales","status":"publish","type":"post","link":"https:\/\/atecordoba.org\/?p=37127","title":{"rendered":"R\u00edo Primero: paro por 72 horas ante la falta de respuestas del Ejecutivo"},"content":{"rendered":"\n<div class=\"wp-block-image\"><figure class=\"aligncenter size-large is-resized\"><img loading=\"lazy\" decoding=\"async\" src=\"https:\/\/atecordoba.org\/wp-content\/uploads\/2023\/05\/WhatsApp-Image-2023-05-24-at-10.41.09-1-1024x576.jpeg\" alt=\"\" class=\"wp-image-37112\" width=\"768\" height=\"432\" \/><\/figure><\/div>\n\n\n\n<p>El l\u00ednea con lo realizado la semana pasada, hoy trabajadoras y trabajadores municipales de R\u00edo Primero resolvieron llevar a cabo otra triple jornada de paro, entre ma\u00f1ana y el viernes, es decir, por 72 horas, ante la falta de respuestas de la Municipalidad a los reclamos salariales que ATE viene llevando adelante en el mes de mayo.<\/p>\n\n\n\n<p>As\u00ed, tras desconocer el Ejecutivo la continuidad de las negociaciones que hab\u00eda propuesto la semana pasada, convocando a una audiencia para hoy que no se concret\u00f3, el personal municipal resolvi\u00f3 en asamblea frente a la misma sede comunal que desde ma\u00f1ana a las 0 horas comiencen las 72 horas de paro.<\/p>\n\n\n\n<p>&#8220;Sigue el plan de lucha porque el Ejecutivo no mejor\u00f3 la oferta. No propone m\u00e1s plata en negro, un 5% para mejorar el decreto que sac\u00f3 en enero. Es equivalente a un kilo y medio de carne. Los trabajadores merecemos cobrar salarios dignos para sostener a nuestras familias&#8221;, dijo el delegado de ATE, Jos\u00e9 Baigorria. <\/p>\n\n\n\n<p>ATE reclama una recomposici\u00f3n de 30% a junio para completar un primer semestre con 60% de aumento salarial, para equilibrar la escalada inflacionaria. Adem\u00e1s se solicita la incorporaci\u00f3n al b\u00e1sico de todos los pagos no remunerativos y en negro. <\/p>\n\n\n\n<div class=\"wp-block-image\"><figure class=\"aligncenter size-large\"><img loading=\"lazy\" decoding=\"async\" width=\"768\" height=\"1024\" src=\"https:\/\/atecordoba.org\/wp-content\/uploads\/2023\/05\/WhatsApp-Image-2023-05-30-at-13.36.16-2-768x1024.jpeg\" alt=\"\" class=\"wp-image-37128\" srcset=\"https:\/\/atecordoba.org\/wp-content\/uploads\/2023\/05\/WhatsApp-Image-2023-05-30-at-13.36.16-2-768x1023.jpeg 768w, https:\/\/atecordoba.org\/wp-content\/uploads\/2023\/05\/WhatsApp-Image-2023-05-30-at-13.36.16-2-225x300.jpeg 225w, https:\/\/atecordoba.org\/wp-content\/uploads\/2023\/05\/WhatsApp-Image-2023-05-30-at-13.36.16-2-1153x1536.jpeg 1153w, https:\/\/atecordoba.org\/wp-content\/uploads\/2023\/05\/WhatsApp-Image-2023-05-30-at-13.36.16-2-750x999.jpeg 750w, https:\/\/atecordoba.org\/wp-content\/uploads\/2023\/05\/WhatsApp-Image-2023-05-30-at-13.36.16-2-1140x1519.jpeg 1140w, https:\/\/atecordoba.org\/wp-content\/uploads\/2023\/05\/WhatsApp-Image-2023-05-30-at-13.36.16-2.jpeg 1200w\" sizes=\"auto, (max-width: 768px) 100vw, 768px\" \/><\/figure><\/div>\n","protected":false},"excerpt":{"rendered":"<p>El l\u00ednea con lo realizado la semana pasada, hoy trabajadoras y trabajadores municipales de R\u00edo Primero resolvieron llevar a cabo otra triple jornada de paro, entre ma\u00f1ana y el viernes, es decir, por 72 horas, ante la falta de respuestas de la Municipalidad a los reclamos salariales que ATE viene llevando adelante en el mes [&hellip;]<\/p>\n","protected":false},"author":7,"featured_media":37112,"comment_status":"open","ping_status":"open","sticky":false,"template":"","format":"standard","meta":{"_exactmetrics_skip_tracking":false,"_exactmetrics_sitenote_active":false,"_exactmetrics_sitenote_note":"","_exactmetrics_sitenote_category":0,"jnews-multi-image_gallery":[],"jnews_single_post":{"subtitle":"ATE reclama una recomposici\u00f3n de 30% a junio para completar un primer semestre con 60% de aumento salarial, para equilibrar la escalada inflacionaria. Adem\u00e1s se solicita la incorporaci\u00f3n al b\u00e1sico de todos los pagos no remunerativos y en negro. ","format":"standard","video":"","gallery":"","source_name":"","source_url":"","via_name":"","via_url":"","override_template":"0","override":[{"template":"1","single_blog_custom":"","parallax":"1","fullscreen":"1","layout":"right-sidebar","sidebar":"default-sidebar","second_sidebar":"default-sidebar","sticky_sidebar":"1","share_position":"top","share_float_style":"share-monocrhome","show_share_counter":"1","show_view_counter":"1","show_featured":"1","show_post_meta":"1","show_post_author":"1","show_post_author_image":"1","show_post_date":"1","post_date_format":"default","post_date_format_custom":"Y\/m\/d","show_post_category":"1","show_post_reading_time":"0","post_reading_time_wpm":"300","show_zoom_button":"0","zoom_button_out_step":"2","zoom_button_in_step":"3","show_post_tag":"1","show_prev_next_post":"1","show_popup_post":"1","number_popup_post":"1","show_author_box":"0","show_post_related":"0","show_inline_post_related":"0"}],"override_image_size":"0","image_override":[{"single_post_thumbnail_size":"crop-500","single_post_gallery_size":"crop-500"}],"trending_post":"0","trending_post_position":"meta","trending_post_label":"Trending","sponsored_post":"0","sponsored_post_label":"Sponsored by","sponsored_post_name":"","sponsored_post_url":"","sponsored_post_logo_enable":"0","sponsored_post_logo":"","sponsored_post_desc":"","disable_ad":"0"},"jnews_primary_category":{"id":""},"jnews_social_meta":{"fb_title":"","fb_description":"","fb_image":"","twitter_title":"","twitter_description":"","twitter_image":""},"jnews_review":[],"enable_review":"0","type":"percentage","name":"","summary":"","brand":"","sku":"","good":[{"good_text":""}],"bad":[{"bad_text":""}],"score_override":"","override_value":"","rating":[{"rating_text":"","rating_number":"10"}],"price":[{"shop":"","price":"","link":"","icon":""}],"jnews_override_counter":{"override_view_counter":"0","view_counter_number":"0","override_share_counter":"0","share_counter_number":"0","override_like_counter":"0","like_counter_number":"0","override_dislike_counter":"0","dislike_counter_number":"0"},"jnews_post_split":{"enable_post_split":"0","post_split":[{"template":"1","tag":"h2","numbering":"asc","mode":"normal","first":"0","enable_toc":"0","toc_type":"normal"}]},"footnotes":""},"categories":[20],"tags":[],"class_list":["post-37127","post","type-post","status-publish","format-standard","has-post-thumbnail","hentry","category-municipales"],"jetpack_featured_media_url":"https:\/\/atecordoba.org\/wp-content\/uploads\/2023\/05\/WhatsApp-Image-2023-05-24-at-10.41.09-1-e1685470175334.jpeg","_links":{"self":[{"href":"https:\/\/atecordoba.org\/index.php?rest_route=\/wp\/v2\/posts\/37127","targetHints":{"allow":["GET"]}}],"collection":[{"href":"https:\/\/atecordoba.org\/index.php?rest_route=\/wp\/v2\/posts"}],"about":[{"href":"https:\/\/atecordoba.org\/index.php?rest_route=\/wp\/v2\/types\/post"}],"author":[{"embeddable":true,"href":"https:\/\/atecordoba.org\/index.php?rest_route=\/wp\/v2\/users\/7"}],"replies":[{"embeddable":true,"href":"https:\/\/atecordoba.org\/index.php?rest_route=%2Fwp%2Fv2%2Fcomments&post=37127"}],"version-history":[{"count":2,"href":"https:\/\/atecordoba.org\/index.php?rest_route=\/wp\/v2\/posts\/37127\/revisions"}],"predecessor-version":[{"id":37130,"href":"https:\/\/atecordoba.org\/index.php?rest_route=\/wp\/v2\/posts\/37127\/revisions\/37130"}],"wp:featuredmedia":[{"embeddable":true,"href":"https:\/\/atecordoba.org\/index.php?rest_route=\/wp\/v2\/media\/37112"}],"wp:attachment":[{"href":"https:\/\/atecordoba.org\/index.php?rest_route=%2Fwp%2Fv2%2Fmedia&parent=37127"}],"wp:term":[{"taxonomy":"category","embeddable":true,"href":"https:\/\/atecordoba.org\/index.php?rest_route=%2Fwp%2Fv2%2Fcategories&post=37127"},{"taxonomy":"post_tag","embeddable":true,"href":"https:\/\/atecordoba.org\/index.php?rest_route=%2Fwp%2Fv2%2Ftags&post=37127"}],"curies":[{"name":"wp","href":"https:\/\/api.w.org\/{rel}","templated":true}]}}