{"id":37117,"date":"2023-05-29T10:40:35","date_gmt":"2023-05-29T13:40:35","guid":{"rendered":"https:\/\/atecordoba.org\/?p=37117"},"modified":"2023-05-29T10:41:27","modified_gmt":"2023-05-29T13:41:27","slug":"ate-prepara-su-renovacion-para-enfrentar-el-ajuste-en-el-estado-y-el-rionegrino-rody-aguiar-sera-candidato-a-secretario-general-nacional","status":"publish","type":"post","link":"https:\/\/atecordoba.org\/?p=37117","title":{"rendered":"ATE prepara su renovaci\u00f3n para enfrentar el ajuste en el Estado y el rionegrino Rody Aguiar ser\u00e1 candidato a Secretario General Nacional"},"content":{"rendered":"\n<div class=\"wp-block-image\"><figure class=\"aligncenter size-large is-resized\"><img loading=\"lazy\" decoding=\"async\" src=\"https:\/\/atecordoba.org\/wp-content\/uploads\/2023\/05\/encuentrodetrabajadores-51-1024x684.jpg\" alt=\"\" class=\"wp-image-37118\" width=\"768\" height=\"513\" \/><figcaption>Rodolfo Aguiar, en un paso reciente por C\u00f3rdoba. Es el candidato de Anusate para encabezar la conducci\u00f3n de ATE.<\/figcaption><\/figure><\/div>\n\n\n\n<p>(Fuente: Infogremiales.com.ar)<\/p>\n\n\n\n<p>El estreno de las modificaciones que se realizaron al Estatuto de ATE en 2022 ya se ven este a\u00f1o, m\u00e1s precisamente en el proceso electoral que ya empez\u00f3 a correr y tendr\u00e1 como fecha final los comicios del 9 de agosto. Hablamos de que el secretario general solamente puede estar dos per\u00edodos y la f\u00f3rmula debe ser mixta. As\u00ed es como&nbsp;Rodolfo Aguiar, trabajador de PAMI; junto a&nbsp;Mercedes Cabeza, trabajadora del Senasa, ser\u00e1n secretario general y adjunta por la lista ANUSATE (Agrupaci\u00f3n&nbsp;Nacional Unidad y Solidaridad de ATE). Ambos, al ser trabajadores nacionales, le podr\u00e1n dar una mirada m\u00e1s federal al sindicato. El tridente de poder de esta lista lo completa&nbsp;Oscar de Isasi&nbsp;(trabajador de la Salud de la Provincia de Buenos Aires) como candidato a Secretario Gremial.<\/p>\n\n\n\n<p>Cuando la Junta Electoral oficialice este lunes las listas es muy probable que figuren para competir con ANUSATE la Lista Multicolor, representando a la Izquierda; y la Lista Verde y Blanca, que podr\u00eda llevar como Secretario General al dirigente neuquino Carlos Quintriqueo y de adjunta a Agustina Panissa, quien es actualmente la segunda de Daniel \u00abTano\u00bb Catalano en la Ciudad Aut\u00f3noma de Buenos Aires.<\/p>\n\n\n\n<p>De esta manera queda fuera de juego en la conducci\u00f3n de ATE, Hugo \u00abCachorro\u00bb Godoy que salt\u00f3 a la cabeza de la CTA Aut\u00f3noma d\u00e1ndole lugar a Aguiar, que es rionegrino, y que se inici\u00f3 como delegado del PAMI en 1999. Luego ser\u00eda Secretario General de su regional patag\u00f3nica durante dos per\u00edodos y desde 2019 que es adjunto de ATE a nivel nacional.<\/p>\n\n\n\n<div class=\"wp-block-image\"><figure class=\"alignleft size-large is-resized\"><img loading=\"lazy\" decoding=\"async\" src=\"https:\/\/atecordoba.org\/wp-content\/uploads\/2023\/05\/aguiar2-1024x683.jpg\" alt=\"\" class=\"wp-image-37119\" width=\"512\" height=\"342\" srcset=\"https:\/\/atecordoba.org\/wp-content\/uploads\/2023\/05\/aguiar2-1024x683.jpg 1024w, https:\/\/atecordoba.org\/wp-content\/uploads\/2023\/05\/aguiar2-300x200.jpg 300w, https:\/\/atecordoba.org\/wp-content\/uploads\/2023\/05\/aguiar2-768x512.jpg 768w, https:\/\/atecordoba.org\/wp-content\/uploads\/2023\/05\/aguiar2-1536x1024.jpg 1536w, https:\/\/atecordoba.org\/wp-content\/uploads\/2023\/05\/aguiar2-2048x1365.jpg 2048w, https:\/\/atecordoba.org\/wp-content\/uploads\/2023\/05\/aguiar2-750x500.jpg 750w, https:\/\/atecordoba.org\/wp-content\/uploads\/2023\/05\/aguiar2-1140x760.jpg 1140w\" sizes=\"auto, (max-width: 512px) 100vw, 512px\" \/><figcaption>Aguiar en un acto en C\u00f3rdoba durante la pandemia.<\/figcaption><\/figure><\/div>\n\n\n\n<p>Por sus declaraciones m\u00e1s explosivas y por lo que vino publicando en sus redes respecto a los discursos para conformar esta lista se espera&nbsp;un ATE m\u00e1s combativo: no solo porque tiene encima una cuarentena de causas judiciales sobre sus espaldas por cortes de ruta y ocupaciones de dependencias p\u00fablicas, sino tambi\u00e9n por protagonizar en 2017 en R\u00edo Negro una movilizaci\u00f3n contra Mauricio Macri en una visita a ese territorio. Todo termin\u00f3 en incidentes y con Aguiar preso; esa fue la tercera vez que terminaba en un calabozo.<\/p>\n\n\n\n<p>Luego del final de la Dictadura, ATE volvi\u00f3, en 1984, a los trabajadores de la mano de V\u00edctor de Gennaro y Germ\u00e1n Abdala: al poco tiempo hubo una primera reforma del Estatuto para ampliar la capacidad de afiliaci\u00f3n del gremio con la intenci\u00f3n de llegar a los trabajadores provinciales. Ahora, y como parte de lo que ser\u00e1n los ejes de la pr\u00f3xima gesti\u00f3n, \u00abla idea es llegar a los municipales\u00bb dicen desde el entorno de la f\u00f3rmula. Por eso se espera una nueva reforma del Estatuto: buscan darle mayor capacidad de poder a estos trabajadores que en muchos casos se encuentran precarizados y con representaciones bastante pobres.<\/p>\n\n\n\n<p>De hecho, una deuda pendiente para con los trabajadores estatales nacionales es justamente&nbsp;bajar el nivel de precarizaci\u00f3n y por el otro recuperar los puntos de p\u00e9rdida del poder adquisitivo del salario. M\u00e1s all\u00e1 de las divisiones al momento de rubricar paritarias que tambi\u00e9n discute UPCN, solamente en el \u00faltimo acuerdo paritario con el gobierno de Alberto Fern\u00e1ndez, ATE no estuvo de acuerdo.<\/p>\n\n\n\n<div class=\"wp-block-image\"><figure class=\"alignright size-full is-resized\"><img loading=\"lazy\" decoding=\"async\" src=\"https:\/\/atecordoba.org\/wp-content\/uploads\/2023\/05\/aguiar.jpg\" alt=\"\" class=\"wp-image-37120\" width=\"440\" height=\"256\" srcset=\"https:\/\/atecordoba.org\/wp-content\/uploads\/2023\/05\/aguiar.jpg 880w, https:\/\/atecordoba.org\/wp-content\/uploads\/2023\/05\/aguiar-300x175.jpg 300w, https:\/\/atecordoba.org\/wp-content\/uploads\/2023\/05\/aguiar-768x447.jpg 768w, https:\/\/atecordoba.org\/wp-content\/uploads\/2023\/05\/aguiar-750x436.jpg 750w\" sizes=\"auto, (max-width: 440px) 100vw, 440px\" \/><\/figure><\/div>\n\n\n\n<p>Frente a un escenario&nbsp;de ajuste m\u00e1s all\u00e1 de qui\u00e9n gane las elecciones presidenciales, seguramente los posicionamientos en la paritaria ser\u00e1n mucho m\u00e1s duros; salvo que las negociaciones cubran las expectativas gremiales. Y un dato: hoy por hoy&nbsp;m\u00e1s del 60%&nbsp;de los&nbsp;trabajadores&nbsp;estatales son pobres en nuestro pa\u00eds.<\/p>\n\n\n\n<p>Durante la gesti\u00f3n de Aguiar-Cabezas, ATE&nbsp;cumplir\u00e1 100 a\u00f1os&nbsp;de vida: ser\u00e1 en 2025. M\u00e1s all\u00e1 de los festejos la dupla se propone ampliar la territorialidad y pasar de los 316.000 afiliados a los 500.000.<\/p>\n\n\n\n<p>Ser\u00e1 un desaf\u00edo en un futuro incierto donde no se sabr\u00e1 qui\u00e9n gobernar\u00e1 el pa\u00eds y que decisi\u00f3n vaya a tomar con las dependencias estatales. \u00abHabr\u00e1 mucho posicionamiento callejero\u00ab, advierten desde el entorno de la f\u00f3rmula de consenso.<\/p>\n\n\n\n<p><\/p>\n","protected":false},"excerpt":{"rendered":"<p>(Fuente: Infogremiales.com.ar) El estreno de las modificaciones que se realizaron al Estatuto de ATE en 2022 ya se ven este a\u00f1o, m\u00e1s precisamente en el proceso electoral que ya empez\u00f3 a correr y tendr\u00e1 como fecha final los comicios del 9 de agosto. Hablamos de que el secretario general solamente puede estar dos per\u00edodos y [&hellip;]<\/p>\n","protected":false},"author":7,"featured_media":37118,"comment_status":"open","ping_status":"open","sticky":false,"template":"","format":"standard","meta":{"_exactmetrics_skip_tracking":false,"_exactmetrics_sitenote_active":false,"_exactmetrics_sitenote_note":"","_exactmetrics_sitenote_category":0,"jnews-multi-image_gallery":[],"jnews_single_post":{"subtitle":"El actual Secretario Adjunto del Consejo Directivo Nacional encabeza la lista de la hist\u00f3rica agrupaci\u00f3n ANUSATE, que conduce casi la totalidad de las provincias del pa\u00eds y que tiene como referente en C\u00f3rdoba a Federico Giuliani.","format":"standard","video":"","gallery":"","source_name":"","source_url":"","via_name":"","via_url":"","override_template":"0","override":[{"template":"1","single_blog_custom":"","parallax":"1","fullscreen":"1","layout":"right-sidebar","sidebar":"default-sidebar","second_sidebar":"default-sidebar","sticky_sidebar":"1","share_position":"top","share_float_style":"share-monocrhome","show_share_counter":"1","show_view_counter":"1","show_featured":"1","show_post_meta":"1","show_post_author":"1","show_post_author_image":"1","show_post_date":"1","post_date_format":"default","post_date_format_custom":"Y\/m\/d","show_post_category":"1","show_post_reading_time":"0","post_reading_time_wpm":"300","show_zoom_button":"0","zoom_button_out_step":"2","zoom_button_in_step":"3","show_post_tag":"1","show_prev_next_post":"1","show_popup_post":"1","number_popup_post":"1","show_author_box":"0","show_post_related":"0","show_inline_post_related":"0"}],"override_image_size":"0","image_override":[{"single_post_thumbnail_size":"crop-500","single_post_gallery_size":"crop-500"}],"trending_post":"0","trending_post_position":"meta","trending_post_label":"Trending","sponsored_post":"0","sponsored_post_label":"Sponsored by","sponsored_post_name":"","sponsored_post_url":"","sponsored_post_logo_enable":"0","sponsored_post_logo":"","sponsored_post_desc":"","disable_ad":"0"},"jnews_primary_category":{"id":""},"jnews_social_meta":{"fb_title":"","fb_description":"","fb_image":"","twitter_title":"","twitter_description":"","twitter_image":""},"jnews_review":[],"enable_review":"0","type":"percentage","name":"","summary":"","brand":"","sku":"","good":[{"good_text":""}],"bad":[{"bad_text":""}],"score_override":"","override_value":"","rating":[{"rating_text":"","rating_number":"10"}],"price":[{"shop":"","price":"","link":"","icon":""}],"jnews_override_counter":{"override_view_counter":"0","view_counter_number":"0","override_share_counter":"0","share_counter_number":"0","override_like_counter":"0","like_counter_number":"0","override_dislike_counter":"0","dislike_counter_number":"0"},"jnews_post_split":{"enable_post_split":"0","post_split":[{"template":"1","tag":"h2","numbering":"asc","mode":"normal","first":"0","enable_toc":"0","toc_type":"normal"}]},"footnotes":""},"categories":[756],"tags":[],"class_list":["post-37117","post","type-post","status-publish","format-standard","has-post-thumbnail","hentry","category-consejo-directivo-nacional-cdn"],"jetpack_featured_media_url":"https:\/\/atecordoba.org\/wp-content\/uploads\/2023\/05\/encuentrodetrabajadores-51-scaled-e1685367630801.jpg","_links":{"self":[{"href":"https:\/\/atecordoba.org\/index.php?rest_route=\/wp\/v2\/posts\/37117","targetHints":{"allow":["GET"]}}],"collection":[{"href":"https:\/\/atecordoba.org\/index.php?rest_route=\/wp\/v2\/posts"}],"about":[{"href":"https:\/\/atecordoba.org\/index.php?rest_route=\/wp\/v2\/types\/post"}],"author":[{"embeddable":true,"href":"https:\/\/atecordoba.org\/index.php?rest_route=\/wp\/v2\/users\/7"}],"replies":[{"embeddable":true,"href":"https:\/\/atecordoba.org\/index.php?rest_route=%2Fwp%2Fv2%2Fcomments&post=37117"}],"version-history":[{"count":2,"href":"https:\/\/atecordoba.org\/index.php?rest_route=\/wp\/v2\/posts\/37117\/revisions"}],"predecessor-version":[{"id":37122,"href":"https:\/\/atecordoba.org\/index.php?rest_route=\/wp\/v2\/posts\/37117\/revisions\/37122"}],"wp:featuredmedia":[{"embeddable":true,"href":"https:\/\/atecordoba.org\/index.php?rest_route=\/wp\/v2\/media\/37118"}],"wp:attachment":[{"href":"https:\/\/atecordoba.org\/index.php?rest_route=%2Fwp%2Fv2%2Fmedia&parent=37117"}],"wp:term":[{"taxonomy":"category","embeddable":true,"href":"https:\/\/atecordoba.org\/index.php?rest_route=%2Fwp%2Fv2%2Fcategories&post=37117"},{"taxonomy":"post_tag","embeddable":true,"href":"https:\/\/atecordoba.org\/index.php?rest_route=%2Fwp%2Fv2%2Ftags&post=37117"}],"curies":[{"name":"wp","href":"https:\/\/api.w.org\/{rel}","templated":true}]}}