{"id":37092,"date":"2023-05-22T14:00:16","date_gmt":"2023-05-22T17:00:16","guid":{"rendered":"https:\/\/atecordoba.org\/?p=37092"},"modified":"2023-05-22T14:02:00","modified_gmt":"2023-05-22T17:02:00","slug":"un-22-de-mayo-como-hoy-nacia-en-cordoba-agustin-tosco","status":"publish","type":"post","link":"https:\/\/atecordoba.org\/?p=37092","title":{"rendered":"Homenaje: Un 22 de mayo nac\u00eda Agust\u00edn Tosco"},"content":{"rendered":"\n<p><\/p>\n\n\n\n<div class=\"wp-block-image\"><figure class=\"alignright size-full\"><img decoding=\"async\" src=\"https:\/\/atecordoba.org\/wp-content\/uploads\/2023\/05\/tosco.jpg\" alt=\"\" class=\"wp-image-37093\" \/><\/figure><\/div>\n\n\n\n<p>Un d\u00eda como hoy 22 de mayo pero de 1930 nac\u00eda un grande que pens\u00f3, actu\u00f3 y muri\u00f3 consecuentemente. Un orgullo nacional&#8230;. Agust\u00edn Jos\u00e9 Tosco naci\u00f3 un 22 de mayo de 1930 en la localidad de Coronel Moldes.<\/p>\n\n\n\n<p>&#8220;Nac\u00ed en el sur de C\u00f3rdoba en el a\u00f1o 1930. Mis padres eran campesinos y yo trabaj\u00e9 junto a ellos, desde chico, una parcela de tierra. Despu\u00e9s de cursar el colegio primario, me traslad\u00e9 a la ciudad e ingres\u00e9 como internado a una escuela de Artes y Oficios. All\u00ed se discut\u00eda mucho y ese di\u00e1logo permanente me incitaba a profundizar la lectura. Siempre me gust\u00f3 leer. En mi propia casa con piso de tierra y sin luz el\u00e9ctrica; me hab\u00eda construido una peque\u00f1a biblioteca, precaria pero accesible. De adolescente sol\u00eda preferir a Ingenieros; aunque positivista, ense\u00f1aba cosas. Cuando a los 17 a\u00f1os sal\u00ed a buscar una nueva ocupaci\u00f3n, recib\u00ed ense\u00f1anzas de otra \u00edndole: me aceptaban como aprendiz y entonces no me pagaban o me pagaban poco\u201d, cont\u00f3 sobre su infancia el m\u00edtico Agust\u00edn Tosco, el dirigente de Luz y Fuerza que se transform\u00f3 en icono del Cordobazo, que dio al Movimiento Obrero Organizado de C\u00f3rdoba trascendencia internacional en 1969 y fue punto de apoyo para terminar echando al dictador Juan Carlos Ongan\u00eda.<\/p>\n\n\n\n<p>De muy joven se forma como ayudante electricista en el taller electromec\u00e1nico, donde termina capacit\u00e1ndose como t\u00e9cnico especializado. \u201cPor aquella \u00e9poca ya hab\u00eda adquirido conciencia de los conflictos sociales, y hab\u00eda decidido tambi\u00e9n tomar partido por mi clase. A los 19 a\u00f1os fui elegido subdelegado, a los 20 ascend\u00ed a delegado. Mientras tanto, Per\u00f3n sub\u00eda al poder y yo miraba con simpat\u00eda al movimiento que levantaba un eslogan contra Braden.&#8221;<\/p>\n\n\n\n<p>Podr\u00eda agregarse que donde curs\u00f3, en calidad de interno, el ciclo b\u00e1sico industrial, Escuela de Trabajo Presidente Roca, fue elegido presidente del Centro de Alumnos y cuando es designado para hablar en el cierre del ciclo ataca el sistema que se lleva adelante en la escuela, se niega a recibir el diploma de parte del director y es ovacionado por sus compa\u00f1eros.<\/p>\n\n\n\n<div class=\"wp-block-image\"><figure class=\"aligncenter size-large\"><img loading=\"lazy\" decoding=\"async\" width=\"1024\" height=\"576\" src=\"https:\/\/atecordoba.org\/wp-content\/uploads\/2023\/05\/toscomarcha-1024x576.jpg\" alt=\"\" class=\"wp-image-37094\" srcset=\"https:\/\/atecordoba.org\/wp-content\/uploads\/2023\/05\/toscomarcha-1024x576.jpg 1024w, https:\/\/atecordoba.org\/wp-content\/uploads\/2023\/05\/toscomarcha-300x169.jpg 300w, https:\/\/atecordoba.org\/wp-content\/uploads\/2023\/05\/toscomarcha-768x432.jpg 768w, https:\/\/atecordoba.org\/wp-content\/uploads\/2023\/05\/toscomarcha-750x422.jpg 750w, https:\/\/atecordoba.org\/wp-content\/uploads\/2023\/05\/toscomarcha.jpg 1058w\" sizes=\"auto, (max-width: 1024px) 100vw, 1024px\" \/><\/figure><\/div>\n\n\n\n<p>Desde ATE tenemos presente al referente de todas las luchas obreras de C\u00f3rdoba y de Argentina, y facilitamos esta breve entrevista para conocer un poco m\u00e1s al dirigente que muri\u00f3 en la clandestinidad, perseguido por las bandas fascistas que gobernaron la provincia en 1975.<\/p>\n\n\n\n<p><strong>-\u00bfQu\u00e9 objetivos persigue como dirigente y como hombre?<\/strong><\/p>\n\n\n\n<p>-Hago lo que hago porque quiero a la justicia. Si bien yo nac\u00ed en una familia de peque\u00f1os propietarios y no he experimentado la injusticia que sufre tanta gente, tantos trabajadores, s\u00e9 que no s\u00f3lo lucha contra ella quien la padece, sino tambi\u00e9n quien la comprende. Claro que la represi\u00f3n la hemos sufrido nosotros tambi\u00e9n. Pero lo fundamental es que todos los que tenemos un concepto de justicia y equidad, debemos luchar para construir una nueva sociedad que permita al hombre salir de la enajenaci\u00f3n a que lo conduce este sistema que afecta hasta el derecho de vivir. La mortalidad infantil, el analfabetismo, la deficiencia sanitaria, la falta de vivienda son parte de este sistema injusto.<\/p>\n\n\n\n<p><strong>-\u00bfEs dif\u00edcil lograr coherencia entre lo que uno piensa y lo que uno hace?<\/strong><\/p>\n\n\n\n<p>-Es dif\u00edcil, si m\u00e1s a\u00fan en este tipo de sociedad cuando nosotros pretendemos tener una moral que no sea la t\u00edpica de esta sociedad, nos encontramos permanentemente con esta tabla de valores, que pretende colocar a toda la poblaci\u00f3n bajo su imperativo. Ahora es dif\u00edcil, pero no imposible. Llevar a la pr\u00e1ctica las ideas de uno requiere un esfuerzo, pero mucha gente lo hace.<\/p>\n\n\n\n<p><em>Intervenidos y reprimidos su sindicato y la CGT Regional, muere en la clandestinidad, producto de una dolorosa enfermedad infecciosa, el 5 de noviembre de 1975. Su cortejo f\u00fanebre es acompa\u00f1ado en C\u00f3rdoba por una inmensa multitud nunca antes vista.<\/em><\/p>\n","protected":false},"excerpt":{"rendered":"<p>Un d\u00eda como hoy 22 de mayo pero de 1930 nac\u00eda un grande que pens\u00f3, actu\u00f3 y muri\u00f3 consecuentemente. Un orgullo nacional&#8230;. Agust\u00edn Jos\u00e9 Tosco naci\u00f3 un 22 de mayo de 1930 en la localidad de Coronel Moldes. &#8220;Nac\u00ed en el sur de C\u00f3rdoba en el a\u00f1o 1930. Mis padres eran campesinos y yo trabaj\u00e9 [&hellip;]<\/p>\n","protected":false},"author":7,"featured_media":37093,"comment_status":"open","ping_status":"open","sticky":false,"template":"","format":"standard","meta":{"_exactmetrics_skip_tracking":false,"_exactmetrics_sitenote_active":false,"_exactmetrics_sitenote_note":"","_exactmetrics_sitenote_category":0,"jnews-multi-image_gallery":[],"jnews_single_post":{"subtitle":"Desde ATE tenemos presente al referente de todas las luchas obreras de C\u00f3rdoba y de Argentina, y facilitamos esta breve entrevista para conocer un poco m\u00e1s al dirigente que muri\u00f3 en la clandestinidad, perseguido por las bandas fascistas que gobernaron la provincia en 1975.","format":"standard","video":"","gallery":"","source_name":"","source_url":"","via_name":"","via_url":"","override_template":"0","override":[{"template":"1","single_blog_custom":"","parallax":"1","fullscreen":"1","layout":"right-sidebar","sidebar":"default-sidebar","second_sidebar":"default-sidebar","sticky_sidebar":"1","share_position":"top","share_float_style":"share-monocrhome","show_share_counter":"1","show_view_counter":"1","show_featured":"1","show_post_meta":"1","show_post_author":"1","show_post_author_image":"1","show_post_date":"1","post_date_format":"default","post_date_format_custom":"Y\/m\/d","show_post_category":"1","show_post_reading_time":"0","post_reading_time_wpm":"300","show_zoom_button":"0","zoom_button_out_step":"2","zoom_button_in_step":"3","show_post_tag":"1","show_prev_next_post":"1","show_popup_post":"1","number_popup_post":"1","show_author_box":"0","show_post_related":"0","show_inline_post_related":"0"}],"override_image_size":"0","image_override":[{"single_post_thumbnail_size":"crop-500","single_post_gallery_size":"crop-500"}],"trending_post":"0","trending_post_position":"meta","trending_post_label":"Trending","sponsored_post":"0","sponsored_post_label":"Sponsored by","sponsored_post_name":"","sponsored_post_url":"","sponsored_post_logo_enable":"0","sponsored_post_logo":"","sponsored_post_desc":"","disable_ad":"0"},"jnews_primary_category":{"id":""},"jnews_social_meta":{"fb_title":"","fb_description":"","fb_image":"","twitter_title":"","twitter_description":"","twitter_image":""},"jnews_review":[],"enable_review":"0","type":"percentage","name":"","summary":"","brand":"","sku":"","good":[{"good_text":""}],"bad":[{"bad_text":""}],"score_override":"","override_value":"","rating":[{"rating_text":"","rating_number":"10"}],"price":[{"shop":"","price":"","link":"","icon":""}],"jnews_override_counter":{"override_view_counter":"0","view_counter_number":"0","override_share_counter":"0","share_counter_number":"0","override_like_counter":"0","like_counter_number":"0","override_dislike_counter":"0","dislike_counter_number":"0"},"jnews_post_split":{"enable_post_split":"0","post_split":[{"template":"1","tag":"h2","numbering":"asc","mode":"normal","first":"0","enable_toc":"0","toc_type":"normal"}]},"footnotes":""},"categories":[10],"tags":[],"class_list":["post-37092","post","type-post","status-publish","format-standard","has-post-thumbnail","hentry","category-accion-politica"],"jetpack_featured_media_url":"https:\/\/atecordoba.org\/wp-content\/uploads\/2023\/05\/tosco-e1684774805844.jpg","_links":{"self":[{"href":"https:\/\/atecordoba.org\/index.php?rest_route=\/wp\/v2\/posts\/37092","targetHints":{"allow":["GET"]}}],"collection":[{"href":"https:\/\/atecordoba.org\/index.php?rest_route=\/wp\/v2\/posts"}],"about":[{"href":"https:\/\/atecordoba.org\/index.php?rest_route=\/wp\/v2\/types\/post"}],"author":[{"embeddable":true,"href":"https:\/\/atecordoba.org\/index.php?rest_route=\/wp\/v2\/users\/7"}],"replies":[{"embeddable":true,"href":"https:\/\/atecordoba.org\/index.php?rest_route=%2Fwp%2Fv2%2Fcomments&post=37092"}],"version-history":[{"count":3,"href":"https:\/\/atecordoba.org\/index.php?rest_route=\/wp\/v2\/posts\/37092\/revisions"}],"predecessor-version":[{"id":37097,"href":"https:\/\/atecordoba.org\/index.php?rest_route=\/wp\/v2\/posts\/37092\/revisions\/37097"}],"wp:featuredmedia":[{"embeddable":true,"href":"https:\/\/atecordoba.org\/index.php?rest_route=\/wp\/v2\/media\/37093"}],"wp:attachment":[{"href":"https:\/\/atecordoba.org\/index.php?rest_route=%2Fwp%2Fv2%2Fmedia&parent=37092"}],"wp:term":[{"taxonomy":"category","embeddable":true,"href":"https:\/\/atecordoba.org\/index.php?rest_route=%2Fwp%2Fv2%2Fcategories&post=37092"},{"taxonomy":"post_tag","embeddable":true,"href":"https:\/\/atecordoba.org\/index.php?rest_route=%2Fwp%2Fv2%2Ftags&post=37092"}],"curies":[{"name":"wp","href":"https:\/\/api.w.org\/{rel}","templated":true}]}}