{"id":3708,"date":"2013-12-12T17:17:52","date_gmt":"2013-12-12T20:17:52","guid":{"rendered":"http:\/\/www.atecordoba.org\/?p=3708"},"modified":"2013-12-12T17:17:52","modified_gmt":"2013-12-12T20:17:52","slug":"desafortunada-medida-del-nuevo-ministro-de-salud","status":"publish","type":"post","link":"https:\/\/atecordoba.org\/?p=3708","title":{"rendered":"Desafortunada medida del nuevo ministro de Salud"},"content":{"rendered":"<p style=\"text-align: left;\" align=\"center\"><em>ATE rechaz\u00f3 la primera medida que anunci\u00f3 el ministro Fortuna, que apunta a agilizar las derivaciones al sector privado, en vez de instrumentar las medidas necesarias para solucionar el conflicto hospitalario. Reuni\u00f3n del cuerpo de delegados confirm\u00f3 la continuidad de las ocupaciones de los hospitales hasta el lunes pr\u00f3ximo.<\/em><\/p>\n<p style=\"text-align: center;\" align=\"center\"><img loading=\"lazy\" decoding=\"async\" class=\"ngg-singlepic ngg-none aligncenter\" alt=\"15\" src=\"http:\/\/www.atecordoba.org\/wp-content\/gallery\/marcha-salud-panal-11-12-2013\/15.png\" width=\"640\" height=\"480\" \/><\/p>\n<p style=\"text-align: left;\" align=\"center\">Al inaugurar su mandato como responsable de la cartera de Salud, Francisco Fortuna, tom\u00f3, como primera medida, la resoluci\u00f3n de habilitar a los directores de los hospitales para derivar al sector privado aquellos casos que no se puedan atender en el sector p\u00fablico.<\/p>\n<p>ATE expresa su rechazo a esa desafortunada medida, ya que la misma deja en evidencia que hay recursos financieros para destinar al sistema de cl\u00ednicas, pero nada para los trabajadores de los hospitales, menos aun para insumos, medicamentos y la reparaci\u00f3n de la aparatolog\u00eda hospitalaria fuera de uso.<\/p>\n<p>Lo urgente y necesario es el di\u00e1logo con los trabajadores y la organizaci\u00f3n sindical que los representa, con el fin de normalizar el funcionamiento de los hospitales y tranquilizar a la comunidad que advierte sorprendida como el gobierno deja indefensa a la salud p\u00fablica, mientras beneficia a los empresarios de la salud.<\/p>\n<p>Adem\u00e1s, es p\u00fablico y notorio que el sistema privado tiene capacidad limitada de camas, por lo que \u00a0actualmente ya viene rechazando las derivaciones que se solicitan por medio del Ministerio, aduciendo falta de capacidad para recibir pacientes. Podemos suponer que menos aun lo har\u00e1n ante el simple pedido de un director.<\/p>\n<p>En consecuencia, ATE reclama a los nuevos funcionarios que den respuestas concretas a las necesidades de los trabajadores y los pacientes e instrumenten las medidas para solucionar los numerosos d\u00e9ficits de los centros de salud. Para ellos es imprescindible la apertura de una mesa de negociaci\u00f3n, que se ajuste a la realidad del sistema de salud.<\/p>\n<p><b>Cuerpo de delegados<\/b><\/p>\n<p>Durante la ma\u00f1ana el cuerpo de delegados de ATE se reuni\u00f3 en nuestra sede gremial para evaluar la movilizaci\u00f3n de ayer y analizar los pasos a seguir, en el marco del conflicto que mantiene ocupados 11 hospitales y centros de salud: Tr\u00e1nsito C\u00e1ceres de Allende, Misericordia, C\u00f3rdoba, Neonatal, Rawson, de Ni\u00f1os, San Roque, Maternidad provincial, Neuropsqui\u00e1trico, Ipad y Casa del Joven. A esto se le suma la ocupaci\u00f3n del Complejo Pablo Pizzurno, donde funciona el Ministerio de Desarrollo Social, entre otros organismos.<\/p>\n<p>Tras un rico debate se resolvi\u00f3 continuar con la ocupaci\u00f3n de todos los sectores en conflicto y mantener el estado de alerta hasta el lunes pr\u00f3ximo, ante la posibilidad de cualquier tipo de negociaci\u00f3n \u00a0y\/o ofrecimiento del gobierno provincial.<\/p>\n<p>El mandato de las asambleas de ATE determin\u00f3 que cualquier ofrecimiento debe contemplar una recomposici\u00f3n que equilibre el salario b\u00e1sico inicial con la canasta familiar, el pase a planta de contratos y monotributos, la designaci\u00f3n de personal para completar los planteles b\u00e1sicos, la provisi\u00f3n de insumos y medicamentos, y la reparaci\u00f3n de la aparatolog\u00eda e infraestructura edilicia.<\/p>\n<p>&nbsp;<\/p>\n<p>&nbsp;<\/p>\n<p>&nbsp;<\/p>\n","protected":false},"excerpt":{"rendered":"<p>ATE rechaz\u00f3 la primera medida que anunci\u00f3 el ministro Fortuna, que apunta a agilizar las derivaciones al sector privado, en vez de instrumentar las medidas necesarias para solucionar el conflicto hospitalario. Reuni\u00f3n del cuerpo de delegados confirm\u00f3 la continuidad de las ocupaciones de los hospitales hasta el lunes pr\u00f3ximo. Al inaugurar su mandato como responsable [&hellip;]<\/p>\n","protected":false},"author":1,"featured_media":19220,"comment_status":"open","ping_status":"open","sticky":false,"template":"","format":"standard","meta":{"_exactmetrics_skip_tracking":false,"_exactmetrics_sitenote_active":false,"_exactmetrics_sitenote_note":"","_exactmetrics_sitenote_category":0,"jnews-multi-image_gallery":[],"jnews_single_post":[],"jnews_primary_category":[],"jnews_social_meta":[],"jnews_review":[],"enable_review":"","type":"","name":"","summary":"","brand":"","sku":"","good":[],"bad":[],"score_override":"","override_value":"","rating":[],"price":[],"jnews_override_counter":[],"jnews_post_split":[],"footnotes":""},"categories":[53,7,8],"tags":[],"class_list":["post-3708","post","type-post","status-publish","format-standard","has-post-thumbnail","hentry","category-comunicados-de-prensa","category-hospitales","category-provinciales"],"jetpack_featured_media_url":"https:\/\/atecordoba.org\/wp-content\/uploads\/2020\/05\/logo-nuevochico-e1561581322808.png","_links":{"self":[{"href":"https:\/\/atecordoba.org\/index.php?rest_route=\/wp\/v2\/posts\/3708","targetHints":{"allow":["GET"]}}],"collection":[{"href":"https:\/\/atecordoba.org\/index.php?rest_route=\/wp\/v2\/posts"}],"about":[{"href":"https:\/\/atecordoba.org\/index.php?rest_route=\/wp\/v2\/types\/post"}],"author":[{"embeddable":true,"href":"https:\/\/atecordoba.org\/index.php?rest_route=\/wp\/v2\/users\/1"}],"replies":[{"embeddable":true,"href":"https:\/\/atecordoba.org\/index.php?rest_route=%2Fwp%2Fv2%2Fcomments&post=3708"}],"version-history":[{"count":0,"href":"https:\/\/atecordoba.org\/index.php?rest_route=\/wp\/v2\/posts\/3708\/revisions"}],"wp:featuredmedia":[{"embeddable":true,"href":"https:\/\/atecordoba.org\/index.php?rest_route=\/wp\/v2\/media\/19220"}],"wp:attachment":[{"href":"https:\/\/atecordoba.org\/index.php?rest_route=%2Fwp%2Fv2%2Fmedia&parent=3708"}],"wp:term":[{"taxonomy":"category","embeddable":true,"href":"https:\/\/atecordoba.org\/index.php?rest_route=%2Fwp%2Fv2%2Fcategories&post=3708"},{"taxonomy":"post_tag","embeddable":true,"href":"https:\/\/atecordoba.org\/index.php?rest_route=%2Fwp%2Fv2%2Ftags&post=3708"}],"curies":[{"name":"wp","href":"https:\/\/api.w.org\/{rel}","templated":true}]}}