{"id":37046,"date":"2023-05-19T13:07:41","date_gmt":"2023-05-19T16:07:41","guid":{"rendered":"https:\/\/atecordoba.org\/?p=37046"},"modified":"2023-05-19T13:14:41","modified_gmt":"2023-05-19T16:14:41","slug":"rio-primero-ate-rechazo-la-propuesta-salarial-por-insuficiente","status":"publish","type":"post","link":"https:\/\/atecordoba.org\/?p=37046","title":{"rendered":"R\u00edo Primero: ATE rechaz\u00f3 la propuesta salarial por insuficiente"},"content":{"rendered":"\n<div class=\"wp-block-image\"><figure class=\"aligncenter size-large is-resized\"><img loading=\"lazy\" decoding=\"async\" src=\"https:\/\/atecordoba.org\/wp-content\/uploads\/2023\/05\/WhatsApp-Image-2023-05-19-at-12.02.30-4-1024x576.jpeg\" alt=\"\" class=\"wp-image-37047\" width=\"768\" height=\"432\" srcset=\"https:\/\/atecordoba.org\/wp-content\/uploads\/2023\/05\/WhatsApp-Image-2023-05-19-at-12.02.30-4-1024x576.jpeg 1024w, https:\/\/atecordoba.org\/wp-content\/uploads\/2023\/05\/WhatsApp-Image-2023-05-19-at-12.02.30-4-300x169.jpeg 300w, https:\/\/atecordoba.org\/wp-content\/uploads\/2023\/05\/WhatsApp-Image-2023-05-19-at-12.02.30-4-768x432.jpeg 768w, https:\/\/atecordoba.org\/wp-content\/uploads\/2023\/05\/WhatsApp-Image-2023-05-19-at-12.02.30-4-750x422.jpeg 750w, https:\/\/atecordoba.org\/wp-content\/uploads\/2023\/05\/WhatsApp-Image-2023-05-19-at-12.02.30-4.jpeg 1080w\" sizes=\"auto, (max-width: 768px) 100vw, 768px\" \/><\/figure><\/div>\n\n\n\n<p>En el marco de la negociaci\u00f3n paritaria en que se desarrolla en la Municipalidad de R\u00edo Primero, hoy se llev\u00f3 a cabo una audiencia con el Departamento Ejecutivo donde se realiz\u00f3 una propuesta salarial para completar el tramo del primer semestre.<\/p>\n\n\n\n<p>La delegaci\u00f3n de ATE estuvo encabezada por el secretario General de nuestro organizaci\u00f3n, Federico Giuliani, acompa\u00f1ado por el cuerpo de delegados y delegadas en el sector. Tambi\u00e9n se cont\u00f3 con la presencia del secretario General de CTAA C\u00f3rdoba Capital, Jorge Chalup.<\/p>\n\n\n\n<p>Finalizada la audiencia, Giuliani traslad\u00f3 la propuesta a la asamblea de trabajadores que se encontraban afuera del edificio municipal. En una votaci\u00f3n un\u00e1nime los compa\u00f1eros rechazaron la propuesta por insuficiente.<\/p>\n\n\n\n<figure class=\"wp-block-gallery has-nested-images columns-default is-cropped wp-block-gallery-1 is-layout-flex wp-block-gallery-is-layout-flex\">\n<figure class=\"wp-block-image size-large\"><img loading=\"lazy\" decoding=\"async\" width=\"1024\" height=\"576\" data-id=\"37049\" src=\"https:\/\/atecordoba.org\/wp-content\/uploads\/2023\/05\/WhatsApp-Image-2023-05-19-at-12.02.30-5-1024x576.jpeg\" alt=\"\" class=\"wp-image-37049\" srcset=\"https:\/\/atecordoba.org\/wp-content\/uploads\/2023\/05\/WhatsApp-Image-2023-05-19-at-12.02.30-5-1024x576.jpeg 1024w, https:\/\/atecordoba.org\/wp-content\/uploads\/2023\/05\/WhatsApp-Image-2023-05-19-at-12.02.30-5-300x169.jpeg 300w, https:\/\/atecordoba.org\/wp-content\/uploads\/2023\/05\/WhatsApp-Image-2023-05-19-at-12.02.30-5-768x432.jpeg 768w, https:\/\/atecordoba.org\/wp-content\/uploads\/2023\/05\/WhatsApp-Image-2023-05-19-at-12.02.30-5-750x422.jpeg 750w, https:\/\/atecordoba.org\/wp-content\/uploads\/2023\/05\/WhatsApp-Image-2023-05-19-at-12.02.30-5.jpeg 1080w\" sizes=\"auto, (max-width: 1024px) 100vw, 1024px\" \/><\/figure>\n\n\n\n<figure class=\"wp-block-image size-large\"><img loading=\"lazy\" decoding=\"async\" width=\"1024\" height=\"576\" data-id=\"37048\" src=\"https:\/\/atecordoba.org\/wp-content\/uploads\/2023\/05\/WhatsApp-Image-2023-05-19-at-12.02.30-3-1024x576.jpeg\" alt=\"\" class=\"wp-image-37048\" \/><\/figure>\n<\/figure>\n\n\n\n<p>Giuliani explic\u00f3 que &#8220;en asamblea con los trabajadores y trabajadoras municipales de ATE definimos un Plan de Acci\u00f3n que comienza con un Paro por 72 horas desde el pr\u00f3ximo lunes 22 de mayo&#8221;.<\/p>\n\n\n\n<p>Las medidas de fuerza son la respuesta a la escasa oferta salarial oficial, en un contexto donde los salarios del sector se encuentran por debajo de la l\u00ednea de la pobreza. &#8220;Si no hay respuestas hay lucha&#8221;, concluy\u00f3 Giuliani.<\/p>\n","protected":false},"excerpt":{"rendered":"<p>En el marco de la negociaci\u00f3n paritaria en que se desarrolla en la Municipalidad de R\u00edo Primero, hoy se llev\u00f3 a cabo una audiencia con el Departamento Ejecutivo donde se realiz\u00f3 una propuesta salarial para completar el tramo del primer semestre. La delegaci\u00f3n de ATE estuvo encabezada por el secretario General de nuestro organizaci\u00f3n, Federico [&hellip;]<\/p>\n","protected":false},"author":7,"featured_media":37048,"comment_status":"open","ping_status":"open","sticky":false,"template":"","format":"standard","meta":{"_exactmetrics_skip_tracking":false,"_exactmetrics_sitenote_active":false,"_exactmetrics_sitenote_note":"","_exactmetrics_sitenote_category":0,"jnews-multi-image_gallery":[],"jnews_single_post":{"subtitle":"Tras realizarse una audiencia paritaria en la comuna, una asamblea de trabajadores que se encontraban afuera del edificio municipal rechaz\u00f3 en una votaci\u00f3n un\u00e1nime la propuesta oficial.","format":"standard","video":"","gallery":"","source_name":"","source_url":"","via_name":"","via_url":"","override_template":"0","override":[{"template":"1","single_blog_custom":"","parallax":"1","fullscreen":"1","layout":"right-sidebar","sidebar":"default-sidebar","second_sidebar":"default-sidebar","sticky_sidebar":"1","share_position":"top","share_float_style":"share-monocrhome","show_share_counter":"1","show_view_counter":"1","show_featured":"1","show_post_meta":"1","show_post_author":"1","show_post_author_image":"1","show_post_date":"1","post_date_format":"default","post_date_format_custom":"Y\/m\/d","show_post_category":"1","show_post_reading_time":"0","post_reading_time_wpm":"300","show_zoom_button":"0","zoom_button_out_step":"2","zoom_button_in_step":"3","show_post_tag":"1","show_prev_next_post":"1","show_popup_post":"1","number_popup_post":"1","show_author_box":"0","show_post_related":"0","show_inline_post_related":"0"}],"override_image_size":"0","image_override":[{"single_post_thumbnail_size":"crop-500","single_post_gallery_size":"crop-500"}],"trending_post":"0","trending_post_position":"meta","trending_post_label":"Trending","sponsored_post":"0","sponsored_post_label":"Sponsored by","sponsored_post_name":"","sponsored_post_url":"","sponsored_post_logo_enable":"0","sponsored_post_logo":"","sponsored_post_desc":"","disable_ad":"0"},"jnews_primary_category":{"id":""},"jnews_social_meta":{"fb_title":"","fb_description":"","fb_image":"","twitter_title":"","twitter_description":"","twitter_image":""},"jnews_review":[],"enable_review":"0","type":"percentage","name":"","summary":"","brand":"","sku":"","good":[{"good_text":""}],"bad":[{"bad_text":""}],"score_override":"","override_value":"","rating":[{"rating_text":"","rating_number":"10"}],"price":[{"shop":"","price":"","link":"","icon":""}],"jnews_override_counter":{"override_view_counter":"0","view_counter_number":"0","override_share_counter":"0","share_counter_number":"0","override_like_counter":"0","like_counter_number":"0","override_dislike_counter":"0","dislike_counter_number":"0"},"jnews_post_split":{"enable_post_split":"0","post_split":[{"template":"1","tag":"h2","numbering":"asc","mode":"normal","first":"0","enable_toc":"0","toc_type":"normal"}]},"footnotes":""},"categories":[20],"tags":[],"class_list":["post-37046","post","type-post","status-publish","format-standard","has-post-thumbnail","hentry","category-municipales"],"jetpack_featured_media_url":"https:\/\/atecordoba.org\/wp-content\/uploads\/2023\/05\/WhatsApp-Image-2023-05-19-at-12.02.30-3-e1684512456865.jpeg","_links":{"self":[{"href":"https:\/\/atecordoba.org\/index.php?rest_route=\/wp\/v2\/posts\/37046","targetHints":{"allow":["GET"]}}],"collection":[{"href":"https:\/\/atecordoba.org\/index.php?rest_route=\/wp\/v2\/posts"}],"about":[{"href":"https:\/\/atecordoba.org\/index.php?rest_route=\/wp\/v2\/types\/post"}],"author":[{"embeddable":true,"href":"https:\/\/atecordoba.org\/index.php?rest_route=\/wp\/v2\/users\/7"}],"replies":[{"embeddable":true,"href":"https:\/\/atecordoba.org\/index.php?rest_route=%2Fwp%2Fv2%2Fcomments&post=37046"}],"version-history":[{"count":2,"href":"https:\/\/atecordoba.org\/index.php?rest_route=\/wp\/v2\/posts\/37046\/revisions"}],"predecessor-version":[{"id":37051,"href":"https:\/\/atecordoba.org\/index.php?rest_route=\/wp\/v2\/posts\/37046\/revisions\/37051"}],"wp:featuredmedia":[{"embeddable":true,"href":"https:\/\/atecordoba.org\/index.php?rest_route=\/wp\/v2\/media\/37048"}],"wp:attachment":[{"href":"https:\/\/atecordoba.org\/index.php?rest_route=%2Fwp%2Fv2%2Fmedia&parent=37046"}],"wp:term":[{"taxonomy":"category","embeddable":true,"href":"https:\/\/atecordoba.org\/index.php?rest_route=%2Fwp%2Fv2%2Fcategories&post=37046"},{"taxonomy":"post_tag","embeddable":true,"href":"https:\/\/atecordoba.org\/index.php?rest_route=%2Fwp%2Fv2%2Ftags&post=37046"}],"curies":[{"name":"wp","href":"https:\/\/api.w.org\/{rel}","templated":true}]}}