{"id":3702,"date":"2013-12-11T14:43:14","date_gmt":"2013-12-11T17:43:14","guid":{"rendered":"http:\/\/www.atecordoba.org\/?p=3702"},"modified":"2013-12-11T14:43:14","modified_gmt":"2013-12-11T17:43:14","slug":"conflicto-hospitalario-los-trabajadores-marcharon-a-casa-de-gobierno-para-repudiar-el-saqueo-al-sistema-de-salud","status":"publish","type":"post","link":"https:\/\/atecordoba.org\/?p=3702","title":{"rendered":"Conflicto hospitalario: los trabajadores marcharon a Casa de Gobierno para repudiar el saqueo al sistema de salud"},"content":{"rendered":"<p><em>La multitudinaria movilizaci\u00f3n convocada por ATE reclam\u00f3 un salario b\u00e1sico inicial que iguales la canasta familiar. Tambi\u00e9n se reclam\u00f3 presuesto para el sistema de salud, carente de insumos, medicamentos y aparatolog\u00eda en condiciones de funcionamiento. &#8220;Estamos creciendo en organizaci\u00f3n&#8221;.<\/em><\/p>\n<p style=\"text-align: center;\"><img loading=\"lazy\" decoding=\"async\" class=\"ngg-singlepic ngg-none aligncenter\" alt=\"6_0\" src=\"http:\/\/www.atecordoba.org\/wp-content\/gallery\/marcha-salud-panal-11-12-2013\/6_0.png\" width=\"640\" height=\"480\" \/><\/p>\n<p style=\"text-align: left;\">Alrededor de las 10 horas los trabajadores de los diversos hospitales de C\u00f3rdoba Capital hicieron abandono de tareas para concentrar en le Polo Sanitario. En el lugar pod\u00edan divisarse banderas del Tr\u00e1nsito C\u00e1ceres de Allende, C\u00f3rdoba, Neurosiqui\u00e1trico, IPAD y Casa del Joven, que se unieron a aquellos centros de salud que est\u00e1n ubicados en el Polo: San Roque, De Ni\u00f1os, Rawson y Oncol\u00f3gico, todos bajo la consigna &#8216;basta de saqueo a la salud p\u00fablica: aumento salarial&#8217;. Tambi\u00e9n estuvieron presentes los compa\u00f1eros de la Asociaci\u00f3n Gremial de Empleados del Poder Judicial, y representantes de dos escuelas tomadas: los IPET 248 y 38.<\/p>\n<p style=\"text-align: left;\"><img loading=\"lazy\" decoding=\"async\" class=\"ngg-singlepic ngg-none alignleft\" alt=\"2\" src=\"http:\/\/www.atecordoba.org\/wp-content\/gallery\/marcha-salud-panal-11-12-2013\/2.png\" width=\"384\" height=\"288\" \/>Encabezados por las banderas de ATE y de otras organizaciones, los compa\u00f1eros arribaron a la Casa de Gobierno, que todos llaman &#8216;el panal&#8217; por su extra\u00f1o dise\u00f1o, gritando fuertes cr\u00edticas al gobernador De la Sota, as\u00ed como a la polic\u00eda que custodiaba el edificio. &#8220;Traidores, nos dejaron solos en los saqueos&#8221;, reclam\u00f3 una enfermera de delantal blanco en la cara de un efectivo que custodiaba el edificio. Ese grito manifest\u00f3 el clima que envolvi\u00f3 la movilizaci\u00f3n, engordada respecto a otras que se viene desarrollando los \u00faltimos meses, dado el aumento salarial que lograron los uniformados a consecuencia del acuartelamiento \u00a0de la semana pasada.<\/p>\n<p style=\"text-align: left;\">Representantes de distintos hospitales exigieron un aumento salarial que lleve el b\u00e1sico a 10 mil pesos. &#8220;Mientras atendemos en los hospitales a los muertos y heridos de los saqueos, el gobierno se nos r\u00ede en la cara, les aumenta el doble el sueldo a los polic\u00edas y a nosotros nos viene con el verso de que no hay plata desde hace tres meses&#8221;, exclam\u00f3 una delegada.<\/p>\n<p style=\"text-align: left;\">&#8220;La salud se encuentra en un estado total de abandono y los trabajadores exigimos un recomposici\u00f3n para sostener a nuestras familias. Vivimos en C\u00f3rdoba con un Estado ausente, que no se ocupa de la salud, la justicia y la educaci\u00f3n como no se ocup\u00f3 de la seguridad en estos d\u00edas. Son las responsabilidades esenciales del Estado que este gobierno provincial no cumple&#8221;, afirm\u00f3 ante la multitud Daniel Pawluchuzk, secretario de Prensa de ATE C\u00f3rdoba.<\/p>\n<p style=\"text-align: left;\">El dirigente valor\u00f3 la movilizaci\u00f3n y remarc\u00f3 que &#8220;aunque nos todav\u00eda nos falta, estamos creciendo en organizaci\u00f3n. Seguimos garantizando las <img loading=\"lazy\" decoding=\"async\" class=\"ngg-singlepic ngg-none alignright\" alt=\"13\" src=\"http:\/\/www.atecordoba.org\/wp-content\/gallery\/marcha-salud-panal-11-12-2013\/13.png\" width=\"384\" height=\"288\" \/>ocupaciones de los hospitales porque es una metodolog\u00eda leg\u00edtima de protesta&#8221;.<\/p>\n<p style=\"text-align: left;\">A su turno, Oscar Cacho Mengarelli, secretario General de la CTA C\u00f3rdoba y Adjunto de ATE C\u00f3rdoba, resalt\u00f3 que &#8220;los trabajadores no somos saqueadores ni desestabilizadores. Queremos un salario digno que cubra la canasta familiar. Es importante darle continuidad a este plan de lucha, en base a lo que decidan las asambleas. En estos \u00faltimos tiempos qued\u00f3 demostrado que ATE es legal y por m\u00e1s que De la Sota pretenda ningunearnos vamos a seguir peleando hasta que lo resuelvan los trabajadores. \u00a0No aceptamos el ajuste que nos quieren imponer&#8221;.<\/p>\n<p style=\"text-align: left;\">Luego, Cacho dedic\u00f3 un p\u00e1rrafo al amotinamiento policial para afirmar que &#8220;le decimos al gobierno que necesitamos una polic\u00eda democr\u00e1tica y reclamamos que no apliquen el C\u00f3digo de Falta para hacer razzias en los barrios&#8221;.<\/p>\n<p style=\"text-align: left;\">Tambi\u00e9n habl\u00f3 a los compa\u00f1eros presentes Walter Secondino, secretario General de la seccional Villa Mar\u00eda, que encarg\u00f3 de aclarar que el problema de la seguridad &#8220;no es el salario sino la necesidad de tener una fuerza dispuesta a reprimir a los trabajadores que estamos en la calle. Por eso decimos que la esperanza de empezar a cambiar esta realidad del sistema de salud es que los trabajadores estemos unidos, m\u00e1s all\u00e1 del gobierno de turno&#8221;.<\/p>\n<p style=\"text-align: left;\">Los distintos oradores resaltaron la falta de insumos, de medicamentos y la aparatolog\u00eda fuera de uso en todos los hospitales y exigieron una respuesta del gobierno al reclamo salarial.<\/p>\n<p style=\"text-align: left;\">Cecilia Ibarra, m\u00e9dica del hospital Rawson, resumi\u00f3 el estado actual de los centros de salud: &#8220;el principal saqueador de los hospitales es De la Sota que los convirti\u00f3 en c\u00e1scaras vac\u00edas. Esta semana envi\u00f3 a la empresa Kolector a retirar la recaudaci\u00f3n del hospital pero los trabajadores nos echamos, no vamos a permitir que sigan con el vaciamiento&#8221;.<\/p>\n<p style=\"text-align: left;\">Al concluir la movilizaci\u00f3n, se acord\u00f3 para ma\u00f1ana que se realizar\u00e1n asambleas en todos los hospitales para que eleven mandato a los delegados que se reunir\u00e1n en ATE a las 11 horas. a los efectos de determinar los pasos a seguir.<\/p>\n<p style=\"text-align: center;\"><img loading=\"lazy\" decoding=\"async\" class=\"ngg-singlepic ngg-none aligncenter\" alt=\"1_0\" src=\"http:\/\/www.atecordoba.org\/wp-content\/gallery\/marcha-salud-panal-11-12-2013\/1_0.png\" width=\"640\" height=\"480\" \/><\/p>\n<p style=\"text-align: center;\"><img loading=\"lazy\" decoding=\"async\" class=\"ngg-singlepic ngg-none aligncenter\" alt=\"9\" src=\"http:\/\/www.atecordoba.org\/wp-content\/gallery\/marcha-salud-panal-11-12-2013\/9.png\" width=\"640\" height=\"480\" \/><\/p>\n<p style=\"text-align: center;\"><img loading=\"lazy\" decoding=\"async\" class=\"ngg-singlepic ngg-none aligncenter\" alt=\"15\" src=\"http:\/\/www.atecordoba.org\/wp-content\/gallery\/marcha-salud-panal-11-12-2013\/15.png\" width=\"640\" height=\"480\" \/><\/p>\n<p style=\"text-align: center;\"><img loading=\"lazy\" decoding=\"async\" class=\"ngg-singlepic ngg-none aligncenter\" alt=\"secondino\" src=\"http:\/\/www.atecordoba.org\/wp-content\/gallery\/marcha-salud-panal-11-12-2013\/secondino.png\" width=\"640\" height=\"480\" \/><\/p>\n","protected":false},"excerpt":{"rendered":"<p>La multitudinaria movilizaci\u00f3n convocada por ATE reclam\u00f3 un salario b\u00e1sico inicial que iguales la canasta familiar. Tambi\u00e9n se reclam\u00f3 presuesto para el sistema de salud, carente de insumos, medicamentos y aparatolog\u00eda en condiciones de funcionamiento. &#8220;Estamos creciendo en organizaci\u00f3n&#8221;. Alrededor de las 10 horas los trabajadores de los diversos hospitales de C\u00f3rdoba Capital hicieron abandono [&hellip;]<\/p>\n","protected":false},"author":1,"featured_media":19220,"comment_status":"open","ping_status":"open","sticky":false,"template":"","format":"standard","meta":{"_exactmetrics_skip_tracking":false,"_exactmetrics_sitenote_active":false,"_exactmetrics_sitenote_note":"","_exactmetrics_sitenote_category":0,"jnews-multi-image_gallery":[],"jnews_single_post":[],"jnews_primary_category":[],"jnews_social_meta":[],"jnews_review":[],"enable_review":"","type":"","name":"","summary":"","brand":"","sku":"","good":[],"bad":[],"score_override":"","override_value":"","rating":[],"price":[],"jnews_override_counter":[],"jnews_post_split":[],"footnotes":""},"categories":[7,8],"tags":[],"class_list":["post-3702","post","type-post","status-publish","format-standard","has-post-thumbnail","hentry","category-hospitales","category-provinciales"],"jetpack_featured_media_url":"https:\/\/atecordoba.org\/wp-content\/uploads\/2020\/05\/logo-nuevochico-e1561581322808.png","_links":{"self":[{"href":"https:\/\/atecordoba.org\/index.php?rest_route=\/wp\/v2\/posts\/3702","targetHints":{"allow":["GET"]}}],"collection":[{"href":"https:\/\/atecordoba.org\/index.php?rest_route=\/wp\/v2\/posts"}],"about":[{"href":"https:\/\/atecordoba.org\/index.php?rest_route=\/wp\/v2\/types\/post"}],"author":[{"embeddable":true,"href":"https:\/\/atecordoba.org\/index.php?rest_route=\/wp\/v2\/users\/1"}],"replies":[{"embeddable":true,"href":"https:\/\/atecordoba.org\/index.php?rest_route=%2Fwp%2Fv2%2Fcomments&post=3702"}],"version-history":[{"count":0,"href":"https:\/\/atecordoba.org\/index.php?rest_route=\/wp\/v2\/posts\/3702\/revisions"}],"wp:featuredmedia":[{"embeddable":true,"href":"https:\/\/atecordoba.org\/index.php?rest_route=\/wp\/v2\/media\/19220"}],"wp:attachment":[{"href":"https:\/\/atecordoba.org\/index.php?rest_route=%2Fwp%2Fv2%2Fmedia&parent=3702"}],"wp:term":[{"taxonomy":"category","embeddable":true,"href":"https:\/\/atecordoba.org\/index.php?rest_route=%2Fwp%2Fv2%2Fcategories&post=3702"},{"taxonomy":"post_tag","embeddable":true,"href":"https:\/\/atecordoba.org\/index.php?rest_route=%2Fwp%2Fv2%2Ftags&post=3702"}],"curies":[{"name":"wp","href":"https:\/\/api.w.org\/{rel}","templated":true}]}}