{"id":37019,"date":"2023-05-17T15:26:53","date_gmt":"2023-05-17T18:26:53","guid":{"rendered":"https:\/\/atecordoba.org\/?p=37019"},"modified":"2023-05-17T15:26:53","modified_gmt":"2023-05-17T18:26:53","slug":"cura-brochero-constituyen-la-mesa-de-relaciones-laborales","status":"publish","type":"post","link":"https:\/\/atecordoba.org\/?p=37019","title":{"rendered":"Cura Brochero: constituyen la mesa de relaciones laborales"},"content":{"rendered":"\n<p><\/p>\n\n\n\n<div class=\"wp-block-image\"><figure class=\"aligncenter size-full\"><img loading=\"lazy\" decoding=\"async\" width=\"763\" height=\"554\" src=\"https:\/\/atecordoba.org\/wp-content\/uploads\/2023\/05\/IMG-20211001-WA0043.jpg\" alt=\"\" class=\"wp-image-37020\" srcset=\"https:\/\/atecordoba.org\/wp-content\/uploads\/2023\/05\/IMG-20211001-WA0043.jpg 763w, https:\/\/atecordoba.org\/wp-content\/uploads\/2023\/05\/IMG-20211001-WA0043-300x218.jpg 300w, https:\/\/atecordoba.org\/wp-content\/uploads\/2023\/05\/IMG-20211001-WA0043-120x86.jpg 120w, https:\/\/atecordoba.org\/wp-content\/uploads\/2023\/05\/IMG-20211001-WA0043-750x545.jpg 750w\" sizes=\"auto, (max-width: 763px) 100vw, 763px\" \/><figcaption>Reuni\u00f3n del cuerpo de delegados y delegadas de ATE con el Ejecutivo de Cura Brochero (archivo).<\/figcaption><\/figure><\/div>\n\n\n\n<p>Hoy se acord\u00f3 en la localidad de Cura Brochero, Valle de Traslasierra, la constituci\u00f3n de una Mesa de Relaciones Laborales dentro del \u00e1mbito municipal.<\/p>\n\n\n\n<p>El espacio contar\u00e1 por primera vez con representaci\u00f3n de ATE, dando cuenta del crecimiento organizativo que tiene nuestro gremio en el sector municipal del interior cordob\u00e9s. La Mesa tendr\u00e1 representaci\u00f3n del sindicato local, el Ejecutivo municipal y el Consejo Deliberante.<\/p>\n\n\n\n<p>Est\u00e1 previsto que la en 30 d\u00edas se ponga en funcionamiento el espacio de di\u00e1logo. Para la oportunidad ATE presentar\u00e1 la propuesta de iniciar un proceso de recategorizaciones, a los fines de que las y los compa\u00f1eros reciban la categor\u00eda correspondiente a las funciones que realiza y el salario acorde. <\/p>\n\n\n\n<p>Adem\u00e1s, nuestro gremio pedir\u00e1 el tratamiento del proyecto de estatuto del personal municipal que desde ATE ya presentamos al Ejecutivo municipal. <\/p>\n\n\n\n<p><\/p>\n","protected":false},"excerpt":{"rendered":"<p>Hoy se acord\u00f3 en la localidad de Cura Brochero, Valle de Traslasierra, la constituci\u00f3n de una Mesa de Relaciones Laborales dentro del \u00e1mbito municipal. El espacio contar\u00e1 por primera vez con representaci\u00f3n de ATE, dando cuenta del crecimiento organizativo que tiene nuestro gremio en el sector municipal del interior cordob\u00e9s. La Mesa tendr\u00e1 representaci\u00f3n del [&hellip;]<\/p>\n","protected":false},"author":7,"featured_media":37021,"comment_status":"open","ping_status":"open","sticky":false,"template":"","format":"standard","meta":{"_exactmetrics_skip_tracking":false,"_exactmetrics_sitenote_active":false,"_exactmetrics_sitenote_note":"","_exactmetrics_sitenote_category":0,"jnews-multi-image_gallery":[],"jnews_single_post":{"subtitle":"ATE presentar\u00e1 la propuesta de iniciar un proceso de recategorizaciones, a los fines de que las y los compa\u00f1eros reciban la categor\u00eda correspondiente a las funciones que realiza y el salario acorde. Adem\u00e1s, nuestro gremio pedir\u00e1 el tratamiento del proyecto de estatuto del personal municipal que desde ATE ya presentamos al Ejecutivo municipal. ","format":"standard","video":"","gallery":"","source_name":"","source_url":"","via_name":"","via_url":"","override_template":"0","override":[{"template":"1","single_blog_custom":"","parallax":"1","fullscreen":"1","layout":"right-sidebar","sidebar":"default-sidebar","second_sidebar":"default-sidebar","sticky_sidebar":"1","share_position":"top","share_float_style":"share-monocrhome","show_share_counter":"1","show_view_counter":"1","show_featured":"1","show_post_meta":"1","show_post_author":"1","show_post_author_image":"1","show_post_date":"1","post_date_format":"default","post_date_format_custom":"Y\/m\/d","show_post_category":"1","show_post_reading_time":"0","post_reading_time_wpm":"300","show_zoom_button":"0","zoom_button_out_step":"2","zoom_button_in_step":"3","show_post_tag":"1","show_prev_next_post":"1","show_popup_post":"1","number_popup_post":"1","show_author_box":"0","show_post_related":"0","show_inline_post_related":"0"}],"override_image_size":"0","image_override":[{"single_post_thumbnail_size":"crop-500","single_post_gallery_size":"crop-500"}],"trending_post":"0","trending_post_position":"meta","trending_post_label":"Trending","sponsored_post":"0","sponsored_post_label":"Sponsored by","sponsored_post_name":"","sponsored_post_url":"","sponsored_post_logo_enable":"0","sponsored_post_logo":"","sponsored_post_desc":"","disable_ad":"0"},"jnews_primary_category":{"id":""},"jnews_social_meta":{"fb_title":"","fb_description":"","fb_image":"","twitter_title":"","twitter_description":"","twitter_image":""},"jnews_review":[],"enable_review":"0","type":"percentage","name":"","summary":"","brand":"","sku":"","good":[{"good_text":""}],"bad":[{"bad_text":""}],"score_override":"","override_value":"","rating":[{"rating_text":"","rating_number":"10"}],"price":[{"shop":"","price":"","link":"","icon":""}],"jnews_override_counter":{"override_view_counter":"0","view_counter_number":"0","override_share_counter":"0","share_counter_number":"0","override_like_counter":"0","like_counter_number":"0","override_dislike_counter":"0","dislike_counter_number":"0"},"jnews_post_split":{"enable_post_split":"0","post_split":[{"template":"1","tag":"h2","numbering":"asc","mode":"normal","first":"0","enable_toc":"0","toc_type":"normal"}]},"footnotes":""},"categories":[20],"tags":[],"class_list":["post-37019","post","type-post","status-publish","format-standard","has-post-thumbnail","hentry","category-municipales"],"jetpack_featured_media_url":"https:\/\/atecordoba.org\/wp-content\/uploads\/2023\/05\/brochero.png","_links":{"self":[{"href":"https:\/\/atecordoba.org\/index.php?rest_route=\/wp\/v2\/posts\/37019","targetHints":{"allow":["GET"]}}],"collection":[{"href":"https:\/\/atecordoba.org\/index.php?rest_route=\/wp\/v2\/posts"}],"about":[{"href":"https:\/\/atecordoba.org\/index.php?rest_route=\/wp\/v2\/types\/post"}],"author":[{"embeddable":true,"href":"https:\/\/atecordoba.org\/index.php?rest_route=\/wp\/v2\/users\/7"}],"replies":[{"embeddable":true,"href":"https:\/\/atecordoba.org\/index.php?rest_route=%2Fwp%2Fv2%2Fcomments&post=37019"}],"version-history":[{"count":1,"href":"https:\/\/atecordoba.org\/index.php?rest_route=\/wp\/v2\/posts\/37019\/revisions"}],"predecessor-version":[{"id":37022,"href":"https:\/\/atecordoba.org\/index.php?rest_route=\/wp\/v2\/posts\/37019\/revisions\/37022"}],"wp:featuredmedia":[{"embeddable":true,"href":"https:\/\/atecordoba.org\/index.php?rest_route=\/wp\/v2\/media\/37021"}],"wp:attachment":[{"href":"https:\/\/atecordoba.org\/index.php?rest_route=%2Fwp%2Fv2%2Fmedia&parent=37019"}],"wp:term":[{"taxonomy":"category","embeddable":true,"href":"https:\/\/atecordoba.org\/index.php?rest_route=%2Fwp%2Fv2%2Fcategories&post=37019"},{"taxonomy":"post_tag","embeddable":true,"href":"https:\/\/atecordoba.org\/index.php?rest_route=%2Fwp%2Fv2%2Ftags&post=37019"}],"curies":[{"name":"wp","href":"https:\/\/api.w.org\/{rel}","templated":true}]}}