{"id":370,"date":"2010-05-17T17:28:14","date_gmt":"2010-05-17T20:28:14","guid":{"rendered":"http:\/\/www.atecordoba.org\/?p=370"},"modified":"2010-05-17T17:28:14","modified_gmt":"2010-05-17T20:28:14","slug":"anses-para-los-trabajadores","status":"publish","type":"post","link":"https:\/\/atecordoba.org\/?p=370","title":{"rendered":"Anses para los trabajadores"},"content":{"rendered":"<p><img loading=\"lazy\" decoding=\"async\" class=\"aligncenter size-full wp-image-371\" title=\"arton42-0f6cb\" src=\"http:\/\/www.atecordoba.org\/wp-content\/uploads\/2012\/06\/arton42-0f6cb.jpg\" alt=\"\" width=\"440\" height=\"330\" \/><\/p>\n<p><strong>La diputada nacional del Interbloque Proyecto Sur, integrante de la CTA provincia de Buenos Aires, estuvo en C\u00f3rdoba difundiendo el proyecto de Reforma del Sistema Previsional. En una encuentro realizado en ATE se produjo un interesante debate con los compa\u00f1eros de ATE-CTA de C\u00f3rdoba. Una breve cr\u00f3nica relata los momentos m\u00e1s destacados a cargo del compa\u00f1ero Mart\u00edn Stibel, de la CNC.<\/strong><\/p>\n<div>\n<p>(C\u00f3rdoba, 17-05-2010) El jueves 13 del corriente se hizo presente en la sede del CDP la diputada nacional Graciela Iturraspe, acompa\u00f1ada por Horacio Gonz\u00e1lez, abogado previsional del CDN de ATE, con el prop\u00f3sito de difundir el Nuevo Proyecto de Ley de Reforma Previsional.<\/p>\n<p>La disertaci\u00f3n dio comienzo a las 18 hs con las palabras de la secretaria general del CDP Maria Teresa Romero, haciendo las presentaciones correspondientes en donde destac\u00f3 la procedencia de los disertantes surgidos de ATE, en clara alusi\u00f3n al compromiso de los militantes de este sindicato en pos de la defensa del patrimonio de los trabajadores activos y jubilados.<\/p>\n<p>Acto seguido tomo la palabra la compa\u00f1era Iturraspe y, previo a abordar el tema del proyecto en s\u00ed, hizo hincapi\u00e9 en que la reforma previsional es una construcci\u00f3n colectiva y que \u201csi no somos capaces generar conciencia y sensibilidad en la sociedad y tomar una acci\u00f3n organizada que nos permita en cada provincia intervenir y difundir el proyecto, de generar fuerza organizada en cada lugar, dif\u00edcilmente el proyecto siquiera ser\u00e1 discutido en comisi\u00f3n en el Congreso\u201d. Agreg\u00f3 que por esas razones se esta recorriendo todo el pa\u00eds para generar el debate y promover la participaci\u00f3n que den fuerza a la iniciativa, adem\u00e1s de responder a dudas y recibir aportes que contribuyan a perfeccionarlo.<\/p>\n<p>Destac\u00f3 los ejes del proyecto: la autonom\u00eda econ\u00f3mica y financiara del sistema previsional, su administraci\u00f3n por los trabajadores y el derecho a la movilidad jubilatoria.<\/p>\n<p>En lo referente a la autonom\u00eda el proyecto propone una reforma en la constituci\u00f3n del ANSES en un organismo de car\u00e1cter p\u00fablico, no estatal, y aut\u00e1rquico en el que se conformar\u00e1 un directorio integrado por representantes de trabajadores activos, jubilados y del estado nacional: \u201cCreemos la previsi\u00f3n social debe estar en manos de sus leg\u00edtimos due\u00f1os\u201d.<\/p>\n<p>\u201cDe esta forma, las decisiones pol\u00edticas del directorio tendr\u00e1n como prioridad a los jubilados. Podr\u00e1 ocurrir que el Fondo de Garant\u00eda de Sustentabilidad preste dinero al Estado Nacional para cubrir necesidades sociales, pero de ning\u00fan modo para subsidiar los quebrantos de las grandes empresas multinacionales ni del sector financiero internacional, como ocurre hoy. Est\u00e1 bien que se destinen los fondos para la Asignaci\u00f3n Universal por Hijo, pero es una barbaridad que se destinen partidas para la General Motors y para el pago de la deuda cuando las necesidades b\u00e1sicas de los jubilados no est\u00e1n cubiertas\u201d, se\u00f1alo la diputada nacional.<\/p>\n<p>El proyecto establece que el sistema previsional tendr\u00e1 un car\u00e1cter de asignaci\u00f3n universal para que toda persona mayor tenga acceso al beneficio partiendo de la base del 82% sobre el m\u00ednimo vital y m\u00f3vil; para el caso de personas que no tengan la totalidad de los aportes realizados a consecuencia de la precarizaci\u00f3n de sus trabajos.<\/p>\n<p>Iturraspe critic\u00f3 a las pol\u00edticas de \u201carmonizaci\u00f3n\u201d que pretenden implementar gobiernos provinciales como el de esta provincia que implica una p\u00e9rdida de derechos para los jubilados. Estas pol\u00edticas tienen el objeto de bajar los haberes jubilatorios y dificultar el acceso al beneficio. Pero si alg\u00fan d\u00eda este proyecto se plasma en Ley, las \u201carmonizaci\u00f3n\u201d ser\u00eda beneficiosa y aplicable en forma homog\u00e9nea en todo el pa\u00eds.\u00a0<strong>Un derecho constitucional<\/strong>\u00a0Luego tom\u00f3 la palabra el compa\u00f1ero Horacio Gonz\u00e1lez qui\u00e9n destac\u00f3 que el proyecto se ajusta y sustenta en la Constituci\u00f3n Nacional que garantiza la movilidad jubilatoria, la autonom\u00eda econ\u00f3mica y financiera de los sistemas de seguridad social y su administraci\u00f3n por los interesados, o sea los trabajadores y el estado nacional, y que adem\u00e1s obedece a dar garant\u00eda a derechos humanos fundamentales como ser el derecho a la alimentaci\u00f3n, la salud, el vestido, el esparcimiento; de los que hoy los jubilados se ven postergados por el haber que perciben.<\/p>\n<p>Se refiri\u00f3 adem\u00e1s a que el asalto a los sistemas de jubilaci\u00f3n de reparto es un objetivo persistente por el sistema financiero internacional que pretende subordinar su administraci\u00f3n en funci\u00f3n de sus propios intereses y no de los trabajadores, tal como fue el caso de las AFJP.<\/p>\n<p>Finalizada la exposici\u00f3n se respondieron preguntas del p\u00fablico y se tomo nota de propuestas y aportes realizados por los asistentes.<\/p>\n<\/div>\n","protected":false},"excerpt":{"rendered":"<p>La diputada nacional del Interbloque Proyecto Sur, integrante de la CTA provincia de Buenos Aires, estuvo en C\u00f3rdoba difundiendo el proyecto de Reforma del Sistema Previsional. En una encuentro realizado en ATE se produjo un interesante debate con los compa\u00f1eros de ATE-CTA de C\u00f3rdoba. Una breve cr\u00f3nica relata los momentos m\u00e1s destacados a cargo del [&hellip;]<\/p>\n","protected":false},"author":1,"featured_media":19220,"comment_status":"open","ping_status":"open","sticky":false,"template":"","format":"standard","meta":{"_exactmetrics_skip_tracking":false,"_exactmetrics_sitenote_active":false,"_exactmetrics_sitenote_note":"","_exactmetrics_sitenote_category":0,"jnews-multi-image_gallery":[],"jnews_single_post":[],"jnews_primary_category":[],"jnews_social_meta":[],"jnews_review":[],"enable_review":"","type":"","name":"","summary":"","brand":"","sku":"","good":[],"bad":[],"score_override":"","override_value":"","rating":[],"price":[],"jnews_override_counter":[],"jnews_post_split":[],"footnotes":""},"categories":[22],"tags":[23],"class_list":["post-370","post","type-post","status-publish","format-standard","has-post-thumbnail","hentry","category-jubilados","tag-jubilados-2"],"jetpack_featured_media_url":"https:\/\/atecordoba.org\/wp-content\/uploads\/2020\/05\/logo-nuevochico-e1561581322808.png","_links":{"self":[{"href":"https:\/\/atecordoba.org\/index.php?rest_route=\/wp\/v2\/posts\/370","targetHints":{"allow":["GET"]}}],"collection":[{"href":"https:\/\/atecordoba.org\/index.php?rest_route=\/wp\/v2\/posts"}],"about":[{"href":"https:\/\/atecordoba.org\/index.php?rest_route=\/wp\/v2\/types\/post"}],"author":[{"embeddable":true,"href":"https:\/\/atecordoba.org\/index.php?rest_route=\/wp\/v2\/users\/1"}],"replies":[{"embeddable":true,"href":"https:\/\/atecordoba.org\/index.php?rest_route=%2Fwp%2Fv2%2Fcomments&post=370"}],"version-history":[{"count":0,"href":"https:\/\/atecordoba.org\/index.php?rest_route=\/wp\/v2\/posts\/370\/revisions"}],"wp:featuredmedia":[{"embeddable":true,"href":"https:\/\/atecordoba.org\/index.php?rest_route=\/wp\/v2\/media\/19220"}],"wp:attachment":[{"href":"https:\/\/atecordoba.org\/index.php?rest_route=%2Fwp%2Fv2%2Fmedia&parent=370"}],"wp:term":[{"taxonomy":"category","embeddable":true,"href":"https:\/\/atecordoba.org\/index.php?rest_route=%2Fwp%2Fv2%2Fcategories&post=370"},{"taxonomy":"post_tag","embeddable":true,"href":"https:\/\/atecordoba.org\/index.php?rest_route=%2Fwp%2Fv2%2Ftags&post=370"}],"curies":[{"name":"wp","href":"https:\/\/api.w.org\/{rel}","templated":true}]}}