{"id":37,"date":"2011-10-26T12:54:06","date_gmt":"2011-10-26T15:54:06","guid":{"rendered":"http:\/\/www.atecordoba.org\/?p=37"},"modified":"2011-10-26T12:54:06","modified_gmt":"2011-10-26T15:54:06","slug":"manana-concentracion-en-colon-y-general-paz-2","status":"publish","type":"post","link":"https:\/\/atecordoba.org\/?p=37","title":{"rendered":"Ma\u00f1ana, concentraci\u00f3n en Col\u00f3n y General Paz"},"content":{"rendered":"<p>(C\u00f3rdoba, 26-10-2011)<\/p>\n<p>En el marco de conflicto que mantienen los trabajadores de la salud de la provincia de C\u00f3rdoba, ma\u00f1ana jueves 27 de octubre se realizar\u00e1 una concentraci\u00f3n, a las 11horas, en la esquina de C\u00f3lon y General Paz, en la ciudad de C\u00f3rdoba. El acto contar\u00e1 con la presencia de ATE, UTS, la Interhospitalaria y las enfermeras en lucha.<\/p>\n<div>\n<p>Tal como est\u00e1 previsto, las columnas de trabajadores partir\u00e1n desde cada uno de los hospitales para confluir en el centro de la ciudad, abriendo la convocatoria a toda la comunidad cordobesa afectada por la falta de respuestas de gobierno a los justos reclamos de los compa\u00f1eros en lucha:<\/p>\n<p>* Salario inicial igual a la canasta familiar.<\/p>\n<p>* Todos los remunerativos al b\u00e1sico<\/p>\n<p>* Extensi\u00f3n de la figura de \u2019Recurso Humano Cr\u00edtico\u2019 a todos los trabajadores de la salud en la provincia<\/p>\n<p>En la oportunidad estar\u00e1n prensentes delegaciones de los hospitales del interior provincial.<\/p>\n<p>Para ma\u00f1ana, tras el \u00e9xito de la jornada de protesta realizada hoyen los distintos nosocomios, est\u00e1 previsto que las asambleas contin\u00faen sin l\u00edmite de horario, quedando sujeto a cada hospital la modalidad de la protesta en el caso que as\u00ed lo determinen los compa\u00f1eros.<\/p>\n<\/div>\n","protected":false},"excerpt":{"rendered":"<p>(C\u00f3rdoba, 26-10-2011) En el marco de conflicto que mantienen los trabajadores de la salud de la provincia de C\u00f3rdoba, ma\u00f1ana jueves 27 de octubre se realizar\u00e1 una concentraci\u00f3n, a las 11horas, en la esquina de C\u00f3lon y General Paz, en la ciudad de C\u00f3rdoba. El acto contar\u00e1 con la presencia de ATE, UTS, la Interhospitalaria [&hellip;]<\/p>\n","protected":false},"author":1,"featured_media":19220,"comment_status":"open","ping_status":"open","sticky":false,"template":"","format":"standard","meta":{"_exactmetrics_skip_tracking":false,"_exactmetrics_sitenote_active":false,"_exactmetrics_sitenote_note":"","_exactmetrics_sitenote_category":0,"jnews-multi-image_gallery":[],"jnews_single_post":[],"jnews_primary_category":[],"jnews_social_meta":[],"jnews_review":[],"enable_review":"","type":"","name":"","summary":"","brand":"","sku":"","good":[],"bad":[],"score_override":"","override_value":"","rating":[],"price":[],"jnews_override_counter":[],"jnews_post_split":[],"footnotes":""},"categories":[53],"tags":[54],"class_list":["post-37","post","type-post","status-publish","format-standard","has-post-thumbnail","hentry","category-comunicados-de-prensa","tag-comunicados-de-prensa-2"],"jetpack_featured_media_url":"https:\/\/atecordoba.org\/wp-content\/uploads\/2020\/05\/logo-nuevochico-e1561581322808.png","_links":{"self":[{"href":"https:\/\/atecordoba.org\/index.php?rest_route=\/wp\/v2\/posts\/37","targetHints":{"allow":["GET"]}}],"collection":[{"href":"https:\/\/atecordoba.org\/index.php?rest_route=\/wp\/v2\/posts"}],"about":[{"href":"https:\/\/atecordoba.org\/index.php?rest_route=\/wp\/v2\/types\/post"}],"author":[{"embeddable":true,"href":"https:\/\/atecordoba.org\/index.php?rest_route=\/wp\/v2\/users\/1"}],"replies":[{"embeddable":true,"href":"https:\/\/atecordoba.org\/index.php?rest_route=%2Fwp%2Fv2%2Fcomments&post=37"}],"version-history":[{"count":0,"href":"https:\/\/atecordoba.org\/index.php?rest_route=\/wp\/v2\/posts\/37\/revisions"}],"wp:featuredmedia":[{"embeddable":true,"href":"https:\/\/atecordoba.org\/index.php?rest_route=\/wp\/v2\/media\/19220"}],"wp:attachment":[{"href":"https:\/\/atecordoba.org\/index.php?rest_route=%2Fwp%2Fv2%2Fmedia&parent=37"}],"wp:term":[{"taxonomy":"category","embeddable":true,"href":"https:\/\/atecordoba.org\/index.php?rest_route=%2Fwp%2Fv2%2Fcategories&post=37"},{"taxonomy":"post_tag","embeddable":true,"href":"https:\/\/atecordoba.org\/index.php?rest_route=%2Fwp%2Fv2%2Ftags&post=37"}],"curies":[{"name":"wp","href":"https:\/\/api.w.org\/{rel}","templated":true}]}}