{"id":3699,"date":"2013-12-10T19:31:50","date_gmt":"2013-12-10T22:31:50","guid":{"rendered":"http:\/\/www.atecordoba.org\/?p=3699"},"modified":"2013-12-10T19:31:50","modified_gmt":"2013-12-10T22:31:50","slug":"conflicto-hospitalario-ate-moviliza-manana-al-centro-civico","status":"publish","type":"post","link":"https:\/\/atecordoba.org\/?p=3699","title":{"rendered":"Conflicto hospitalario: ATE moviliza ma\u00f1ana al Centro C\u00edvico"},"content":{"rendered":"<p><em>Tal como resolviera ayer el cuerpo de delegados del sector salud, ma\u00f1ana 11 de diciembre los trabajadores de los hospitales p\u00fablicos marchar\u00e1n al Centro C\u00edvico ante la falta de\u00a0respuestas de las autoridades provinciales a los reclamos del sector.<\/em><\/p>\n<p style=\"text-align: center;\"><img loading=\"lazy\" decoding=\"async\" class=\"ngg-singlepic ngg-none aligncenter\" alt=\"3\" src=\"http:\/\/www.atecordoba.org\/wp-content\/gallery\/marcha-hospitales-legislatura\/3.png\" width=\"640\" height=\"480\" \/><\/p>\n<p>ATE viene solicitando una urgente recomposici\u00f3n salarial que equipare el salario b\u00e1sico inicial con la canasta familiar, dada la ca\u00edda del poder adquisitivo que sufrieron los salarios durante el 2013. Adem\u00e1s, se reclama\u00a0el pase a planta de contratos y monotributos, nombramiento de personal para completar los planteles b\u00e1sicos, reparaci\u00f3n y mantenimiento de la aparatolog\u00eda fuera de uso, compra de insumos y medicamentos para los pacientes.<\/p>\n<p>Al mismo tiempo, se mantienen en estado de ocupaci\u00f3n los hospitales: Transito C\u00e1ceres de Allende, C\u00f3rdoba, Misericordia, de Ni\u00f1os, Rawson, Materno Neonatal, Maternidad Provincial, San Roque, Neuropsiqui\u00e1trico, Ipad y Casa del Joven.<\/p>\n<p>En ese sentido, ATE exhorta al gobernador De la Sota a que se ponga a la altura de las circunstancias y d\u00e9 respuesta a los reclamos de los trabajadores que desde septiembre vienen sosteniendo el plan de lucha.<\/p>\n","protected":false},"excerpt":{"rendered":"<p>Tal como resolviera ayer el cuerpo de delegados del sector salud, ma\u00f1ana 11 de diciembre los trabajadores de los hospitales p\u00fablicos marchar\u00e1n al Centro C\u00edvico ante la falta de\u00a0respuestas de las autoridades provinciales a los reclamos del sector. ATE viene solicitando una urgente recomposici\u00f3n salarial que equipare el salario b\u00e1sico inicial con la canasta familiar, [&hellip;]<\/p>\n","protected":false},"author":1,"featured_media":19220,"comment_status":"open","ping_status":"open","sticky":false,"template":"","format":"standard","meta":{"_exactmetrics_skip_tracking":false,"_exactmetrics_sitenote_active":false,"_exactmetrics_sitenote_note":"","_exactmetrics_sitenote_category":0,"jnews-multi-image_gallery":[],"jnews_single_post":[],"jnews_primary_category":[],"jnews_social_meta":[],"jnews_review":[],"enable_review":"","type":"","name":"","summary":"","brand":"","sku":"","good":[],"bad":[],"score_override":"","override_value":"","rating":[],"price":[],"jnews_override_counter":[],"jnews_post_split":[],"footnotes":""},"categories":[53,7,8],"tags":[],"class_list":["post-3699","post","type-post","status-publish","format-standard","has-post-thumbnail","hentry","category-comunicados-de-prensa","category-hospitales","category-provinciales"],"jetpack_featured_media_url":"https:\/\/atecordoba.org\/wp-content\/uploads\/2020\/05\/logo-nuevochico-e1561581322808.png","_links":{"self":[{"href":"https:\/\/atecordoba.org\/index.php?rest_route=\/wp\/v2\/posts\/3699","targetHints":{"allow":["GET"]}}],"collection":[{"href":"https:\/\/atecordoba.org\/index.php?rest_route=\/wp\/v2\/posts"}],"about":[{"href":"https:\/\/atecordoba.org\/index.php?rest_route=\/wp\/v2\/types\/post"}],"author":[{"embeddable":true,"href":"https:\/\/atecordoba.org\/index.php?rest_route=\/wp\/v2\/users\/1"}],"replies":[{"embeddable":true,"href":"https:\/\/atecordoba.org\/index.php?rest_route=%2Fwp%2Fv2%2Fcomments&post=3699"}],"version-history":[{"count":0,"href":"https:\/\/atecordoba.org\/index.php?rest_route=\/wp\/v2\/posts\/3699\/revisions"}],"wp:featuredmedia":[{"embeddable":true,"href":"https:\/\/atecordoba.org\/index.php?rest_route=\/wp\/v2\/media\/19220"}],"wp:attachment":[{"href":"https:\/\/atecordoba.org\/index.php?rest_route=%2Fwp%2Fv2%2Fmedia&parent=3699"}],"wp:term":[{"taxonomy":"category","embeddable":true,"href":"https:\/\/atecordoba.org\/index.php?rest_route=%2Fwp%2Fv2%2Fcategories&post=3699"},{"taxonomy":"post_tag","embeddable":true,"href":"https:\/\/atecordoba.org\/index.php?rest_route=%2Fwp%2Fv2%2Ftags&post=3699"}],"curies":[{"name":"wp","href":"https:\/\/api.w.org\/{rel}","templated":true}]}}