{"id":3693,"date":"2013-12-06T17:34:43","date_gmt":"2013-12-06T20:34:43","guid":{"rendered":"http:\/\/www.atecordoba.org\/?p=3693"},"modified":"2013-12-06T17:34:43","modified_gmt":"2013-12-06T20:34:43","slug":"unc-ate-reclama-un-bono-de-fin-de-ano-para-los-no-docentes","status":"publish","type":"post","link":"https:\/\/atecordoba.org\/?p=3693","title":{"rendered":"UNC: ATE reclama un bono de fin de a\u00f1o para los no docentes"},"content":{"rendered":"<p><em>Ante la ca\u00edda del poder adquisitivo del salario de los compa\u00f1eros no docentes, ATE reclam\u00f3 a las autoridades de la Universidad Nacional de C\u00f3rdoba el pago de un bono de fin de a\u00f1o, que promedie los $2000 , distribuido por categor\u00edas para el personal de planta permanente y con contratos equiparados. Para el caso de los monotributistas y contratados con salarios inferiores al m\u00ednimo de convenio el reclamo es por un bono de $4000.<\/em><\/p>\n<p><a href=\"http:\/\/www.atecordoba.org\/wp-content\/uploads\/2013\/11\/no-docentes-UNC.png\"><img loading=\"lazy\" decoding=\"async\" class=\"aligncenter size-full wp-image-3668\" alt=\"no docentes  UNC\" src=\"http:\/\/www.atecordoba.org\/wp-content\/uploads\/2013\/11\/no-docentes-UNC.png\" width=\"640\" height=\"480\" \/><\/a><\/p>\n<p>A esta altura del a\u00f1o, atento al incremento de precios que se produjo durante todo el 2013, ATE reclam\u00f3 a las autoridades de la Casa de Estudio que pague un bono de fin de a\u00f1o a todos los trabajadores no docentes de la UNC para ayudar a las familias a pasar las fiestas. El pedido contempla las diferentes categor\u00edas, partiendo de los $3000 para los compa\u00f1eros de la categor\u00eda inicial hasta los $1000 para la categor\u00eda m\u00e1xima.<\/p>\n<p>en ese sentido, y apelando a un principio de justicia distributiva, nuestro gremio reclam\u00f3 que este bono sea de $4000 para los compa\u00f1eros monotributistas y los contratados que no superen los m\u00ednimos de convenio. Muchos de ellos a duras penas alcanzan el salario m\u00ednimo, vital y m\u00f3vil.<\/p>\n<p>&#8220;Entendemos que los aumentos que se otorgaron durante el a\u00f1o en curso no alcanza a cubrir la canasta familiar que al d\u00eda de hoy ronda los $10000. Apelamos al sentido com\u00fan de las autoridades porque es un reclamo de estricta justicia&#8221;, dijo Francisco Pavan, vocal del Concejo Directivo Provincial.<\/p>\n<p>Al mismo tiempo, ATE solicit\u00f3 que se declare asueto administrativo los d\u00edas 23 y 24, 30 y 31 de diciembre para que los compa\u00f1eros puedan viajar a pasar las fiestas con su familias o prepararse para recibir a los familiares en sus hogares. &#8220;Las particularidades de la universidad permiten que se pueda aplicar una medida de esta naturaleza sin que se afecte el normal desenvolvimiento de las tareas a fin de a\u00f1o&#8221;, agreg\u00f3 Pavan.<\/p>\n<p>Las notas presentadas:<\/p>\n<p><a href=\"http:\/\/www.atecordoba.org\/wp-content\/uploads\/2013\/12\/atebono.jpg\"><img loading=\"lazy\" decoding=\"async\" class=\"aligncenter size-large wp-image-3695\" alt=\"atebono\" src=\"http:\/\/www.atecordoba.org\/wp-content\/uploads\/2013\/12\/atebono-717x1024.jpg\" width=\"717\" height=\"1024\" \/><\/a><\/p>\n<p>&nbsp;<\/p>\n<p><a href=\"http:\/\/www.atecordoba.org\/wp-content\/uploads\/2013\/12\/atebono-2.jpg\"><img loading=\"lazy\" decoding=\"async\" class=\"aligncenter size-large wp-image-3696\" alt=\"atebono (2)\" src=\"http:\/\/www.atecordoba.org\/wp-content\/uploads\/2013\/12\/atebono-2-717x1024.jpg\" width=\"717\" height=\"1024\" \/><\/a><\/p>\n<p>&nbsp;<\/p>\n<p><a href=\"http:\/\/www.atecordoba.org\/wp-content\/uploads\/2013\/12\/atebono-3.jpg\"><img loading=\"lazy\" decoding=\"async\" class=\"aligncenter size-large wp-image-3697\" alt=\"atebono (3)\" src=\"http:\/\/www.atecordoba.org\/wp-content\/uploads\/2013\/12\/atebono-3-717x1024.jpg\" width=\"717\" height=\"1024\" \/><\/a><\/p>\n","protected":false},"excerpt":{"rendered":"<p>Ante la ca\u00edda del poder adquisitivo del salario de los compa\u00f1eros no docentes, ATE reclam\u00f3 a las autoridades de la Universidad Nacional de C\u00f3rdoba el pago de un bono de fin de a\u00f1o, que promedie los $2000 , distribuido por categor\u00edas para el personal de planta permanente y con contratos equiparados. Para el caso de [&hellip;]<\/p>\n","protected":false},"author":1,"featured_media":19220,"comment_status":"open","ping_status":"open","sticky":false,"template":"","format":"standard","meta":{"_exactmetrics_skip_tracking":false,"_exactmetrics_sitenote_active":false,"_exactmetrics_sitenote_note":"","_exactmetrics_sitenote_category":0,"jnews-multi-image_gallery":[],"jnews_single_post":[],"jnews_primary_category":[],"jnews_social_meta":[],"jnews_review":[],"enable_review":"","type":"","name":"","summary":"","brand":"","sku":"","good":[],"bad":[],"score_override":"","override_value":"","rating":[],"price":[],"jnews_override_counter":[],"jnews_post_split":[],"footnotes":""},"categories":[18,89],"tags":[],"class_list":["post-3693","post","type-post","status-publish","format-standard","has-post-thumbnail","hentry","category-nacionales","category-unc"],"jetpack_featured_media_url":"https:\/\/atecordoba.org\/wp-content\/uploads\/2020\/05\/logo-nuevochico-e1561581322808.png","_links":{"self":[{"href":"https:\/\/atecordoba.org\/index.php?rest_route=\/wp\/v2\/posts\/3693","targetHints":{"allow":["GET"]}}],"collection":[{"href":"https:\/\/atecordoba.org\/index.php?rest_route=\/wp\/v2\/posts"}],"about":[{"href":"https:\/\/atecordoba.org\/index.php?rest_route=\/wp\/v2\/types\/post"}],"author":[{"embeddable":true,"href":"https:\/\/atecordoba.org\/index.php?rest_route=\/wp\/v2\/users\/1"}],"replies":[{"embeddable":true,"href":"https:\/\/atecordoba.org\/index.php?rest_route=%2Fwp%2Fv2%2Fcomments&post=3693"}],"version-history":[{"count":0,"href":"https:\/\/atecordoba.org\/index.php?rest_route=\/wp\/v2\/posts\/3693\/revisions"}],"wp:featuredmedia":[{"embeddable":true,"href":"https:\/\/atecordoba.org\/index.php?rest_route=\/wp\/v2\/media\/19220"}],"wp:attachment":[{"href":"https:\/\/atecordoba.org\/index.php?rest_route=%2Fwp%2Fv2%2Fmedia&parent=3693"}],"wp:term":[{"taxonomy":"category","embeddable":true,"href":"https:\/\/atecordoba.org\/index.php?rest_route=%2Fwp%2Fv2%2Fcategories&post=3693"},{"taxonomy":"post_tag","embeddable":true,"href":"https:\/\/atecordoba.org\/index.php?rest_route=%2Fwp%2Fv2%2Ftags&post=3693"}],"curies":[{"name":"wp","href":"https:\/\/api.w.org\/{rel}","templated":true}]}}