{"id":36891,"date":"2023-05-15T11:58:58","date_gmt":"2023-05-15T14:58:58","guid":{"rendered":"https:\/\/atecordoba.org\/?p=36891"},"modified":"2023-05-15T15:20:43","modified_gmt":"2023-05-15T18:20:43","slug":"con-la-agenda-que-viene","status":"publish","type":"post","link":"https:\/\/atecordoba.org\/?p=36891","title":{"rendered":"Con la agenda que viene"},"content":{"rendered":"\n<div class=\"wp-block-image\"><figure class=\"aligncenter size-large is-resized\"><img loading=\"lazy\" decoding=\"async\" src=\"https:\/\/atecordoba.org\/wp-content\/uploads\/2023\/05\/WhatsApp-Image-2023-05-15-at-09.34.50-1024x526.jpeg\" alt=\"\" class=\"wp-image-36892\" width=\"768\" height=\"395\" \/><\/figure><\/div>\n\n\n\n<p>La semana pasada se reuni\u00f3 el Departamento de G\u00e9neros y Diversidades del Consejo Directivo Provincial a los fines de organizar la intensa agenda de actividades que se va a desarrollar en lo sucesivo. <\/p>\n\n\n\n<p>En primer t\u00e9rmino, se abord\u00f3 el cronograma de los talleres de capacitaci\u00f3n y reflexi\u00f3n que se vienen realizando desde marzo. &#8220;Este mes de mayo vamos al Ministerio de Trabajo, junto a las abogadas de ATE para dar una capacitaci\u00f3n del convenio 190. El 24, en R\u00edo Tercero, estaremos con las trabajadoras de Paicor y de la Agrupaci\u00f3n Germ\u00e1n Abdala, brindando un taller denominado \u201cDimensiones del G\u00e9nero\u201d. Recibimos invitaci\u00f3n para participar en el evento contra la \u2018violencia obst\u00e9trica\u2019, que en C\u00f3rdoba realizar\u00e1 una campa\u00f1a m\u00e1s gr\u00e1fica&#8221;, explic\u00f3 la integrante de la Comisi\u00f3n Revisora de Cuentas del Consejo Directivo Provincial, Mar\u00eda Spaventa.<\/p>\n\n\n\n<p>A su vez, en la reuni\u00f3n se realiz\u00f3 un informe sobre la actualidad de la Intersindical de Mujeres,  donde se debati\u00f3 la participaci\u00f3n pol\u00edtica de la mujer entre otros temas.<\/p>\n\n\n\n<p>&#8220;Planificamos un documento que se largar\u00eda el 3 de junio pens\u00e1ndolo como Ni Una Menos para los lugares de trabajo para hablar sobre las situaciones de violencia, de acoso laboral, que muchas veces hacen que las personas que son violentadas tengan que tomarse licencias psiqui\u00e1tricas, las vacaciones, que sean ellas las que se ausenten de los lugares y no los o las violentas&#8221;, dijo Spaventa.<\/p>\n\n\n\n<p>En otro orden, las compa\u00f1eras abordaron la ley de cupo trans que en ATE se trat\u00f3 en ocasi\u00f3n de recibir la visita de la diputada M\u00f3nica Macha a nuestra organizaci\u00f3n. &#8220;Observamos que muchas veces son trabajos tan precarios que no terminan respetando el esp\u00edritu de la ley, que justamente impulsa que las personas trans pueden tener otra posibilidad. Pero al no cumplirse ese criterio muchas de las personas beneficiadas veces terminan renunciando y retornan a la marginalidad del trabajo sexual, o combinan esto \u00faltimo con el trabajo precario en el organismo estatal&#8221;, destall\u00f3 la compa\u00f1era. &#8220;Muchas veces las situaciones de violencia en los trabajo no respetan el esp\u00edritu de la ley&#8221;, concluy\u00f3.<\/p>\n\n\n\n<p>Por \u00faltimo, el Departamento de G\u00e9neros y Diversidades debati\u00f3 en torno a la participaci\u00f3n en pol\u00edticas de g\u00e9nero sindicales en el plenario de delegados nacionales.<\/p>\n","protected":false},"excerpt":{"rendered":"<p>La semana pasada se reuni\u00f3 el Departamento de G\u00e9neros y Diversidades del Consejo Directivo Provincial a los fines de organizar la intensa agenda de actividades que se va a desarrollar en lo sucesivo. En primer t\u00e9rmino, se abord\u00f3 el cronograma de los talleres de capacitaci\u00f3n y reflexi\u00f3n que se vienen realizando desde marzo. &#8220;Este mes [&hellip;]<\/p>\n","protected":false},"author":7,"featured_media":36894,"comment_status":"open","ping_status":"open","sticky":false,"template":"","format":"standard","meta":{"_exactmetrics_skip_tracking":false,"_exactmetrics_sitenote_active":false,"_exactmetrics_sitenote_note":"","_exactmetrics_sitenote_category":0,"jnews-multi-image_gallery":[],"jnews_single_post":{"subtitle":"\"Este mes de mayo vamos al Ministerio de Trabajo, junto a las abogadas de ATE para dar una capacitaci\u00f3n del convenio 190. El 24, en R\u00edo Tercero, estaremos con las trabajadores de Paicor y de la Agrupaci\u00f3n German Abdala, brindando un taller denominado \u201cDimensiones del G\u00e9nero\u201d. Recibimos invitaci\u00f3n para participar en el evento contra la \u2018violencia obst\u00e9trica\u2019, que en C\u00f3rdoba realizar\u00e1 una campa\u00f1a m\u00e1s gr\u00e1fica\", explic\u00f3 la delegada del Ministerio de Desarrollo Social, Mar\u00eda Spaventa.","format":"standard","video":"","gallery":"","source_name":"","source_url":"","via_name":"","via_url":"","override_template":"0","override":[{"template":"1","single_blog_custom":"","parallax":"1","fullscreen":"1","layout":"right-sidebar","sidebar":"default-sidebar","second_sidebar":"default-sidebar","sticky_sidebar":"1","share_position":"top","share_float_style":"share-monocrhome","show_share_counter":"1","show_view_counter":"1","show_featured":"1","show_post_meta":"1","show_post_author":"1","show_post_author_image":"1","show_post_date":"1","post_date_format":"default","post_date_format_custom":"Y\/m\/d","show_post_category":"1","show_post_reading_time":"0","post_reading_time_wpm":"300","show_zoom_button":"0","zoom_button_out_step":"2","zoom_button_in_step":"3","show_post_tag":"1","show_prev_next_post":"1","show_popup_post":"1","number_popup_post":"1","show_author_box":"0","show_post_related":"0","show_inline_post_related":"0"}],"override_image_size":"0","image_override":[{"single_post_thumbnail_size":"crop-500","single_post_gallery_size":"crop-500"}],"trending_post":"0","trending_post_position":"meta","trending_post_label":"Trending","sponsored_post":"0","sponsored_post_label":"Sponsored by","sponsored_post_name":"","sponsored_post_url":"","sponsored_post_logo_enable":"0","sponsored_post_logo":"","sponsored_post_desc":"","disable_ad":"0"},"jnews_primary_category":{"id":""},"jnews_social_meta":{"fb_title":"G\u00e9neros y Diversidades: la agenda que viene","fb_description":"","fb_image":"","twitter_title":"","twitter_description":"","twitter_image":""},"jnews_review":[],"enable_review":"0","type":"percentage","name":"","summary":"","brand":"","sku":"","good":[{"good_text":""}],"bad":[{"bad_text":""}],"score_override":"","override_value":"","rating":[{"rating_text":"","rating_number":"10"}],"price":[{"shop":"","price":"","link":"","icon":""}],"jnews_override_counter":{"override_view_counter":"0","view_counter_number":"0","override_share_counter":"0","share_counter_number":"0","override_like_counter":"0","like_counter_number":"0","override_dislike_counter":"0","dislike_counter_number":"0"},"jnews_post_split":{"enable_post_split":"0","post_split":[{"template":"1","tag":"h2","numbering":"asc","mode":"normal","first":"0","enable_toc":"0","toc_type":"normal"}]},"footnotes":""},"categories":[325],"tags":[],"class_list":["post-36891","post","type-post","status-publish","format-standard","has-post-thumbnail","hentry","category-generos-y-diversidades"],"jetpack_featured_media_url":"https:\/\/atecordoba.org\/wp-content\/uploads\/2023\/05\/generos-reunion.jpeg","_links":{"self":[{"href":"https:\/\/atecordoba.org\/index.php?rest_route=\/wp\/v2\/posts\/36891","targetHints":{"allow":["GET"]}}],"collection":[{"href":"https:\/\/atecordoba.org\/index.php?rest_route=\/wp\/v2\/posts"}],"about":[{"href":"https:\/\/atecordoba.org\/index.php?rest_route=\/wp\/v2\/types\/post"}],"author":[{"embeddable":true,"href":"https:\/\/atecordoba.org\/index.php?rest_route=\/wp\/v2\/users\/7"}],"replies":[{"embeddable":true,"href":"https:\/\/atecordoba.org\/index.php?rest_route=%2Fwp%2Fv2%2Fcomments&post=36891"}],"version-history":[{"count":4,"href":"https:\/\/atecordoba.org\/index.php?rest_route=\/wp\/v2\/posts\/36891\/revisions"}],"predecessor-version":[{"id":36903,"href":"https:\/\/atecordoba.org\/index.php?rest_route=\/wp\/v2\/posts\/36891\/revisions\/36903"}],"wp:featuredmedia":[{"embeddable":true,"href":"https:\/\/atecordoba.org\/index.php?rest_route=\/wp\/v2\/media\/36894"}],"wp:attachment":[{"href":"https:\/\/atecordoba.org\/index.php?rest_route=%2Fwp%2Fv2%2Fmedia&parent=36891"}],"wp:term":[{"taxonomy":"category","embeddable":true,"href":"https:\/\/atecordoba.org\/index.php?rest_route=%2Fwp%2Fv2%2Fcategories&post=36891"},{"taxonomy":"post_tag","embeddable":true,"href":"https:\/\/atecordoba.org\/index.php?rest_route=%2Fwp%2Fv2%2Ftags&post=36891"}],"curies":[{"name":"wp","href":"https:\/\/api.w.org\/{rel}","templated":true}]}}