{"id":3689,"date":"2013-12-06T16:36:20","date_gmt":"2013-12-06T19:36:20","guid":{"rendered":"http:\/\/www.atecordoba.org\/?p=3689"},"modified":"2013-12-06T16:36:20","modified_gmt":"2013-12-06T19:36:20","slug":"villa-maria-piden-pases-a-planta-permanente-en-la-fabrica-militar","status":"publish","type":"post","link":"https:\/\/atecordoba.org\/?p=3689","title":{"rendered":"Villa Mar\u00eda: Piden pases a planta permanente en la F\u00e1brica Militar"},"content":{"rendered":"<p><em>ATE denunci\u00f3 que m\u00e1s del 70% de los trabajadores del polvor\u00edn de\u00a0la F\u00e1brica Militar\u00a0de Villa Mar\u00eda son contratados. Lo que es m\u00e1s grave se\u00f1ala el gremio es que la mayor\u00eda del personal de planta se jubilan de ac\u00e1 a 5 a\u00f1os.<\/em><\/p>\n<p><a href=\"http:\/\/www.atecordoba.org\/wp-content\/uploads\/2013\/12\/fabrica-villa-maria-2-e1386358524545.jpg\"><img loading=\"lazy\" decoding=\"async\" class=\"aligncenter size-full wp-image-3690\" alt=\"fabrica villa maria 2\" src=\"http:\/\/www.atecordoba.org\/wp-content\/uploads\/2013\/12\/fabrica-villa-maria-2-e1386358524545.jpg\" width=\"700\" height=\"462\" \/><\/a><\/p>\n<p>En el marco de esta problem\u00e1tica\u00a0 ATE- Villa Mar\u00eda mantiene reuniones con los funcionarios de la planta pidiendo que se resuelva la situaci\u00f3n laboral de los trabajadores contratados.\u00a0 En el planteo ante las autoridades el gremio sostiene que el art\u00edculo 2 del Estatuto del Empleado Civil de Fabricaciones Militares subraya que en la medida que se generen las vacantes estas pueden cubrirse con los trabajadores contratados.<\/p>\n<p>Un punto grave es que afecta a la producci\u00f3n es perder la experiencia de los trabajadores de la planta cuando a m\u00e1s tardar en 5 a\u00f1os le llegue la jubilaci\u00f3n a la totalidad del personal. \u201cPara el recambio hay que capacitar y esto implica permitir que los compa\u00f1eros que se van formando alcancen su ingreso a la planta permanente\u201d, se\u00f1alaron los dirigentes de\u00a0la ATE\u00a0local. Es por ello que se esperan se\u00f1ales favorables para antes del mes de marzo, que es cuando comienza la producci\u00f3n m\u00e1s fuerte de la f\u00e1brica.<\/p>\n<p>Los otros puntos llevados por ATE ante los funcionarios fueron las recategorizaciones y el blanqueo de las sumas en negro.<\/p>\n","protected":false},"excerpt":{"rendered":"<p>ATE denunci\u00f3 que m\u00e1s del 70% de los trabajadores del polvor\u00edn de\u00a0la F\u00e1brica Militar\u00a0de Villa Mar\u00eda son contratados. Lo que es m\u00e1s grave se\u00f1ala el gremio es que la mayor\u00eda del personal de planta se jubilan de ac\u00e1 a 5 a\u00f1os. En el marco de esta problem\u00e1tica\u00a0 ATE- Villa Mar\u00eda mantiene reuniones con los funcionarios [&hellip;]<\/p>\n","protected":false},"author":1,"featured_media":19220,"comment_status":"open","ping_status":"open","sticky":false,"template":"","format":"standard","meta":{"_exactmetrics_skip_tracking":false,"_exactmetrics_sitenote_active":false,"_exactmetrics_sitenote_note":"","_exactmetrics_sitenote_category":0,"jnews-multi-image_gallery":[],"jnews_single_post":[],"jnews_primary_category":[],"jnews_social_meta":[],"jnews_review":[],"enable_review":"","type":"","name":"","summary":"","brand":"","sku":"","good":[],"bad":[],"score_override":"","override_value":"","rating":[],"price":[],"jnews_override_counter":[],"jnews_post_split":[],"footnotes":""},"categories":[18,34,14],"tags":[],"class_list":["post-3689","post","type-post","status-publish","format-standard","has-post-thumbnail","hentry","category-nacionales","category-seccionales","category-villa-maria"],"jetpack_featured_media_url":"https:\/\/atecordoba.org\/wp-content\/uploads\/2020\/05\/logo-nuevochico-e1561581322808.png","_links":{"self":[{"href":"https:\/\/atecordoba.org\/index.php?rest_route=\/wp\/v2\/posts\/3689","targetHints":{"allow":["GET"]}}],"collection":[{"href":"https:\/\/atecordoba.org\/index.php?rest_route=\/wp\/v2\/posts"}],"about":[{"href":"https:\/\/atecordoba.org\/index.php?rest_route=\/wp\/v2\/types\/post"}],"author":[{"embeddable":true,"href":"https:\/\/atecordoba.org\/index.php?rest_route=\/wp\/v2\/users\/1"}],"replies":[{"embeddable":true,"href":"https:\/\/atecordoba.org\/index.php?rest_route=%2Fwp%2Fv2%2Fcomments&post=3689"}],"version-history":[{"count":0,"href":"https:\/\/atecordoba.org\/index.php?rest_route=\/wp\/v2\/posts\/3689\/revisions"}],"wp:featuredmedia":[{"embeddable":true,"href":"https:\/\/atecordoba.org\/index.php?rest_route=\/wp\/v2\/media\/19220"}],"wp:attachment":[{"href":"https:\/\/atecordoba.org\/index.php?rest_route=%2Fwp%2Fv2%2Fmedia&parent=3689"}],"wp:term":[{"taxonomy":"category","embeddable":true,"href":"https:\/\/atecordoba.org\/index.php?rest_route=%2Fwp%2Fv2%2Fcategories&post=3689"},{"taxonomy":"post_tag","embeddable":true,"href":"https:\/\/atecordoba.org\/index.php?rest_route=%2Fwp%2Fv2%2Ftags&post=3689"}],"curies":[{"name":"wp","href":"https:\/\/api.w.org\/{rel}","templated":true}]}}