{"id":36882,"date":"2023-05-12T14:09:17","date_gmt":"2023-05-12T17:09:17","guid":{"rendered":"https:\/\/atecordoba.org\/?p=36882"},"modified":"2023-05-12T14:09:18","modified_gmt":"2023-05-12T17:09:18","slug":"en-audiencia-paritaria-en-rio-primero-ate-pidio-30-de-aumento-para-llegar-al-60-en-junio","status":"publish","type":"post","link":"https:\/\/atecordoba.org\/?p=36882","title":{"rendered":"En audiencia paritaria en R\u00edo Primero ATE pidi\u00f3 30% de aumento para llegar al 60% en junio"},"content":{"rendered":"\n<p><\/p>\n\n\n\n<div class=\"wp-block-image\"><figure class=\"aligncenter size-large is-resized\"><img loading=\"lazy\" decoding=\"async\" src=\"https:\/\/atecordoba.org\/wp-content\/uploads\/2023\/05\/WhatsApp-Image-2023-05-12-at-12.47.29-1024x768.jpeg\" alt=\"\" class=\"wp-image-36883\" width=\"768\" height=\"576\" \/><\/figure><\/div>\n\n\n\n<p>Hoy se llev\u00f3 a cabo la audiencia paritaria en R\u00edo Primero entre la Municipalidad y ATE donde nuestra organizaci\u00f3n llev\u00f3 la propuesta de recomposici\u00f3n salarial ante el Ejecutivo de la localidad.<\/p>\n\n\n\n<p>En la oportunidad, la delegaci\u00f3n sindical estuvo encabezada por el secretario General de ATE, Federico Giuliani, acompa\u00f1ado por el secretario General de la CTAA C\u00f3rdoba Capital, Jorge Chalup, y el cuerpo de delegados y delegadas de ATE R\u00edo Primero. En tanto, por la Municipalidad estuvo presente el secretario de Gobierno, Angel Vicente Pe\u00f1aloza Tejeda.<\/p>\n\n\n\n<p>&#8220;Pedimos sobre el aumento de principios de a\u00f1o un 30% m\u00e1s acumulativo y un 15% no remunerativo del a\u00f1o pasado se blanquee en junio&#8221;, explic\u00f3 Giuliani a finalizar la audiencia.<\/p>\n\n\n\n<figure class=\"wp-block-gallery has-nested-images columns-default is-cropped wp-block-gallery-1 is-layout-flex wp-block-gallery-is-layout-flex\">\n<figure class=\"wp-block-image size-large\"><a href=\"https:\/\/atecordoba.org\/wp-content\/uploads\/2023\/05\/WhatsApp-Image-2023-05-12-at-12.47.33.jpeg\"><img loading=\"lazy\" decoding=\"async\" width=\"1024\" height=\"768\" data-id=\"36884\" src=\"https:\/\/atecordoba.org\/wp-content\/uploads\/2023\/05\/WhatsApp-Image-2023-05-12-at-12.47.33-1024x768.jpeg\" alt=\"\" class=\"wp-image-36884\" srcset=\"https:\/\/atecordoba.org\/wp-content\/uploads\/2023\/05\/WhatsApp-Image-2023-05-12-at-12.47.33-1024x768.jpeg 1024w, https:\/\/atecordoba.org\/wp-content\/uploads\/2023\/05\/WhatsApp-Image-2023-05-12-at-12.47.33-300x225.jpeg 300w, https:\/\/atecordoba.org\/wp-content\/uploads\/2023\/05\/WhatsApp-Image-2023-05-12-at-12.47.33-768x576.jpeg 768w, https:\/\/atecordoba.org\/wp-content\/uploads\/2023\/05\/WhatsApp-Image-2023-05-12-at-12.47.33-1536x1152.jpeg 1536w, https:\/\/atecordoba.org\/wp-content\/uploads\/2023\/05\/WhatsApp-Image-2023-05-12-at-12.47.33-750x563.jpeg 750w, https:\/\/atecordoba.org\/wp-content\/uploads\/2023\/05\/WhatsApp-Image-2023-05-12-at-12.47.33-1140x855.jpeg 1140w, https:\/\/atecordoba.org\/wp-content\/uploads\/2023\/05\/WhatsApp-Image-2023-05-12-at-12.47.33.jpeg 1600w\" sizes=\"auto, (max-width: 1024px) 100vw, 1024px\" \/><\/a><\/figure>\n\n\n\n<figure class=\"wp-block-image size-large\"><a href=\"https:\/\/atecordoba.org\/wp-content\/uploads\/2023\/05\/WhatsApp-Image-2023-05-12-at-12.47.30-1.jpeg\"><img loading=\"lazy\" decoding=\"async\" width=\"1024\" height=\"770\" data-id=\"36886\" src=\"https:\/\/atecordoba.org\/wp-content\/uploads\/2023\/05\/WhatsApp-Image-2023-05-12-at-12.47.30-1-1024x770.jpeg\" alt=\"\" class=\"wp-image-36886\" srcset=\"https:\/\/atecordoba.org\/wp-content\/uploads\/2023\/05\/WhatsApp-Image-2023-05-12-at-12.47.30-1-1024x770.jpeg 1024w, https:\/\/atecordoba.org\/wp-content\/uploads\/2023\/05\/WhatsApp-Image-2023-05-12-at-12.47.30-1-300x226.jpeg 300w, https:\/\/atecordoba.org\/wp-content\/uploads\/2023\/05\/WhatsApp-Image-2023-05-12-at-12.47.30-1-768x578.jpeg 768w, https:\/\/atecordoba.org\/wp-content\/uploads\/2023\/05\/WhatsApp-Image-2023-05-12-at-12.47.30-1-750x564.jpeg 750w, https:\/\/atecordoba.org\/wp-content\/uploads\/2023\/05\/WhatsApp-Image-2023-05-12-at-12.47.30-1-1140x858.jpeg 1140w, https:\/\/atecordoba.org\/wp-content\/uploads\/2023\/05\/WhatsApp-Image-2023-05-12-at-12.47.30-1.jpeg 1280w\" sizes=\"auto, (max-width: 1024px) 100vw, 1024px\" \/><\/a><\/figure>\n\n\n\n<figure class=\"wp-block-image size-large\"><a href=\"https:\/\/atecordoba.org\/wp-content\/uploads\/2023\/05\/WhatsApp-Image-2023-05-12-at-12.47.31.jpeg\"><img loading=\"lazy\" decoding=\"async\" width=\"1024\" height=\"770\" data-id=\"36885\" src=\"https:\/\/atecordoba.org\/wp-content\/uploads\/2023\/05\/WhatsApp-Image-2023-05-12-at-12.47.31-1024x770.jpeg\" alt=\"\" class=\"wp-image-36885\" srcset=\"https:\/\/atecordoba.org\/wp-content\/uploads\/2023\/05\/WhatsApp-Image-2023-05-12-at-12.47.31-1024x770.jpeg 1024w, https:\/\/atecordoba.org\/wp-content\/uploads\/2023\/05\/WhatsApp-Image-2023-05-12-at-12.47.31-300x226.jpeg 300w, https:\/\/atecordoba.org\/wp-content\/uploads\/2023\/05\/WhatsApp-Image-2023-05-12-at-12.47.31-768x578.jpeg 768w, https:\/\/atecordoba.org\/wp-content\/uploads\/2023\/05\/WhatsApp-Image-2023-05-12-at-12.47.31-750x564.jpeg 750w, https:\/\/atecordoba.org\/wp-content\/uploads\/2023\/05\/WhatsApp-Image-2023-05-12-at-12.47.31-1140x858.jpeg 1140w, https:\/\/atecordoba.org\/wp-content\/uploads\/2023\/05\/WhatsApp-Image-2023-05-12-at-12.47.31.jpeg 1280w\" sizes=\"auto, (max-width: 1024px) 100vw, 1024px\" \/><\/a><\/figure>\n<\/figure>\n\n\n\n<p>De llegar a aun acuerdo, este porcentaje se sumar\u00e1 de forma acumulativa al 30% brindado por ordenanza en enero pasado, que incluy\u00f3 un 20% remunerativo y un 15% en negro, seg\u00fan explic\u00f3 el delegado Jos\u00e9 Baigorria.<\/p>\n\n\n\n<p>Concluida la reuni\u00f3n, Giuliani, las y los delegados y un grupo de afiliados realizaron una asamblea, en la misma puerta de la Municipalidad,  donde se inform\u00f3 lo actuado y se confirm\u00f3 que el sector se adhiere al paro provincial del  16 de mayo. En tanto, la pr\u00f3xima audiencia est\u00e1 convocada para el 19 de mayo. <\/p>\n","protected":false},"excerpt":{"rendered":"<p>Hoy se llev\u00f3 a cabo la audiencia paritaria en R\u00edo Primero entre la Municipalidad y ATE donde nuestra organizaci\u00f3n llev\u00f3 la propuesta de recomposici\u00f3n salarial ante el Ejecutivo de la localidad. En la oportunidad, la delegaci\u00f3n sindical estuvo encabezada por el secretario General de ATE, Federico Giuliani, acompa\u00f1ado por el secretario General de la CTAA [&hellip;]<\/p>\n","protected":false},"author":7,"featured_media":36883,"comment_status":"open","ping_status":"open","sticky":false,"template":"","format":"standard","meta":{"_exactmetrics_skip_tracking":false,"_exactmetrics_sitenote_active":false,"_exactmetrics_sitenote_note":"","_exactmetrics_sitenote_category":0,"jnews-multi-image_gallery":[],"jnews_single_post":{"subtitle":"ATE llev\u00f3 la propuesta de 30% acumulativo desde enero y el blanqueo de un 15% no remunerativo que la Municipalidad paga desde principios de a\u00f1o. ","format":"standard","video":"","gallery":"","source_name":"","source_url":"","via_name":"","via_url":"","override_template":"0","override":[{"template":"1","single_blog_custom":"","parallax":"1","fullscreen":"1","layout":"right-sidebar","sidebar":"default-sidebar","second_sidebar":"default-sidebar","sticky_sidebar":"1","share_position":"top","share_float_style":"share-monocrhome","show_share_counter":"1","show_view_counter":"1","show_featured":"1","show_post_meta":"1","show_post_author":"1","show_post_author_image":"1","show_post_date":"1","post_date_format":"default","post_date_format_custom":"Y\/m\/d","show_post_category":"1","show_post_reading_time":"0","post_reading_time_wpm":"300","show_zoom_button":"0","zoom_button_out_step":"2","zoom_button_in_step":"3","show_post_tag":"1","show_prev_next_post":"1","show_popup_post":"1","number_popup_post":"1","show_author_box":"0","show_post_related":"0","show_inline_post_related":"0"}],"override_image_size":"0","image_override":[{"single_post_thumbnail_size":"crop-500","single_post_gallery_size":"crop-500"}],"trending_post":"0","trending_post_position":"meta","trending_post_label":"Trending","sponsored_post":"0","sponsored_post_label":"Sponsored by","sponsored_post_name":"","sponsored_post_url":"","sponsored_post_logo_enable":"0","sponsored_post_logo":"","sponsored_post_desc":"","disable_ad":"0"},"jnews_primary_category":{"id":""},"jnews_social_meta":{"fb_title":"","fb_description":"","fb_image":"","twitter_title":"","twitter_description":"","twitter_image":""},"jnews_review":[],"enable_review":"0","type":"percentage","name":"","summary":"","brand":"","sku":"","good":[{"good_text":""}],"bad":[{"bad_text":""}],"score_override":"","override_value":"","rating":[{"rating_text":"","rating_number":"10"}],"price":[{"shop":"","price":"","link":"","icon":""}],"jnews_override_counter":{"override_view_counter":"0","view_counter_number":"0","override_share_counter":"0","share_counter_number":"0","override_like_counter":"0","like_counter_number":"0","override_dislike_counter":"0","dislike_counter_number":"0"},"jnews_post_split":{"enable_post_split":"0","post_split":[{"template":"1","tag":"h2","numbering":"asc","mode":"normal","first":"0","enable_toc":"0","toc_type":"normal"}]},"footnotes":""},"categories":[20],"tags":[],"class_list":["post-36882","post","type-post","status-publish","format-standard","has-post-thumbnail","hentry","category-municipales"],"jetpack_featured_media_url":"https:\/\/atecordoba.org\/wp-content\/uploads\/2023\/05\/WhatsApp-Image-2023-05-12-at-12.47.29-e1683911278603.jpeg","_links":{"self":[{"href":"https:\/\/atecordoba.org\/index.php?rest_route=\/wp\/v2\/posts\/36882","targetHints":{"allow":["GET"]}}],"collection":[{"href":"https:\/\/atecordoba.org\/index.php?rest_route=\/wp\/v2\/posts"}],"about":[{"href":"https:\/\/atecordoba.org\/index.php?rest_route=\/wp\/v2\/types\/post"}],"author":[{"embeddable":true,"href":"https:\/\/atecordoba.org\/index.php?rest_route=\/wp\/v2\/users\/7"}],"replies":[{"embeddable":true,"href":"https:\/\/atecordoba.org\/index.php?rest_route=%2Fwp%2Fv2%2Fcomments&post=36882"}],"version-history":[{"count":1,"href":"https:\/\/atecordoba.org\/index.php?rest_route=\/wp\/v2\/posts\/36882\/revisions"}],"predecessor-version":[{"id":36887,"href":"https:\/\/atecordoba.org\/index.php?rest_route=\/wp\/v2\/posts\/36882\/revisions\/36887"}],"wp:featuredmedia":[{"embeddable":true,"href":"https:\/\/atecordoba.org\/index.php?rest_route=\/wp\/v2\/media\/36883"}],"wp:attachment":[{"href":"https:\/\/atecordoba.org\/index.php?rest_route=%2Fwp%2Fv2%2Fmedia&parent=36882"}],"wp:term":[{"taxonomy":"category","embeddable":true,"href":"https:\/\/atecordoba.org\/index.php?rest_route=%2Fwp%2Fv2%2Fcategories&post=36882"},{"taxonomy":"post_tag","embeddable":true,"href":"https:\/\/atecordoba.org\/index.php?rest_route=%2Fwp%2Fv2%2Ftags&post=36882"}],"curies":[{"name":"wp","href":"https:\/\/api.w.org\/{rel}","templated":true}]}}