{"id":36862,"date":"2023-05-10T15:38:32","date_gmt":"2023-05-10T18:38:32","guid":{"rendered":"https:\/\/atecordoba.org\/?p=36862"},"modified":"2023-05-10T15:38:33","modified_gmt":"2023-05-10T18:38:33","slug":"el-cdp-se-reunio-con-pami-para-acceder-a-los-programas-alimentarios","status":"publish","type":"post","link":"https:\/\/atecordoba.org\/?p=36862","title":{"rendered":"El CDP se reuni\u00f3 con PAMI para acceder a los programas alimentarios"},"content":{"rendered":"\n<p><\/p>\n\n\n\n<div class=\"wp-block-image\"><figure class=\"aligncenter size-large is-resized\"><img loading=\"lazy\" decoding=\"async\" src=\"https:\/\/atecordoba.org\/wp-content\/uploads\/2023\/05\/WhatsApp-Image-2023-05-10-at-15.26.16-1024x771.jpeg\" alt=\"\" class=\"wp-image-36863\" width=\"768\" height=\"578\" \/><\/figure><\/div>\n\n\n\n<p>Hoy se realiz\u00f3 una reuni\u00f3n en sede de ATE con una representante de PAMI para que el Centro de Jubilados pueda acceder a los programas alimentarios que facilita el organismos para las y los jubilados que se encuentran en riesgo nutricional.<\/p>\n\n\n\n<p>El secretario General de ATE C\u00f3rdoba, Federico Giuliani, acompa\u00f1\u00f3 a la compa\u00f1era Alejandra Agnone, que coordina la pol\u00edtica del sector desde el Consejo Directivo Provincial, junto con la presidenta del Centro de Jubilados, Carmen Neder, Norita, Mart\u00edn, Juan, Ivelda y Beatriz.<\/p>\n\n\n\n<p>Giuliani salud\u00f3 la reuni\u00f3n en redes sociales al manifestar: &#8220;afianzando la pol\u00edtica de ATE C\u00f3rdoba con nuestro Centro de Jubiladxs. Vamos caminando con La Verde de Germ\u00e1n&#8221;. <\/p>\n","protected":false},"excerpt":{"rendered":"<p>Hoy se realiz\u00f3 una reuni\u00f3n en sede de ATE con una representante de PAMI para que el Centro de Jubilados pueda acceder a los programas alimentarios que facilita el organismos para las y los jubilados que se encuentran en riesgo nutricional. El secretario General de ATE C\u00f3rdoba, Federico Giuliani, acompa\u00f1\u00f3 a la compa\u00f1era Alejandra Agnone, [&hellip;]<\/p>\n","protected":false},"author":7,"featured_media":36863,"comment_status":"open","ping_status":"open","sticky":false,"template":"","format":"standard","meta":{"_exactmetrics_skip_tracking":false,"_exactmetrics_sitenote_active":false,"_exactmetrics_sitenote_note":"","_exactmetrics_sitenote_category":0,"jnews-multi-image_gallery":[],"jnews_single_post":{"subtitle":"El Centro de Jubilados provincial de ATE C\u00f3rdoba tiene disposici\u00f3n para integrarse a la red de instituciones que facilitan ayudas alimentarias a las y los jubilados en riesgo nutricional. ","format":"standard","video":"","gallery":"","source_name":"","source_url":"","via_name":"","via_url":"","override_template":"0","override":[{"template":"1","single_blog_custom":"","parallax":"1","fullscreen":"1","layout":"right-sidebar","sidebar":"default-sidebar","second_sidebar":"default-sidebar","sticky_sidebar":"1","share_position":"top","share_float_style":"share-monocrhome","show_share_counter":"1","show_view_counter":"1","show_featured":"1","show_post_meta":"1","show_post_author":"1","show_post_author_image":"1","show_post_date":"1","post_date_format":"default","post_date_format_custom":"Y\/m\/d","show_post_category":"1","show_post_reading_time":"0","post_reading_time_wpm":"300","show_zoom_button":"0","zoom_button_out_step":"2","zoom_button_in_step":"3","show_post_tag":"1","show_prev_next_post":"1","show_popup_post":"1","number_popup_post":"1","show_author_box":"0","show_post_related":"0","show_inline_post_related":"0"}],"override_image_size":"0","image_override":[{"single_post_thumbnail_size":"crop-500","single_post_gallery_size":"crop-500"}],"trending_post":"0","trending_post_position":"meta","trending_post_label":"Trending","sponsored_post":"0","sponsored_post_label":"Sponsored by","sponsored_post_name":"","sponsored_post_url":"","sponsored_post_logo_enable":"0","sponsored_post_logo":"","sponsored_post_desc":"","disable_ad":"0"},"jnews_primary_category":{"id":""},"jnews_social_meta":{"fb_title":"","fb_description":"","fb_image":"","twitter_title":"","twitter_description":"","twitter_image":""},"jnews_review":[],"enable_review":"0","type":"percentage","name":"","summary":"","brand":"","sku":"","good":[{"good_text":""}],"bad":[{"bad_text":""}],"score_override":"","override_value":"","rating":[{"rating_text":"","rating_number":"10"}],"price":[{"shop":"","price":"","link":"","icon":""}],"jnews_override_counter":{"override_view_counter":"0","view_counter_number":"0","override_share_counter":"0","share_counter_number":"0","override_like_counter":"0","like_counter_number":"0","override_dislike_counter":"0","dislike_counter_number":"0"},"jnews_post_split":{"enable_post_split":"0","post_split":[{"template":"1","tag":"h2","numbering":"asc","mode":"normal","first":"0","enable_toc":"0","toc_type":"normal"}]},"footnotes":""},"categories":[22],"tags":[],"class_list":["post-36862","post","type-post","status-publish","format-standard","has-post-thumbnail","hentry","category-jubilados"],"jetpack_featured_media_url":"https:\/\/atecordoba.org\/wp-content\/uploads\/2023\/05\/WhatsApp-Image-2023-05-10-at-15.26.16-e1683743890177.jpeg","_links":{"self":[{"href":"https:\/\/atecordoba.org\/index.php?rest_route=\/wp\/v2\/posts\/36862","targetHints":{"allow":["GET"]}}],"collection":[{"href":"https:\/\/atecordoba.org\/index.php?rest_route=\/wp\/v2\/posts"}],"about":[{"href":"https:\/\/atecordoba.org\/index.php?rest_route=\/wp\/v2\/types\/post"}],"author":[{"embeddable":true,"href":"https:\/\/atecordoba.org\/index.php?rest_route=\/wp\/v2\/users\/7"}],"replies":[{"embeddable":true,"href":"https:\/\/atecordoba.org\/index.php?rest_route=%2Fwp%2Fv2%2Fcomments&post=36862"}],"version-history":[{"count":1,"href":"https:\/\/atecordoba.org\/index.php?rest_route=\/wp\/v2\/posts\/36862\/revisions"}],"predecessor-version":[{"id":36864,"href":"https:\/\/atecordoba.org\/index.php?rest_route=\/wp\/v2\/posts\/36862\/revisions\/36864"}],"wp:featuredmedia":[{"embeddable":true,"href":"https:\/\/atecordoba.org\/index.php?rest_route=\/wp\/v2\/media\/36863"}],"wp:attachment":[{"href":"https:\/\/atecordoba.org\/index.php?rest_route=%2Fwp%2Fv2%2Fmedia&parent=36862"}],"wp:term":[{"taxonomy":"category","embeddable":true,"href":"https:\/\/atecordoba.org\/index.php?rest_route=%2Fwp%2Fv2%2Fcategories&post=36862"},{"taxonomy":"post_tag","embeddable":true,"href":"https:\/\/atecordoba.org\/index.php?rest_route=%2Fwp%2Fv2%2Ftags&post=36862"}],"curies":[{"name":"wp","href":"https:\/\/api.w.org\/{rel}","templated":true}]}}