{"id":36842,"date":"2023-05-10T10:27:14","date_gmt":"2023-05-10T13:27:14","guid":{"rendered":"https:\/\/atecordoba.org\/?p=36842"},"modified":"2023-05-10T13:19:17","modified_gmt":"2023-05-10T16:19:17","slug":"salud-el-documento-que-ate-presento-en-la-legislatura-sobre-el-proyecto-para-la-unificacion-de-las-leyes-7233-y-7625","status":"publish","type":"post","link":"https:\/\/atecordoba.org\/?p=36842","title":{"rendered":"Salud: el documento que ATE present\u00f3 en la Legislatura sobre el proyecto para la unificaci\u00f3n de las leyes 7233 y 7625"},"content":{"rendered":"\n<div class=\"wp-block-image\"><figure class=\"aligncenter size-large is-resized\"><img loading=\"lazy\" decoding=\"async\" src=\"https:\/\/atecordoba.org\/wp-content\/uploads\/2023\/05\/WhatsApp-Image-2023-05-09-at-13.22.21-1024x767.jpeg\" alt=\"\" class=\"wp-image-36824\" width=\"768\" height=\"575\" \/><\/figure><\/div>\n\n\n\n<p>Se trata de la postura que emiti\u00f3 ATE C\u00f3rdoba en representaci\u00f3n de los sectores provinciales involucrados en el debate referido a la concreci\u00f3n del hist\u00f3rico reclamo de las y los trabajadores del sistema sanitario provincial.<\/p>\n\n\n<a href=\"https:\/\/atecordoba.org\/wp-content\/uploads\/2023\/05\/ultimoDOC-20230226-WA0006.docx-2.pdf\" class=\"pdfemb-viewer\" style=\"\" data-width=\"max\" data-height=\"max\" data-toolbar=\"bottom\" data-toolbar-fixed=\"off\">ultimoDOC-20230226-WA0006.docx-2<\/a>\n<p class=\"wp-block-pdfemb-pdf-embedder-viewer\"><\/p>\n","protected":false},"excerpt":{"rendered":"<p>Se trata de la postura que emiti\u00f3 ATE C\u00f3rdoba en representaci\u00f3n de los sectores provinciales involucrados en el debate referido a la concreci\u00f3n del hist\u00f3rico reclamo de las y los trabajadores del sistema sanitario provincial.<\/p>\n","protected":false},"author":7,"featured_media":36824,"comment_status":"open","ping_status":"open","sticky":false,"template":"","format":"standard","meta":{"_exactmetrics_skip_tracking":false,"_exactmetrics_sitenote_active":false,"_exactmetrics_sitenote_note":"","_exactmetrics_sitenote_category":0,"jnews-multi-image_gallery":[],"jnews_single_post":{"subtitle":"La delegada Milagro Sozzi, acompa\u00f1ada por el delegado Diego Saurina y el secretario General de la CTAA C\u00f3rdoba Capital, Jorge Chalup, expuso ayer ante las comisiones de Trabajo, Legislaci\u00f3n General y Salud de la Legislatura.","format":"standard","video":"","gallery":"","source_name":"","source_url":"","via_name":"","via_url":"","override_template":"0","override":[{"template":"1","single_blog_custom":"","parallax":"1","fullscreen":"1","layout":"right-sidebar","sidebar":"default-sidebar","second_sidebar":"default-sidebar","sticky_sidebar":"1","share_position":"top","share_float_style":"share-monocrhome","show_share_counter":"1","show_view_counter":"1","show_featured":"1","show_post_meta":"1","show_post_author":"1","show_post_author_image":"1","show_post_date":"1","post_date_format":"default","post_date_format_custom":"Y\/m\/d","show_post_category":"1","show_post_reading_time":"0","post_reading_time_wpm":"300","show_zoom_button":"0","zoom_button_out_step":"2","zoom_button_in_step":"3","show_post_tag":"1","show_prev_next_post":"1","show_popup_post":"1","number_popup_post":"1","show_author_box":"0","show_post_related":"0","show_inline_post_related":"0"}],"override_image_size":"0","image_override":[{"single_post_thumbnail_size":"crop-500","single_post_gallery_size":"crop-500"}],"trending_post":"0","trending_post_position":"meta","trending_post_label":"Trending","sponsored_post":"0","sponsored_post_label":"Sponsored by","sponsored_post_name":"","sponsored_post_url":"","sponsored_post_logo_enable":"0","sponsored_post_logo":"","sponsored_post_desc":"","disable_ad":"0"},"jnews_primary_category":{"id":""},"jnews_social_meta":{"fb_title":"","fb_description":"","fb_image":"","twitter_title":"","twitter_description":"","twitter_image":""},"jnews_review":[],"enable_review":"0","type":"percentage","name":"","summary":"","brand":"","sku":"","good":[{"good_text":""}],"bad":[{"bad_text":""}],"score_override":"","override_value":"","rating":[{"rating_text":"","rating_number":"10"}],"price":[{"shop":"","price":"","link":"","icon":""}],"jnews_override_counter":{"override_view_counter":"0","view_counter_number":"0","override_share_counter":"0","share_counter_number":"0","override_like_counter":"0","like_counter_number":"0","override_dislike_counter":"0","dislike_counter_number":"0"},"jnews_post_split":{"enable_post_split":"0","post_split":[{"template":"1","tag":"h2","numbering":"asc","mode":"normal","first":"0","enable_toc":"0","toc_type":"normal"}]},"footnotes":""},"categories":[85],"tags":[],"class_list":["post-36842","post","type-post","status-publish","format-standard","has-post-thumbnail","hentry","category-documentacion-provincial"],"jetpack_featured_media_url":"https:\/\/atecordoba.org\/wp-content\/uploads\/2023\/05\/WhatsApp-Image-2023-05-09-at-13.22.21-e1683725228241.jpeg","_links":{"self":[{"href":"https:\/\/atecordoba.org\/index.php?rest_route=\/wp\/v2\/posts\/36842","targetHints":{"allow":["GET"]}}],"collection":[{"href":"https:\/\/atecordoba.org\/index.php?rest_route=\/wp\/v2\/posts"}],"about":[{"href":"https:\/\/atecordoba.org\/index.php?rest_route=\/wp\/v2\/types\/post"}],"author":[{"embeddable":true,"href":"https:\/\/atecordoba.org\/index.php?rest_route=\/wp\/v2\/users\/7"}],"replies":[{"embeddable":true,"href":"https:\/\/atecordoba.org\/index.php?rest_route=%2Fwp%2Fv2%2Fcomments&post=36842"}],"version-history":[{"count":1,"href":"https:\/\/atecordoba.org\/index.php?rest_route=\/wp\/v2\/posts\/36842\/revisions"}],"predecessor-version":[{"id":36844,"href":"https:\/\/atecordoba.org\/index.php?rest_route=\/wp\/v2\/posts\/36842\/revisions\/36844"}],"wp:featuredmedia":[{"embeddable":true,"href":"https:\/\/atecordoba.org\/index.php?rest_route=\/wp\/v2\/media\/36824"}],"wp:attachment":[{"href":"https:\/\/atecordoba.org\/index.php?rest_route=%2Fwp%2Fv2%2Fmedia&parent=36842"}],"wp:term":[{"taxonomy":"category","embeddable":true,"href":"https:\/\/atecordoba.org\/index.php?rest_route=%2Fwp%2Fv2%2Fcategories&post=36842"},{"taxonomy":"post_tag","embeddable":true,"href":"https:\/\/atecordoba.org\/index.php?rest_route=%2Fwp%2Fv2%2Ftags&post=36842"}],"curies":[{"name":"wp","href":"https:\/\/api.w.org\/{rel}","templated":true}]}}