{"id":3684,"date":"2013-12-06T16:28:38","date_gmt":"2013-12-06T19:28:38","guid":{"rendered":"http:\/\/www.atecordoba.org\/?p=3684"},"modified":"2013-12-06T16:28:38","modified_gmt":"2013-12-06T19:28:38","slug":"el-lunes-se-suman-nuevas-ocupaciones-en-el-conflicto-de-los-hospitales-provinciales","status":"publish","type":"post","link":"https:\/\/atecordoba.org\/?p=3684","title":{"rendered":"El lunes se suman nuevas ocupaciones en el conflicto de los hospitales provinciales"},"content":{"rendered":"<p><em>Tras la sesi\u00f3n del cuerpo de delegados provinciales de ATE realizada hoy, conjuntamente con miembros del Consejo Directivo Provincial (CDP), los trabajadores resolvieron avanzar en la ocupaci\u00f3n de hospitales en se\u00f1al de protesta por la falta de respuestas del gobierno provincial. Los hospitales C\u00f3rdoba y San Roque, \u00a0junto con el Neuropsiqui\u00e1trico, IPAD y Casa del Joven,\u00a0se sumar\u00e1n el lunes al proceso de ocupaci\u00f3n de los nosocomios Misericordia, Tr\u00e1nsito C\u00e1ceres de Allende, Rawson, de Ni\u00f1os, Maternidad provincial y Materno Neonatal, que contin\u00faan ocupados por los trabajadores. \u00a0\u00a0<\/em><\/p>\n<figure style=\"width: 640px\" class=\"wp-caption aligncenter\"><img loading=\"lazy\" decoding=\"async\" class=\"ngg-singlepic ngg-center \" alt=\"corte-salud\" src=\"http:\/\/www.atecordoba.org\/wp-content\/gallery\/corte-polo-sanitario-6-12-2013\/corte-salud.png\" width=\"640\" height=\"480\" \/><figcaption class=\"wp-caption-text\">Corte de calle durante una asamblea en el Polo Sanitario, que re\u00fane a lo hospitales San Roque, de Ni\u00f1os, Rawson y Oncol\u00f3gico<\/figcaption><\/figure>\n<p>En ese marco, los compa\u00f1eros del Ministerio de Desarrollo Social y Ministerio de Salud tomaron las instalaciones de ambos organismos, impidiendo el acceso a las mismas. M\u00e9dicos Unidos acordaron adherir al plan de acci\u00f3n trazado.\u00a0De esta forma, el plan de lucha que ATE viene desarrollando desde septiembre profundiza sus acciones atento a la falta de respuestas del gobierno provincial a los reclamos, justos y leg\u00edtimos, que realizan los trabajadores de estos sectores.<\/p>\n<p>Los trabajadores garantizaron que se sostendr\u00e1 la atenci\u00f3n de los servicios esenciales, as\u00ed como la entrada y salida de los familiares de los pacientes en los hospitales. Para el\u00a0lunes\u00a0est\u00e1 previsto un nuevo cuerpo de delegados para evaluar la continuidad del plan de lucha y fijar la fecha de la concentraci\u00f3n y movilizaci\u00f3n que se realizar\u00e1 la semana que viene, de no lograr una respuesta por parte del gobierno provincial.<\/p>\n<p>Al t\u00e9rmino de la reuni\u00f3n, Daniel Pawluchuzk, secretario de Prensa del CDP se\u00f1al\u00f3 que &#8220;estamos profundizando las medidas de fuerza porque se nota la toma de conciencia de los compa\u00f1eros que se suman al conflicto. Los \u00faltimos acuerdo con la polic\u00eda demuestran \u00a0que plata hay pero no para el sector hospitalario&#8221;.<\/p>\n<p>&#8220;El ministro de Finanzas Eletore dijo que este a\u00f1o iban a tener un super\u00e1vit fiscal de 2000 mil millones y esto es resultado de que el gobierno se ahorr\u00f3 900 millones con el diferimiento del pago de haberes de la Caja \u00a0de Jubilaciones que mengu\u00f3 el salario de los jubilados, y del ninguneo salarial que sufrimos los activos. Si a esto le restamos la enorme pauta publicitaria del gobierno, evidentemente hay fondos para cubrir nuestros reclamos, pero no hay voluntad pol\u00edtica&#8221;, dijo el dirigente.<\/p>\n<p>Y agreg\u00f3: &#8220;vale se\u00f1alar que en febrero ya advertimos que la pauta salarial otorgada era insuficiente porque ese 26% mentiroso termin\u00f3 siendo un 19 real de bolsillo, que aniquil\u00f3 la inflaci\u00f3n&#8221;.<\/p>\n<p>&#8220;Por eso decimos que la profundizaci\u00f3n del plan de lucha es una muestra que ATE creci\u00f3 significativamente los \u00faltimos tres meses, tanto en afiliaciones como en cantidad de delegados. Esto deja claro que crecemos en legitimidad y que nuestra legalidad ya no se discute&#8221;, finaliz\u00f3 Pawluchuzk.<\/p>\n<figure style=\"width: 640px\" class=\"wp-caption aligncenter\"><img loading=\"lazy\" decoding=\"async\" class=\"ngg-singlepic ngg-center \" alt=\"11\" src=\"http:\/\/www.atecordoba.org\/wp-content\/gallery\/corte-polo-sanitario-6-12-2013\/11.png\" width=\"640\" height=\"480\" \/><figcaption class=\"wp-caption-text\">El Hospital de Ni\u00f1os s\u00f3lo atendi\u00f3 urgencias<\/figcaption><\/figure>\n<figure style=\"width: 640px\" class=\"wp-caption aligncenter\"><img loading=\"lazy\" decoding=\"async\" class=\"ngg-singlepic ngg-none \" alt=\"6\" src=\"http:\/\/www.atecordoba.org\/wp-content\/gallery\/corte-polo-sanitario-6-12-2013\/6.png\" width=\"640\" height=\"480\" \/><figcaption class=\"wp-caption-text\">El ingreso al Hospital Rawson controlado pro los trabajadores<\/figcaption><\/figure>\n<figure style=\"width: 640px\" class=\"wp-caption aligncenter\"><img loading=\"lazy\" decoding=\"async\" class=\"ngg-singlepic ngg-none \" alt=\"13\" src=\"http:\/\/www.atecordoba.org\/wp-content\/gallery\/corte-polo-sanitario-6-12-2013\/13.png\" width=\"640\" height=\"480\" \/><figcaption class=\"wp-caption-text\">Ingreso cerrado en el Hospital San Roque<\/figcaption><\/figure>\n<figure style=\"width: 640px\" class=\"wp-caption aligncenter\"><img loading=\"lazy\" decoding=\"async\" class=\"ngg-singlepic ngg-none \" alt=\"10\" src=\"http:\/\/www.atecordoba.org\/wp-content\/gallery\/corte-polo-sanitario-6-12-2013\/10.png\" width=\"640\" height=\"480\" \/><figcaption class=\"wp-caption-text\">Interior Hospital Rawson<\/figcaption><\/figure>\n<p style=\"text-align: center;\">\n","protected":false},"excerpt":{"rendered":"<p>Tras la sesi\u00f3n del cuerpo de delegados provinciales de ATE realizada hoy, conjuntamente con miembros del Consejo Directivo Provincial (CDP), los trabajadores resolvieron avanzar en la ocupaci\u00f3n de hospitales en se\u00f1al de protesta por la falta de respuestas del gobierno provincial. Los hospitales C\u00f3rdoba y San Roque, \u00a0junto con el Neuropsiqui\u00e1trico, IPAD y Casa del [&hellip;]<\/p>\n","protected":false},"author":1,"featured_media":19220,"comment_status":"open","ping_status":"open","sticky":false,"template":"","format":"standard","meta":{"_exactmetrics_skip_tracking":false,"_exactmetrics_sitenote_active":false,"_exactmetrics_sitenote_note":"","_exactmetrics_sitenote_category":0,"jnews-multi-image_gallery":[],"jnews_single_post":[],"jnews_primary_category":[],"jnews_social_meta":[],"jnews_review":[],"enable_review":"","type":"","name":"","summary":"","brand":"","sku":"","good":[],"bad":[],"score_override":"","override_value":"","rating":[],"price":[],"jnews_override_counter":[],"jnews_post_split":[],"footnotes":""},"categories":[53,7,8],"tags":[],"class_list":["post-3684","post","type-post","status-publish","format-standard","has-post-thumbnail","hentry","category-comunicados-de-prensa","category-hospitales","category-provinciales"],"jetpack_featured_media_url":"https:\/\/atecordoba.org\/wp-content\/uploads\/2020\/05\/logo-nuevochico-e1561581322808.png","_links":{"self":[{"href":"https:\/\/atecordoba.org\/index.php?rest_route=\/wp\/v2\/posts\/3684","targetHints":{"allow":["GET"]}}],"collection":[{"href":"https:\/\/atecordoba.org\/index.php?rest_route=\/wp\/v2\/posts"}],"about":[{"href":"https:\/\/atecordoba.org\/index.php?rest_route=\/wp\/v2\/types\/post"}],"author":[{"embeddable":true,"href":"https:\/\/atecordoba.org\/index.php?rest_route=\/wp\/v2\/users\/1"}],"replies":[{"embeddable":true,"href":"https:\/\/atecordoba.org\/index.php?rest_route=%2Fwp%2Fv2%2Fcomments&post=3684"}],"version-history":[{"count":0,"href":"https:\/\/atecordoba.org\/index.php?rest_route=\/wp\/v2\/posts\/3684\/revisions"}],"wp:featuredmedia":[{"embeddable":true,"href":"https:\/\/atecordoba.org\/index.php?rest_route=\/wp\/v2\/media\/19220"}],"wp:attachment":[{"href":"https:\/\/atecordoba.org\/index.php?rest_route=%2Fwp%2Fv2%2Fmedia&parent=3684"}],"wp:term":[{"taxonomy":"category","embeddable":true,"href":"https:\/\/atecordoba.org\/index.php?rest_route=%2Fwp%2Fv2%2Fcategories&post=3684"},{"taxonomy":"post_tag","embeddable":true,"href":"https:\/\/atecordoba.org\/index.php?rest_route=%2Fwp%2Fv2%2Ftags&post=3684"}],"curies":[{"name":"wp","href":"https:\/\/api.w.org\/{rel}","templated":true}]}}