{"id":36826,"date":"2023-05-09T15:20:02","date_gmt":"2023-05-09T18:20:02","guid":{"rendered":"https:\/\/atecordoba.org\/?p=36826"},"modified":"2023-05-09T15:26:27","modified_gmt":"2023-05-09T18:26:27","slug":"villa-ciudad-del-parque-ate-recorre-el-territorio-y-trabaja-el-paro-provincial-y-jornada-de-lucha-del-16-de-mayo","status":"publish","type":"post","link":"https:\/\/atecordoba.org\/?p=36826","title":{"rendered":"Villa Ciudad Parque: ATE recorre el territorio y trabaja el Paro Provincial y Jornada de lucha del 16 de mayo"},"content":{"rendered":"\n<figure class=\"wp-block-gallery has-nested-images columns-default is-cropped wp-block-gallery-1 is-layout-flex wp-block-gallery-is-layout-flex\">\n<figure class=\"wp-block-image size-large\"><img loading=\"lazy\" decoding=\"async\" width=\"1024\" height=\"461\" data-id=\"36828\" src=\"https:\/\/atecordoba.org\/wp-content\/uploads\/2023\/05\/WhatsApp-Image-2023-05-09-at-14.18.05-1-1024x461.jpeg\" alt=\"\" class=\"wp-image-36828\" srcset=\"https:\/\/atecordoba.org\/wp-content\/uploads\/2023\/05\/WhatsApp-Image-2023-05-09-at-14.18.05-1-1024x461.jpeg 1024w, https:\/\/atecordoba.org\/wp-content\/uploads\/2023\/05\/WhatsApp-Image-2023-05-09-at-14.18.05-1-300x135.jpeg 300w, https:\/\/atecordoba.org\/wp-content\/uploads\/2023\/05\/WhatsApp-Image-2023-05-09-at-14.18.05-1-768x346.jpeg 768w, https:\/\/atecordoba.org\/wp-content\/uploads\/2023\/05\/WhatsApp-Image-2023-05-09-at-14.18.05-1-750x338.jpeg 750w, https:\/\/atecordoba.org\/wp-content\/uploads\/2023\/05\/WhatsApp-Image-2023-05-09-at-14.18.05-1-1140x513.jpeg 1140w, https:\/\/atecordoba.org\/wp-content\/uploads\/2023\/05\/WhatsApp-Image-2023-05-09-at-14.18.05-1.jpeg 1280w\" sizes=\"auto, (max-width: 1024px) 100vw, 1024px\" \/><\/figure>\n\n\n\n<figure class=\"wp-block-image size-large\"><img loading=\"lazy\" decoding=\"async\" width=\"1024\" height=\"768\" data-id=\"36829\" src=\"https:\/\/atecordoba.org\/wp-content\/uploads\/2023\/05\/WhatsApp-Image-2023-05-09-at-14.18.02-1-1024x768.jpeg\" alt=\"\" class=\"wp-image-36829\" \/><\/figure>\n\n\n\n<figure class=\"wp-block-image size-large\"><img loading=\"lazy\" decoding=\"async\" width=\"1024\" height=\"461\" data-id=\"36830\" src=\"https:\/\/atecordoba.org\/wp-content\/uploads\/2023\/05\/WhatsApp-Image-2023-05-09-at-14.18.04-1-1024x461.jpeg\" alt=\"\" class=\"wp-image-36830\" srcset=\"https:\/\/atecordoba.org\/wp-content\/uploads\/2023\/05\/WhatsApp-Image-2023-05-09-at-14.18.04-1-1024x461.jpeg 1024w, https:\/\/atecordoba.org\/wp-content\/uploads\/2023\/05\/WhatsApp-Image-2023-05-09-at-14.18.04-1-300x135.jpeg 300w, https:\/\/atecordoba.org\/wp-content\/uploads\/2023\/05\/WhatsApp-Image-2023-05-09-at-14.18.04-1-768x346.jpeg 768w, https:\/\/atecordoba.org\/wp-content\/uploads\/2023\/05\/WhatsApp-Image-2023-05-09-at-14.18.04-1-750x338.jpeg 750w, https:\/\/atecordoba.org\/wp-content\/uploads\/2023\/05\/WhatsApp-Image-2023-05-09-at-14.18.04-1-1140x513.jpeg 1140w, https:\/\/atecordoba.org\/wp-content\/uploads\/2023\/05\/WhatsApp-Image-2023-05-09-at-14.18.04-1.jpeg 1280w\" sizes=\"auto, (max-width: 1024px) 100vw, 1024px\" \/><\/figure>\n<\/figure>\n\n\n\n<p>En Villa Ciudad Parque es uno de los sectores nuevos que se incorpor\u00f3 a ATE C\u00f3rdoba recientemente. Actualmente hay alrededor de 50 trabajadoras y trabajadores municipales afiliados a nuestra organizaci\u00f3n. <\/p>\n\n\n\n<p>En ese marco, hoy por la ma\u00f1ana el secretario General de ATE C\u00f3rdoba, Federico Giuliani, encabez\u00f3 una asamblea en el Corral\u00f3n de la Municipalidad, difundiendo y convocando a los compa\u00f1eros a participar de la jornada de lucha del 16 de mayo que ATE llevar\u00e1 a cabo en C\u00f3rdoba.<\/p>\n\n\n\n<p>\u201cInvitamos a los compa\u00f1eros a que hagan paro y vengan a la Capital a marchar\u201d, resumi\u00f3.<\/p>\n\n\n\n<p>De esta forma, ATE prosigue fortaleciendo organizativamente a los municipales del interior provincial.<\/p>\n\n\n\n<figure class=\"wp-block-gallery has-nested-images columns-default is-cropped wp-block-gallery-2 is-layout-flex wp-block-gallery-is-layout-flex\">\n<figure class=\"wp-block-image size-large\"><img loading=\"lazy\" decoding=\"async\" width=\"1024\" height=\"768\" data-id=\"36835\" src=\"https:\/\/atecordoba.org\/wp-content\/uploads\/2023\/05\/WhatsApp-Image-2023-05-09-at-14.18.01-2-1024x768.jpeg\" alt=\"\" class=\"wp-image-36835\" srcset=\"https:\/\/atecordoba.org\/wp-content\/uploads\/2023\/05\/WhatsApp-Image-2023-05-09-at-14.18.01-2-1024x768.jpeg 1024w, https:\/\/atecordoba.org\/wp-content\/uploads\/2023\/05\/WhatsApp-Image-2023-05-09-at-14.18.01-2-300x225.jpeg 300w, https:\/\/atecordoba.org\/wp-content\/uploads\/2023\/05\/WhatsApp-Image-2023-05-09-at-14.18.01-2-768x576.jpeg 768w, https:\/\/atecordoba.org\/wp-content\/uploads\/2023\/05\/WhatsApp-Image-2023-05-09-at-14.18.01-2-750x563.jpeg 750w, https:\/\/atecordoba.org\/wp-content\/uploads\/2023\/05\/WhatsApp-Image-2023-05-09-at-14.18.01-2.jpeg 1080w\" sizes=\"auto, (max-width: 1024px) 100vw, 1024px\" \/><\/figure>\n\n\n\n<figure class=\"wp-block-image size-large\"><img loading=\"lazy\" decoding=\"async\" width=\"1024\" height=\"768\" data-id=\"36834\" src=\"https:\/\/atecordoba.org\/wp-content\/uploads\/2023\/05\/WhatsApp-Image-2023-05-09-at-14.18.01-1024x768.jpeg\" alt=\"\" class=\"wp-image-36834\" srcset=\"https:\/\/atecordoba.org\/wp-content\/uploads\/2023\/05\/WhatsApp-Image-2023-05-09-at-14.18.01-1024x768.jpeg 1024w, https:\/\/atecordoba.org\/wp-content\/uploads\/2023\/05\/WhatsApp-Image-2023-05-09-at-14.18.01-300x225.jpeg 300w, https:\/\/atecordoba.org\/wp-content\/uploads\/2023\/05\/WhatsApp-Image-2023-05-09-at-14.18.01-768x576.jpeg 768w, https:\/\/atecordoba.org\/wp-content\/uploads\/2023\/05\/WhatsApp-Image-2023-05-09-at-14.18.01-750x563.jpeg 750w, https:\/\/atecordoba.org\/wp-content\/uploads\/2023\/05\/WhatsApp-Image-2023-05-09-at-14.18.01.jpeg 1080w\" sizes=\"auto, (max-width: 1024px) 100vw, 1024px\" \/><\/figure>\n\n\n\n<figure class=\"wp-block-image size-large\"><img loading=\"lazy\" decoding=\"async\" width=\"1024\" height=\"461\" data-id=\"36831\" src=\"https:\/\/atecordoba.org\/wp-content\/uploads\/2023\/05\/WhatsApp-Image-2023-05-09-at-14.18.05-2-1024x461.jpeg\" alt=\"\" class=\"wp-image-36831\" srcset=\"https:\/\/atecordoba.org\/wp-content\/uploads\/2023\/05\/WhatsApp-Image-2023-05-09-at-14.18.05-2-1024x461.jpeg 1024w, https:\/\/atecordoba.org\/wp-content\/uploads\/2023\/05\/WhatsApp-Image-2023-05-09-at-14.18.05-2-300x135.jpeg 300w, https:\/\/atecordoba.org\/wp-content\/uploads\/2023\/05\/WhatsApp-Image-2023-05-09-at-14.18.05-2-768x346.jpeg 768w, https:\/\/atecordoba.org\/wp-content\/uploads\/2023\/05\/WhatsApp-Image-2023-05-09-at-14.18.05-2-750x338.jpeg 750w, https:\/\/atecordoba.org\/wp-content\/uploads\/2023\/05\/WhatsApp-Image-2023-05-09-at-14.18.05-2-1140x513.jpeg 1140w, https:\/\/atecordoba.org\/wp-content\/uploads\/2023\/05\/WhatsApp-Image-2023-05-09-at-14.18.05-2.jpeg 1280w\" sizes=\"auto, (max-width: 1024px) 100vw, 1024px\" \/><\/figure>\n\n\n\n<figure class=\"wp-block-image size-large\"><img loading=\"lazy\" decoding=\"async\" width=\"1024\" height=\"768\" data-id=\"36833\" src=\"https:\/\/atecordoba.org\/wp-content\/uploads\/2023\/05\/WhatsApp-Image-2023-05-09-at-14.18.00-1-1024x768.jpeg\" alt=\"\" class=\"wp-image-36833\" srcset=\"https:\/\/atecordoba.org\/wp-content\/uploads\/2023\/05\/WhatsApp-Image-2023-05-09-at-14.18.00-1-1024x768.jpeg 1024w, https:\/\/atecordoba.org\/wp-content\/uploads\/2023\/05\/WhatsApp-Image-2023-05-09-at-14.18.00-1-300x225.jpeg 300w, https:\/\/atecordoba.org\/wp-content\/uploads\/2023\/05\/WhatsApp-Image-2023-05-09-at-14.18.00-1-768x576.jpeg 768w, https:\/\/atecordoba.org\/wp-content\/uploads\/2023\/05\/WhatsApp-Image-2023-05-09-at-14.18.00-1-750x563.jpeg 750w, https:\/\/atecordoba.org\/wp-content\/uploads\/2023\/05\/WhatsApp-Image-2023-05-09-at-14.18.00-1.jpeg 1080w\" sizes=\"auto, (max-width: 1024px) 100vw, 1024px\" \/><\/figure>\n\n\n\n<figure class=\"wp-block-image size-large\"><img loading=\"lazy\" decoding=\"async\" width=\"1024\" height=\"461\" data-id=\"36836\" src=\"https:\/\/atecordoba.org\/wp-content\/uploads\/2023\/05\/WhatsApp-Image-2023-05-09-at-14.18.05-1024x461.jpeg\" alt=\"\" class=\"wp-image-36836\" srcset=\"https:\/\/atecordoba.org\/wp-content\/uploads\/2023\/05\/WhatsApp-Image-2023-05-09-at-14.18.05-1024x461.jpeg 1024w, https:\/\/atecordoba.org\/wp-content\/uploads\/2023\/05\/WhatsApp-Image-2023-05-09-at-14.18.05-300x135.jpeg 300w, https:\/\/atecordoba.org\/wp-content\/uploads\/2023\/05\/WhatsApp-Image-2023-05-09-at-14.18.05-768x346.jpeg 768w, https:\/\/atecordoba.org\/wp-content\/uploads\/2023\/05\/WhatsApp-Image-2023-05-09-at-14.18.05-750x338.jpeg 750w, https:\/\/atecordoba.org\/wp-content\/uploads\/2023\/05\/WhatsApp-Image-2023-05-09-at-14.18.05-1140x513.jpeg 1140w, https:\/\/atecordoba.org\/wp-content\/uploads\/2023\/05\/WhatsApp-Image-2023-05-09-at-14.18.05.jpeg 1280w\" sizes=\"auto, (max-width: 1024px) 100vw, 1024px\" \/><\/figure>\n\n\n\n<figure class=\"wp-block-image size-large\"><img loading=\"lazy\" decoding=\"async\" width=\"1024\" height=\"768\" data-id=\"36832\" src=\"https:\/\/atecordoba.org\/wp-content\/uploads\/2023\/05\/WhatsApp-Image-2023-05-09-at-14.18.01-1-copia-1024x768.jpeg\" alt=\"\" class=\"wp-image-36832\" srcset=\"https:\/\/atecordoba.org\/wp-content\/uploads\/2023\/05\/WhatsApp-Image-2023-05-09-at-14.18.01-1-copia-1024x768.jpeg 1024w, https:\/\/atecordoba.org\/wp-content\/uploads\/2023\/05\/WhatsApp-Image-2023-05-09-at-14.18.01-1-copia-300x225.jpeg 300w, https:\/\/atecordoba.org\/wp-content\/uploads\/2023\/05\/WhatsApp-Image-2023-05-09-at-14.18.01-1-copia-768x576.jpeg 768w, https:\/\/atecordoba.org\/wp-content\/uploads\/2023\/05\/WhatsApp-Image-2023-05-09-at-14.18.01-1-copia-750x563.jpeg 750w, https:\/\/atecordoba.org\/wp-content\/uploads\/2023\/05\/WhatsApp-Image-2023-05-09-at-14.18.01-1-copia.jpeg 1080w\" sizes=\"auto, (max-width: 1024px) 100vw, 1024px\" \/><\/figure>\n<\/figure>\n","protected":false},"excerpt":{"rendered":"<p>En Villa Ciudad Parque es uno de los sectores nuevos que se incorpor\u00f3 a ATE C\u00f3rdoba recientemente. Actualmente hay alrededor de 50 trabajadoras y trabajadores municipales afiliados a nuestra organizaci\u00f3n. En ese marco, hoy por la ma\u00f1ana el secretario General de ATE C\u00f3rdoba, Federico Giuliani, encabez\u00f3 una asamblea en el Corral\u00f3n de la Municipalidad, difundiendo [&hellip;]<\/p>\n","protected":false},"author":7,"featured_media":36829,"comment_status":"open","ping_status":"open","sticky":false,"template":"","format":"standard","meta":{"_exactmetrics_skip_tracking":false,"_exactmetrics_sitenote_active":false,"_exactmetrics_sitenote_note":"","_exactmetrics_sitenote_category":0,"jnews-multi-image_gallery":[],"jnews_single_post":{"subtitle":"ATE tiene alrededor de 50 trabajadoras y trabajadores afiliados en la localidad. ","format":"standard","video":"","gallery":"","source_name":"","source_url":"","via_name":"","via_url":"","override_template":"0","override":[{"template":"1","single_blog_custom":"","parallax":"1","fullscreen":"1","layout":"right-sidebar","sidebar":"default-sidebar","second_sidebar":"default-sidebar","sticky_sidebar":"1","share_position":"top","share_float_style":"share-monocrhome","show_share_counter":"1","show_view_counter":"1","show_featured":"1","show_post_meta":"1","show_post_author":"1","show_post_author_image":"1","show_post_date":"1","post_date_format":"default","post_date_format_custom":"Y\/m\/d","show_post_category":"1","show_post_reading_time":"0","post_reading_time_wpm":"300","show_zoom_button":"0","zoom_button_out_step":"2","zoom_button_in_step":"3","show_post_tag":"1","show_prev_next_post":"1","show_popup_post":"1","number_popup_post":"1","show_author_box":"0","show_post_related":"0","show_inline_post_related":"0"}],"override_image_size":"0","image_override":[{"single_post_thumbnail_size":"crop-500","single_post_gallery_size":"crop-500"}],"trending_post":"0","trending_post_position":"meta","trending_post_label":"Trending","sponsored_post":"0","sponsored_post_label":"Sponsored by","sponsored_post_name":"","sponsored_post_url":"","sponsored_post_logo_enable":"0","sponsored_post_logo":"","sponsored_post_desc":"","disable_ad":"0"},"jnews_primary_category":{"id":""},"jnews_social_meta":{"fb_title":"","fb_description":"","fb_image":"","twitter_title":"","twitter_description":"","twitter_image":""},"jnews_review":[],"enable_review":"0","type":"percentage","name":"","summary":"","brand":"","sku":"","good":[{"good_text":""}],"bad":[{"bad_text":""}],"score_override":"","override_value":"","rating":[{"rating_text":"","rating_number":"10"}],"price":[{"shop":"","price":"","link":"","icon":""}],"jnews_override_counter":{"override_view_counter":"0","view_counter_number":"0","override_share_counter":"0","share_counter_number":"0","override_like_counter":"0","like_counter_number":"0","override_dislike_counter":"0","dislike_counter_number":"0"},"jnews_post_split":{"enable_post_split":"0","post_split":[{"template":"1","tag":"h2","numbering":"asc","mode":"normal","first":"0","enable_toc":"0","toc_type":"normal"}]},"footnotes":""},"categories":[20],"tags":[],"class_list":["post-36826","post","type-post","status-publish","format-standard","has-post-thumbnail","hentry","category-municipales"],"jetpack_featured_media_url":"https:\/\/atecordoba.org\/wp-content\/uploads\/2023\/05\/WhatsApp-Image-2023-05-09-at-14.18.02-1-e1683656392179.jpeg","_links":{"self":[{"href":"https:\/\/atecordoba.org\/index.php?rest_route=\/wp\/v2\/posts\/36826","targetHints":{"allow":["GET"]}}],"collection":[{"href":"https:\/\/atecordoba.org\/index.php?rest_route=\/wp\/v2\/posts"}],"about":[{"href":"https:\/\/atecordoba.org\/index.php?rest_route=\/wp\/v2\/types\/post"}],"author":[{"embeddable":true,"href":"https:\/\/atecordoba.org\/index.php?rest_route=\/wp\/v2\/users\/7"}],"replies":[{"embeddable":true,"href":"https:\/\/atecordoba.org\/index.php?rest_route=%2Fwp%2Fv2%2Fcomments&post=36826"}],"version-history":[{"count":2,"href":"https:\/\/atecordoba.org\/index.php?rest_route=\/wp\/v2\/posts\/36826\/revisions"}],"predecessor-version":[{"id":36838,"href":"https:\/\/atecordoba.org\/index.php?rest_route=\/wp\/v2\/posts\/36826\/revisions\/36838"}],"wp:featuredmedia":[{"embeddable":true,"href":"https:\/\/atecordoba.org\/index.php?rest_route=\/wp\/v2\/media\/36829"}],"wp:attachment":[{"href":"https:\/\/atecordoba.org\/index.php?rest_route=%2Fwp%2Fv2%2Fmedia&parent=36826"}],"wp:term":[{"taxonomy":"category","embeddable":true,"href":"https:\/\/atecordoba.org\/index.php?rest_route=%2Fwp%2Fv2%2Fcategories&post=36826"},{"taxonomy":"post_tag","embeddable":true,"href":"https:\/\/atecordoba.org\/index.php?rest_route=%2Fwp%2Fv2%2Ftags&post=36826"}],"curies":[{"name":"wp","href":"https:\/\/api.w.org\/{rel}","templated":true}]}}