{"id":36792,"date":"2023-05-05T14:24:38","date_gmt":"2023-05-05T17:24:38","guid":{"rendered":"https:\/\/atecordoba.org\/?p=36792"},"modified":"2023-05-09T10:26:25","modified_gmt":"2023-05-09T13:26:25","slug":"reunion-preparatoria-del-lanzamiento-del-ciclo-escolar-para-adultos-de-las-escuelas-primaria-y-secundaria-de-ate","status":"publish","type":"post","link":"https:\/\/atecordoba.org\/?p=36792","title":{"rendered":"Reuni\u00f3n preparatoria del lanzamiento del ciclo escolar para adultos de ATE"},"content":{"rendered":"\n<div class=\"wp-block-image\"><figure class=\"aligncenter size-large is-resized\"><img loading=\"lazy\" decoding=\"async\" src=\"https:\/\/atecordoba.org\/wp-content\/uploads\/2023\/05\/WhatsApp-Image-2023-05-05-at-10.42.03-1024x771.jpeg\" alt=\"\" class=\"wp-image-36793\" width=\"768\" height=\"578\" \/><\/figure><\/div>\n\n\n\n<p>Ayer se llev\u00f3 a cabo una reuni\u00f3n con el Director de la Modalidad J\u00f3venes Adultos del Ministerio de Educaci\u00f3n de la provincia, Sergio Cornatosky, para preparar el lanzamiento del clico lectivo 2023 de la escuela primaria y secundaria de ATE.<\/p>\n\n\n\n<p>En la ocasi\u00f3n estuvo el secretario General de ATE C\u00f3rdoba, Federico Giuliani, junto al referente de ATE Educaci\u00f3n, Marcelo Mambrin, y compa\u00f1eros y compa\u00f1eras del \u00e1rea.<\/p>\n\n\n\n<figure class=\"wp-block-gallery has-nested-images columns-default is-cropped wp-block-gallery-1 is-layout-flex wp-block-gallery-is-layout-flex\">\n<figure class=\"wp-block-image size-large\"><img loading=\"lazy\" decoding=\"async\" width=\"1024\" height=\"771\" data-id=\"36796\" src=\"https:\/\/atecordoba.org\/wp-content\/uploads\/2023\/05\/WhatsApp-Image-2023-05-05-at-10.42.04-1-1024x771.jpeg\" alt=\"\" class=\"wp-image-36796\" srcset=\"https:\/\/atecordoba.org\/wp-content\/uploads\/2023\/05\/WhatsApp-Image-2023-05-05-at-10.42.04-1-1024x771.jpeg 1024w, https:\/\/atecordoba.org\/wp-content\/uploads\/2023\/05\/WhatsApp-Image-2023-05-05-at-10.42.04-1-300x226.jpeg 300w, https:\/\/atecordoba.org\/wp-content\/uploads\/2023\/05\/WhatsApp-Image-2023-05-05-at-10.42.04-1-768x578.jpeg 768w, https:\/\/atecordoba.org\/wp-content\/uploads\/2023\/05\/WhatsApp-Image-2023-05-05-at-10.42.04-1-1536x1156.jpeg 1536w, https:\/\/atecordoba.org\/wp-content\/uploads\/2023\/05\/WhatsApp-Image-2023-05-05-at-10.42.04-1-750x564.jpeg 750w, https:\/\/atecordoba.org\/wp-content\/uploads\/2023\/05\/WhatsApp-Image-2023-05-05-at-10.42.04-1-1140x858.jpeg 1140w, https:\/\/atecordoba.org\/wp-content\/uploads\/2023\/05\/WhatsApp-Image-2023-05-05-at-10.42.04-1.jpeg 1600w\" sizes=\"auto, (max-width: 1024px) 100vw, 1024px\" \/><\/figure>\n\n\n\n<figure class=\"wp-block-image size-large\"><img loading=\"lazy\" decoding=\"async\" width=\"1024\" height=\"771\" data-id=\"36794\" src=\"https:\/\/atecordoba.org\/wp-content\/uploads\/2023\/05\/WhatsApp-Image-2023-05-05-at-10.42.04-1024x771.jpeg\" alt=\"\" class=\"wp-image-36794\" srcset=\"https:\/\/atecordoba.org\/wp-content\/uploads\/2023\/05\/WhatsApp-Image-2023-05-05-at-10.42.04-1024x771.jpeg 1024w, https:\/\/atecordoba.org\/wp-content\/uploads\/2023\/05\/WhatsApp-Image-2023-05-05-at-10.42.04-300x226.jpeg 300w, https:\/\/atecordoba.org\/wp-content\/uploads\/2023\/05\/WhatsApp-Image-2023-05-05-at-10.42.04-768x578.jpeg 768w, https:\/\/atecordoba.org\/wp-content\/uploads\/2023\/05\/WhatsApp-Image-2023-05-05-at-10.42.04-1536x1156.jpeg 1536w, https:\/\/atecordoba.org\/wp-content\/uploads\/2023\/05\/WhatsApp-Image-2023-05-05-at-10.42.04-750x564.jpeg 750w, https:\/\/atecordoba.org\/wp-content\/uploads\/2023\/05\/WhatsApp-Image-2023-05-05-at-10.42.04-1140x858.jpeg 1140w, https:\/\/atecordoba.org\/wp-content\/uploads\/2023\/05\/WhatsApp-Image-2023-05-05-at-10.42.04.jpeg 1600w\" sizes=\"auto, (max-width: 1024px) 100vw, 1024px\" \/><\/figure>\n\n\n\n<figure class=\"wp-block-image size-large\"><img loading=\"lazy\" decoding=\"async\" width=\"1024\" height=\"771\" data-id=\"36795\" src=\"https:\/\/atecordoba.org\/wp-content\/uploads\/2023\/05\/WhatsApp-Image-2023-05-05-at-10.42.03-1-1024x771.jpeg\" alt=\"\" class=\"wp-image-36795\" srcset=\"https:\/\/atecordoba.org\/wp-content\/uploads\/2023\/05\/WhatsApp-Image-2023-05-05-at-10.42.03-1-1024x771.jpeg 1024w, https:\/\/atecordoba.org\/wp-content\/uploads\/2023\/05\/WhatsApp-Image-2023-05-05-at-10.42.03-1-300x226.jpeg 300w, https:\/\/atecordoba.org\/wp-content\/uploads\/2023\/05\/WhatsApp-Image-2023-05-05-at-10.42.03-1-768x578.jpeg 768w, https:\/\/atecordoba.org\/wp-content\/uploads\/2023\/05\/WhatsApp-Image-2023-05-05-at-10.42.03-1-1536x1156.jpeg 1536w, https:\/\/atecordoba.org\/wp-content\/uploads\/2023\/05\/WhatsApp-Image-2023-05-05-at-10.42.03-1-750x564.jpeg 750w, https:\/\/atecordoba.org\/wp-content\/uploads\/2023\/05\/WhatsApp-Image-2023-05-05-at-10.42.03-1-1140x858.jpeg 1140w, https:\/\/atecordoba.org\/wp-content\/uploads\/2023\/05\/WhatsApp-Image-2023-05-05-at-10.42.03-1.jpeg 1600w\" sizes=\"auto, (max-width: 1024px) 100vw, 1024px\" \/><\/figure>\n<\/figure>\n\n\n\n<p>Durante el reuni\u00f3n se defini\u00f3 la modalidad del inicio de clases. &#8220;Fue muy provechosa la actividad porque expresamos nuestras dudas sobre lo administrativo legal y la formalidad para poner en marcha la secundaria&#8221;, dijo Mambrin. <\/p>\n\n\n\n<p>Las modalidades de cursado ser\u00e1n dos:  presencial y combinada, es decir semipresencial. Al mismo tiempo se definieron posibilidades de horarios de cursado en las instalaciones. &nbsp;<\/p>\n\n\n\n<p><strong>Inicio del ciclo lectivo<\/strong><\/p>\n\n\n\n<p>Por \u00faltimo Mambrin convoc\u00f3 a los matriculados y prematriculados para la finalizaci\u00f3n de la escuela secundaria y primaria Atahualpa Yupanki, para el jueves 11 de mayo a las 16 horas, en la sede de ATE, Entre R\u00edos 450, donde se presentr\u00e1 el equipo t\u00e9cnico de la Direcci\u00f3n de J\u00f3venes y Adultos, se explicar\u00e1n los horarios, los requisitos y modalidad de cursado, le r\u00e9gimen de asistencia, modalidad de ex\u00e1menes, y se evaluar\u00e1n todas las dudas respecto al inicio de las escuelas primaria y scundaria de ATE.<\/p>\n\n\n\n<p>&#8220;Es el inici\u00f3 del ciclo escolar 2023 de la escuela&#8221;, resumi\u00f3 Mambr\u00edn con todo orgullo. <\/p>\n\n\n\n<div class=\"wp-block-image\"><figure class=\"aligncenter size-large is-resized\"><img loading=\"lazy\" decoding=\"async\" src=\"https:\/\/atecordoba.org\/wp-content\/uploads\/2023\/05\/WhatsApp-Image-2023-05-05-at-10.42.04-2-1024x771.jpeg\" alt=\"\" class=\"wp-image-36798\" width=\"768\" height=\"578\" srcset=\"https:\/\/atecordoba.org\/wp-content\/uploads\/2023\/05\/WhatsApp-Image-2023-05-05-at-10.42.04-2-1024x771.jpeg 1024w, https:\/\/atecordoba.org\/wp-content\/uploads\/2023\/05\/WhatsApp-Image-2023-05-05-at-10.42.04-2-300x226.jpeg 300w, https:\/\/atecordoba.org\/wp-content\/uploads\/2023\/05\/WhatsApp-Image-2023-05-05-at-10.42.04-2-768x578.jpeg 768w, https:\/\/atecordoba.org\/wp-content\/uploads\/2023\/05\/WhatsApp-Image-2023-05-05-at-10.42.04-2-1536x1156.jpeg 1536w, https:\/\/atecordoba.org\/wp-content\/uploads\/2023\/05\/WhatsApp-Image-2023-05-05-at-10.42.04-2-750x564.jpeg 750w, https:\/\/atecordoba.org\/wp-content\/uploads\/2023\/05\/WhatsApp-Image-2023-05-05-at-10.42.04-2-1140x858.jpeg 1140w, https:\/\/atecordoba.org\/wp-content\/uploads\/2023\/05\/WhatsApp-Image-2023-05-05-at-10.42.04-2.jpeg 1600w\" sizes=\"auto, (max-width: 768px) 100vw, 768px\" \/><\/figure><\/div>\n\n\n\n<p><\/p>\n\n\n\n<p><\/p>\n","protected":false},"excerpt":{"rendered":"<p>Ayer se llev\u00f3 a cabo una reuni\u00f3n con el Director de la Modalidad J\u00f3venes Adultos del Ministerio de Educaci\u00f3n de la provincia, Sergio Cornatosky, para preparar el lanzamiento del clico lectivo 2023 de la escuela primaria y secundaria de ATE. En la ocasi\u00f3n estuvo el secretario General de ATE C\u00f3rdoba, Federico Giuliani, junto al referente [&hellip;]<\/p>\n","protected":false},"author":7,"featured_media":36793,"comment_status":"open","ping_status":"open","sticky":false,"template":"","format":"standard","meta":{"_exactmetrics_skip_tracking":false,"_exactmetrics_sitenote_active":false,"_exactmetrics_sitenote_note":"","_exactmetrics_sitenote_category":0,"jnews-multi-image_gallery":[],"jnews_single_post":{"subtitle":"El jueves 11 de mayo a las 16 horas se dar\u00e1 inici\u00f3 al ciclo lectivo 2023. Deben presentarse en sede de ATE todas y todos los matriculados y prematriculados. ","format":"standard","video":"","gallery":"","source_name":"","source_url":"","via_name":"","via_url":"","override_template":"0","override":[{"template":"1","single_blog_custom":"","parallax":"1","fullscreen":"1","layout":"right-sidebar","sidebar":"default-sidebar","second_sidebar":"default-sidebar","sticky_sidebar":"1","share_position":"top","share_float_style":"share-monocrhome","show_share_counter":"1","show_view_counter":"1","show_featured":"1","show_post_meta":"1","show_post_author":"1","show_post_author_image":"1","show_post_date":"1","post_date_format":"default","post_date_format_custom":"Y\/m\/d","show_post_category":"1","show_post_reading_time":"0","post_reading_time_wpm":"300","show_zoom_button":"0","zoom_button_out_step":"2","zoom_button_in_step":"3","show_post_tag":"1","show_prev_next_post":"1","show_popup_post":"1","number_popup_post":"1","show_author_box":"0","show_post_related":"0","show_inline_post_related":"0"}],"override_image_size":"0","image_override":[{"single_post_thumbnail_size":"crop-500","single_post_gallery_size":"crop-500"}],"trending_post":"0","trending_post_position":"meta","trending_post_label":"Trending","sponsored_post":"0","sponsored_post_label":"Sponsored by","sponsored_post_name":"","sponsored_post_url":"","sponsored_post_logo_enable":"0","sponsored_post_logo":"","sponsored_post_desc":"","disable_ad":"0"},"jnews_primary_category":{"id":""},"jnews_social_meta":{"fb_title":"","fb_description":"","fb_image":"","twitter_title":"","twitter_description":"","twitter_image":""},"jnews_review":[],"enable_review":"0","type":"percentage","name":"","summary":"","brand":"","sku":"","good":[{"good_text":""}],"bad":[{"bad_text":""}],"score_override":"","override_value":"","rating":[{"rating_text":"","rating_number":"10"}],"price":[{"shop":"","price":"","link":"","icon":""}],"jnews_override_counter":{"override_view_counter":"0","view_counter_number":"0","override_share_counter":"0","share_counter_number":"0","override_like_counter":"0","like_counter_number":"0","override_dislike_counter":"0","dislike_counter_number":"0"},"jnews_post_split":{"enable_post_split":"0","post_split":[{"template":"1","tag":"h2","numbering":"asc","mode":"normal","first":"0","enable_toc":"0","toc_type":"normal"}]},"footnotes":""},"categories":[564],"tags":[],"class_list":["post-36792","post","type-post","status-publish","format-standard","has-post-thumbnail","hentry","category-educacion"],"jetpack_featured_media_url":"https:\/\/atecordoba.org\/wp-content\/uploads\/2023\/05\/WhatsApp-Image-2023-05-05-at-10.42.03-e1683307473148.jpeg","_links":{"self":[{"href":"https:\/\/atecordoba.org\/index.php?rest_route=\/wp\/v2\/posts\/36792","targetHints":{"allow":["GET"]}}],"collection":[{"href":"https:\/\/atecordoba.org\/index.php?rest_route=\/wp\/v2\/posts"}],"about":[{"href":"https:\/\/atecordoba.org\/index.php?rest_route=\/wp\/v2\/types\/post"}],"author":[{"embeddable":true,"href":"https:\/\/atecordoba.org\/index.php?rest_route=\/wp\/v2\/users\/7"}],"replies":[{"embeddable":true,"href":"https:\/\/atecordoba.org\/index.php?rest_route=%2Fwp%2Fv2%2Fcomments&post=36792"}],"version-history":[{"count":3,"href":"https:\/\/atecordoba.org\/index.php?rest_route=\/wp\/v2\/posts\/36792\/revisions"}],"predecessor-version":[{"id":36820,"href":"https:\/\/atecordoba.org\/index.php?rest_route=\/wp\/v2\/posts\/36792\/revisions\/36820"}],"wp:featuredmedia":[{"embeddable":true,"href":"https:\/\/atecordoba.org\/index.php?rest_route=\/wp\/v2\/media\/36793"}],"wp:attachment":[{"href":"https:\/\/atecordoba.org\/index.php?rest_route=%2Fwp%2Fv2%2Fmedia&parent=36792"}],"wp:term":[{"taxonomy":"category","embeddable":true,"href":"https:\/\/atecordoba.org\/index.php?rest_route=%2Fwp%2Fv2%2Fcategories&post=36792"},{"taxonomy":"post_tag","embeddable":true,"href":"https:\/\/atecordoba.org\/index.php?rest_route=%2Fwp%2Fv2%2Ftags&post=36792"}],"curies":[{"name":"wp","href":"https:\/\/api.w.org\/{rel}","templated":true}]}}