{"id":36784,"date":"2023-05-05T13:06:14","date_gmt":"2023-05-05T16:06:14","guid":{"rendered":"https:\/\/atecordoba.org\/?p=36784"},"modified":"2023-05-09T10:25:50","modified_gmt":"2023-05-09T13:25:50","slug":"asamblea-de-rio-primero","status":"publish","type":"post","link":"https:\/\/atecordoba.org\/?p=36784","title":{"rendered":"Asamblea de R\u00edo Primero: se impuso el reclamo de 30% de aumento hasta junio"},"content":{"rendered":"\n<div class=\"wp-block-image\"><figure class=\"aligncenter size-large is-resized\"><img loading=\"lazy\" decoding=\"async\" src=\"https:\/\/atecordoba.org\/wp-content\/uploads\/2023\/05\/WhatsApp-Image-2023-05-05-at-11.32.24-1024x577.jpeg\" alt=\"\" class=\"wp-image-36786\" width=\"768\" height=\"433\" \/><\/figure><\/div>\n\n\n\n<p>Esta ma\u00f1ana se desarroll\u00f3 en el centro m\u00e9dico municipal de la localidad de R\u00edo Primero R\u00edo una asamblea donde los trabajadores discutieron el posicionamiento del sector para llevar a la reuni\u00f3n con el Ejecutivo por la audiencia paritaria del pr\u00f3ximo 12 de mayo.<\/p>\n\n\n\n<p>en la oportunidad, estuvo presente el secretario General de ATE C\u00f3rdoba Federico Giuliani.<\/p>\n\n\n\n<p>&#8220;Ese d\u00eda vamos a la audiencia con el acompa\u00f1amiento de las y los trabajadores en asamblea a la puerta de la municipalidad. Estamos exigiendo el 30% de aumento hasta junio&#8221;, detallaron las y los compa\u00f1eros municipales. <\/p>\n\n\n\n<p>De esta forma, ATE C\u00f3rdoba contin\u00faa formalizando la paritaria en el interior municipal, fortaleciendo en el plano organizativo a las y los trabajadores del sector. <\/p>\n\n\n\n<figure class=\"wp-block-gallery has-nested-images columns-default is-cropped wp-block-gallery-1 is-layout-flex wp-block-gallery-is-layout-flex\">\n<figure class=\"wp-block-image size-large\"><a href=\"https:\/\/atecordoba.org\/wp-content\/uploads\/2023\/05\/WhatsApp-Image-2023-05-05-at-11.32.26.jpeg\"><img loading=\"lazy\" decoding=\"async\" width=\"1600\" height=\"901\" data-id=\"36788\" src=\"https:\/\/atecordoba.org\/wp-content\/uploads\/2023\/05\/WhatsApp-Image-2023-05-05-at-11.32.26.jpeg\" alt=\"\" class=\"wp-image-36788\" srcset=\"https:\/\/atecordoba.org\/wp-content\/uploads\/2023\/05\/WhatsApp-Image-2023-05-05-at-11.32.26.jpeg 1600w, https:\/\/atecordoba.org\/wp-content\/uploads\/2023\/05\/WhatsApp-Image-2023-05-05-at-11.32.26-300x169.jpeg 300w, https:\/\/atecordoba.org\/wp-content\/uploads\/2023\/05\/WhatsApp-Image-2023-05-05-at-11.32.26-1024x577.jpeg 1024w, https:\/\/atecordoba.org\/wp-content\/uploads\/2023\/05\/WhatsApp-Image-2023-05-05-at-11.32.26-768x432.jpeg 768w, https:\/\/atecordoba.org\/wp-content\/uploads\/2023\/05\/WhatsApp-Image-2023-05-05-at-11.32.26-1536x865.jpeg 1536w, https:\/\/atecordoba.org\/wp-content\/uploads\/2023\/05\/WhatsApp-Image-2023-05-05-at-11.32.26-750x422.jpeg 750w, https:\/\/atecordoba.org\/wp-content\/uploads\/2023\/05\/WhatsApp-Image-2023-05-05-at-11.32.26-1140x642.jpeg 1140w\" sizes=\"auto, (max-width: 1600px) 100vw, 1600px\" \/><\/a><\/figure>\n\n\n\n<figure class=\"wp-block-image size-large\"><a href=\"https:\/\/atecordoba.org\/wp-content\/uploads\/2023\/05\/WhatsApp-Image-2023-05-05-at-11.32.27-1.jpeg\"><img loading=\"lazy\" decoding=\"async\" width=\"1600\" height=\"901\" data-id=\"36787\" src=\"https:\/\/atecordoba.org\/wp-content\/uploads\/2023\/05\/WhatsApp-Image-2023-05-05-at-11.32.27-1.jpeg\" alt=\"\" class=\"wp-image-36787\" srcset=\"https:\/\/atecordoba.org\/wp-content\/uploads\/2023\/05\/WhatsApp-Image-2023-05-05-at-11.32.27-1.jpeg 1600w, https:\/\/atecordoba.org\/wp-content\/uploads\/2023\/05\/WhatsApp-Image-2023-05-05-at-11.32.27-1-300x169.jpeg 300w, https:\/\/atecordoba.org\/wp-content\/uploads\/2023\/05\/WhatsApp-Image-2023-05-05-at-11.32.27-1-1024x577.jpeg 1024w, https:\/\/atecordoba.org\/wp-content\/uploads\/2023\/05\/WhatsApp-Image-2023-05-05-at-11.32.27-1-768x432.jpeg 768w, https:\/\/atecordoba.org\/wp-content\/uploads\/2023\/05\/WhatsApp-Image-2023-05-05-at-11.32.27-1-1536x865.jpeg 1536w, https:\/\/atecordoba.org\/wp-content\/uploads\/2023\/05\/WhatsApp-Image-2023-05-05-at-11.32.27-1-750x422.jpeg 750w, https:\/\/atecordoba.org\/wp-content\/uploads\/2023\/05\/WhatsApp-Image-2023-05-05-at-11.32.27-1-1140x642.jpeg 1140w\" sizes=\"auto, (max-width: 1600px) 100vw, 1600px\" \/><\/a><\/figure>\n\n\n\n<figure class=\"wp-block-image size-large\"><a href=\"https:\/\/atecordoba.org\/wp-content\/uploads\/2023\/05\/WhatsApp-Image-2023-05-05-at-11.32.25-2.jpeg\"><img loading=\"lazy\" decoding=\"async\" width=\"1600\" height=\"901\" data-id=\"36789\" src=\"https:\/\/atecordoba.org\/wp-content\/uploads\/2023\/05\/WhatsApp-Image-2023-05-05-at-11.32.25-2.jpeg\" alt=\"\" class=\"wp-image-36789\" srcset=\"https:\/\/atecordoba.org\/wp-content\/uploads\/2023\/05\/WhatsApp-Image-2023-05-05-at-11.32.25-2.jpeg 1600w, https:\/\/atecordoba.org\/wp-content\/uploads\/2023\/05\/WhatsApp-Image-2023-05-05-at-11.32.25-2-300x169.jpeg 300w, https:\/\/atecordoba.org\/wp-content\/uploads\/2023\/05\/WhatsApp-Image-2023-05-05-at-11.32.25-2-1024x577.jpeg 1024w, https:\/\/atecordoba.org\/wp-content\/uploads\/2023\/05\/WhatsApp-Image-2023-05-05-at-11.32.25-2-768x432.jpeg 768w, https:\/\/atecordoba.org\/wp-content\/uploads\/2023\/05\/WhatsApp-Image-2023-05-05-at-11.32.25-2-1536x865.jpeg 1536w, https:\/\/atecordoba.org\/wp-content\/uploads\/2023\/05\/WhatsApp-Image-2023-05-05-at-11.32.25-2-750x422.jpeg 750w, https:\/\/atecordoba.org\/wp-content\/uploads\/2023\/05\/WhatsApp-Image-2023-05-05-at-11.32.25-2-1140x642.jpeg 1140w\" sizes=\"auto, (max-width: 1600px) 100vw, 1600px\" \/><\/a><\/figure>\n<\/figure>\n","protected":false},"excerpt":{"rendered":"<p>Esta ma\u00f1ana se desarroll\u00f3 en el centro m\u00e9dico municipal de la localidad de R\u00edo Primero R\u00edo una asamblea donde los trabajadores discutieron el posicionamiento del sector para llevar a la reuni\u00f3n con el Ejecutivo por la audiencia paritaria del pr\u00f3ximo 12 de mayo. en la oportunidad, estuvo presente el secretario General de ATE C\u00f3rdoba Federico [&hellip;]<\/p>\n","protected":false},"author":7,"featured_media":36786,"comment_status":"open","ping_status":"open","sticky":false,"template":"","format":"standard","meta":{"_exactmetrics_skip_tracking":false,"_exactmetrics_sitenote_active":false,"_exactmetrics_sitenote_note":"","_exactmetrics_sitenote_category":0,"jnews-multi-image_gallery":[],"jnews_single_post":{"subtitle":"Se reclama un aumentos salarial del 30% para el primer semestre del a\u00f1o. ","format":"standard","video":"","gallery":"","source_name":"","source_url":"","via_name":"","via_url":"","override_template":"0","override":[{"template":"1","single_blog_custom":"","parallax":"1","fullscreen":"1","layout":"right-sidebar","sidebar":"default-sidebar","second_sidebar":"default-sidebar","sticky_sidebar":"1","share_position":"top","share_float_style":"share-monocrhome","show_share_counter":"1","show_view_counter":"1","show_featured":"1","show_post_meta":"1","show_post_author":"1","show_post_author_image":"1","show_post_date":"1","post_date_format":"default","post_date_format_custom":"Y\/m\/d","show_post_category":"1","show_post_reading_time":"0","post_reading_time_wpm":"300","show_zoom_button":"0","zoom_button_out_step":"2","zoom_button_in_step":"3","show_post_tag":"1","show_prev_next_post":"1","show_popup_post":"1","number_popup_post":"1","show_author_box":"0","show_post_related":"0","show_inline_post_related":"0"}],"override_image_size":"0","image_override":[{"single_post_thumbnail_size":"crop-500","single_post_gallery_size":"crop-500"}],"trending_post":"0","trending_post_position":"meta","trending_post_label":"Trending","sponsored_post":"0","sponsored_post_label":"Sponsored by","sponsored_post_name":"","sponsored_post_url":"","sponsored_post_logo_enable":"0","sponsored_post_logo":"","sponsored_post_desc":"","disable_ad":"0"},"jnews_primary_category":{"id":""},"jnews_social_meta":{"fb_title":"","fb_description":"","fb_image":"","twitter_title":"","twitter_description":"","twitter_image":""},"jnews_review":[],"enable_review":"0","type":"percentage","name":"","summary":"","brand":"","sku":"","good":[{"good_text":""}],"bad":[{"bad_text":""}],"score_override":"","override_value":"","rating":[{"rating_text":"","rating_number":"10"}],"price":[{"shop":"","price":"","link":"","icon":""}],"jnews_override_counter":{"override_view_counter":"0","view_counter_number":"0","override_share_counter":"0","share_counter_number":"0","override_like_counter":"0","like_counter_number":"0","override_dislike_counter":"0","dislike_counter_number":"0"},"jnews_post_split":{"enable_post_split":"0","post_split":[{"template":"1","tag":"h2","numbering":"asc","mode":"normal","first":"0","enable_toc":"0","toc_type":"normal"}]},"footnotes":""},"categories":[20],"tags":[],"class_list":["post-36784","post","type-post","status-publish","format-standard","has-post-thumbnail","hentry","category-municipales"],"jetpack_featured_media_url":"https:\/\/atecordoba.org\/wp-content\/uploads\/2023\/05\/WhatsApp-Image-2023-05-05-at-11.32.24-e1683302769403.jpeg","_links":{"self":[{"href":"https:\/\/atecordoba.org\/index.php?rest_route=\/wp\/v2\/posts\/36784","targetHints":{"allow":["GET"]}}],"collection":[{"href":"https:\/\/atecordoba.org\/index.php?rest_route=\/wp\/v2\/posts"}],"about":[{"href":"https:\/\/atecordoba.org\/index.php?rest_route=\/wp\/v2\/types\/post"}],"author":[{"embeddable":true,"href":"https:\/\/atecordoba.org\/index.php?rest_route=\/wp\/v2\/users\/7"}],"replies":[{"embeddable":true,"href":"https:\/\/atecordoba.org\/index.php?rest_route=%2Fwp%2Fv2%2Fcomments&post=36784"}],"version-history":[{"count":2,"href":"https:\/\/atecordoba.org\/index.php?rest_route=\/wp\/v2\/posts\/36784\/revisions"}],"predecessor-version":[{"id":36819,"href":"https:\/\/atecordoba.org\/index.php?rest_route=\/wp\/v2\/posts\/36784\/revisions\/36819"}],"wp:featuredmedia":[{"embeddable":true,"href":"https:\/\/atecordoba.org\/index.php?rest_route=\/wp\/v2\/media\/36786"}],"wp:attachment":[{"href":"https:\/\/atecordoba.org\/index.php?rest_route=%2Fwp%2Fv2%2Fmedia&parent=36784"}],"wp:term":[{"taxonomy":"category","embeddable":true,"href":"https:\/\/atecordoba.org\/index.php?rest_route=%2Fwp%2Fv2%2Fcategories&post=36784"},{"taxonomy":"post_tag","embeddable":true,"href":"https:\/\/atecordoba.org\/index.php?rest_route=%2Fwp%2Fv2%2Ftags&post=36784"}],"curies":[{"name":"wp","href":"https:\/\/api.w.org\/{rel}","templated":true}]}}