{"id":36777,"date":"2023-05-05T12:43:28","date_gmt":"2023-05-05T15:43:28","guid":{"rendered":"https:\/\/atecordoba.org\/?p=36777"},"modified":"2023-05-09T10:27:03","modified_gmt":"2023-05-09T13:27:03","slug":"conae-ate-solicito-al-organismo-que-informe-si-cumple-con-el-cupo-por-personas-con-discapacidad-y-travestis-trans","status":"publish","type":"post","link":"https:\/\/atecordoba.org\/?p=36777","title":{"rendered":"CONAE: ATE solicit\u00f3 al organismo que cumpla con el cupo por personas con discapacidad y travestis trans"},"content":{"rendered":"\n<div class=\"wp-block-image\"><figure class=\"aligncenter size-large is-resized\"><img loading=\"lazy\" decoding=\"async\" src=\"https:\/\/atecordoba.org\/wp-content\/uploads\/2023\/05\/conae-falda-del-canete-1024x538.jpg\" alt=\"\" class=\"wp-image-36778\" width=\"768\" height=\"404\" \/><\/figure><\/div>\n\n\n\n<p>En una nota dirigida a la jefa de Personal de CONAE C\u00f3rdoba, Luc\u00eda Codecido, ATE solicit\u00f3 que el organismo informe si est\u00e1 actualmente cumpliendo con el cupo laboral de ley para personas discapacitadas, travestis y trans.<\/p>\n\n\n\n<p>Vale recordar que la legislaci\u00f3n -leyes 22431 y 27363 respectivamente- obliga a los entes estatales que contratar para el 4% de su plantel a personas con esta condici\u00f3n, a los fines de lograr una inserci\u00f3n laboral que promueva su integraci\u00f3n plena.<\/p>\n\n\n\n<p>Adem\u00e1s, en la nota ATE informa a la CONAE que dispone de un banco de curr\u00edculum vitae para facilitar dichas contrataciones. <\/p>\n\n\n\n<p>Nuestra entidad sindical cuenta con los departamentos de Discapacidad y G\u00e9neros y Diversidades para concretar dicha integraci\u00f3n.<\/p>\n\n\n\n<div class=\"wp-block-image\"><figure class=\"aligncenter size-large\"><img loading=\"lazy\" decoding=\"async\" width=\"472\" height=\"1024\" src=\"https:\/\/atecordoba.org\/wp-content\/uploads\/2023\/05\/WhatsApp-Image-2023-05-05-at-11.28.39-1-472x1024.jpeg\" alt=\"\" class=\"wp-image-36782\" srcset=\"https:\/\/atecordoba.org\/wp-content\/uploads\/2023\/05\/WhatsApp-Image-2023-05-05-at-11.28.39-1-472x1024.jpeg 472w, https:\/\/atecordoba.org\/wp-content\/uploads\/2023\/05\/WhatsApp-Image-2023-05-05-at-11.28.39-1-138x300.jpeg 138w, https:\/\/atecordoba.org\/wp-content\/uploads\/2023\/05\/WhatsApp-Image-2023-05-05-at-11.28.39-1-708x1536.jpeg 708w, https:\/\/atecordoba.org\/wp-content\/uploads\/2023\/05\/WhatsApp-Image-2023-05-05-at-11.28.39-1.jpeg 738w\" sizes=\"auto, (max-width: 472px) 100vw, 472px\" \/><\/figure><\/div>\n","protected":false},"excerpt":{"rendered":"<p>En una nota dirigida a la jefa de Personal de CONAE C\u00f3rdoba, Luc\u00eda Codecido, ATE solicit\u00f3 que el organismo informe si est\u00e1 actualmente cumpliendo con el cupo laboral de ley para personas discapacitadas, travestis y trans. Vale recordar que la legislaci\u00f3n -leyes 22431 y 27363 respectivamente- obliga a los entes estatales que contratar para el [&hellip;]<\/p>\n","protected":false},"author":7,"featured_media":36778,"comment_status":"open","ping_status":"open","sticky":false,"template":"","format":"standard","meta":{"_exactmetrics_skip_tracking":false,"_exactmetrics_sitenote_active":false,"_exactmetrics_sitenote_note":"","_exactmetrics_sitenote_category":0,"jnews-multi-image_gallery":[],"jnews_single_post":{"subtitle":"","format":"standard","video":"","gallery":"","source_name":"","source_url":"","via_name":"","via_url":"","override_template":"0","override":[{"template":"1","single_blog_custom":"","parallax":"1","fullscreen":"1","layout":"right-sidebar","sidebar":"default-sidebar","second_sidebar":"default-sidebar","sticky_sidebar":"1","share_position":"top","share_float_style":"share-monocrhome","show_share_counter":"1","show_view_counter":"1","show_featured":"1","show_post_meta":"1","show_post_author":"1","show_post_author_image":"1","show_post_date":"1","post_date_format":"default","post_date_format_custom":"Y\/m\/d","show_post_category":"1","show_post_reading_time":"0","post_reading_time_wpm":"300","show_zoom_button":"0","zoom_button_out_step":"2","zoom_button_in_step":"3","show_post_tag":"1","show_prev_next_post":"1","show_popup_post":"1","number_popup_post":"1","show_author_box":"0","show_post_related":"0","show_inline_post_related":"0"}],"override_image_size":"0","image_override":[{"single_post_thumbnail_size":"crop-500","single_post_gallery_size":"crop-500"}],"trending_post":"0","trending_post_position":"meta","trending_post_label":"Trending","sponsored_post":"0","sponsored_post_label":"Sponsored by","sponsored_post_name":"","sponsored_post_url":"","sponsored_post_logo_enable":"0","sponsored_post_logo":"","sponsored_post_desc":"","disable_ad":"0"},"jnews_primary_category":{"id":""},"jnews_social_meta":{"fb_title":"","fb_description":"","fb_image":"","twitter_title":"","twitter_description":"","twitter_image":""},"jnews_review":[],"enable_review":"0","type":"percentage","name":"","summary":"","brand":"","sku":"","good":[{"good_text":""}],"bad":[{"bad_text":""}],"score_override":"","override_value":"","rating":[{"rating_text":"","rating_number":"10"}],"price":[{"shop":"","price":"","link":"","icon":""}],"jnews_override_counter":{"override_view_counter":"0","view_counter_number":"0","override_share_counter":"0","share_counter_number":"0","override_like_counter":"0","like_counter_number":"0","override_dislike_counter":"0","dislike_counter_number":"0"},"jnews_post_split":{"enable_post_split":"0","post_split":[{"template":"1","tag":"h2","numbering":"asc","mode":"normal","first":"0","enable_toc":"0","toc_type":"normal"}]},"footnotes":""},"categories":[325],"tags":[],"class_list":["post-36777","post","type-post","status-publish","format-standard","has-post-thumbnail","hentry","category-generos-y-diversidades"],"jetpack_featured_media_url":"https:\/\/atecordoba.org\/wp-content\/uploads\/2023\/05\/conae-falda-del-canete-e1683301403314.jpg","_links":{"self":[{"href":"https:\/\/atecordoba.org\/index.php?rest_route=\/wp\/v2\/posts\/36777","targetHints":{"allow":["GET"]}}],"collection":[{"href":"https:\/\/atecordoba.org\/index.php?rest_route=\/wp\/v2\/posts"}],"about":[{"href":"https:\/\/atecordoba.org\/index.php?rest_route=\/wp\/v2\/types\/post"}],"author":[{"embeddable":true,"href":"https:\/\/atecordoba.org\/index.php?rest_route=\/wp\/v2\/users\/7"}],"replies":[{"embeddable":true,"href":"https:\/\/atecordoba.org\/index.php?rest_route=%2Fwp%2Fv2%2Fcomments&post=36777"}],"version-history":[{"count":6,"href":"https:\/\/atecordoba.org\/index.php?rest_route=\/wp\/v2\/posts\/36777\/revisions"}],"predecessor-version":[{"id":36821,"href":"https:\/\/atecordoba.org\/index.php?rest_route=\/wp\/v2\/posts\/36777\/revisions\/36821"}],"wp:featuredmedia":[{"embeddable":true,"href":"https:\/\/atecordoba.org\/index.php?rest_route=\/wp\/v2\/media\/36778"}],"wp:attachment":[{"href":"https:\/\/atecordoba.org\/index.php?rest_route=%2Fwp%2Fv2%2Fmedia&parent=36777"}],"wp:term":[{"taxonomy":"category","embeddable":true,"href":"https:\/\/atecordoba.org\/index.php?rest_route=%2Fwp%2Fv2%2Fcategories&post=36777"},{"taxonomy":"post_tag","embeddable":true,"href":"https:\/\/atecordoba.org\/index.php?rest_route=%2Fwp%2Fv2%2Ftags&post=36777"}],"curies":[{"name":"wp","href":"https:\/\/api.w.org\/{rel}","templated":true}]}}