{"id":3677,"date":"2013-12-05T20:58:13","date_gmt":"2013-12-05T23:58:13","guid":{"rendered":"http:\/\/www.atecordoba.org\/?p=3677"},"modified":"2013-12-05T20:58:13","modified_gmt":"2013-12-05T23:58:13","slug":"villa-maria-ate-planteo-al-concejo-deliberante-la-crisis-del-hospital","status":"publish","type":"post","link":"https:\/\/atecordoba.org\/?p=3677","title":{"rendered":"Villa Mar\u00eda: ATE planteo al concejo deliberante la crisis del hospital"},"content":{"rendered":"<p><em>Los trabajadores del Pasteur informaron sobre la situaci\u00f3n compleja que atraviesan, junto con pacientes que avalaron el plan de lucha. La secretaria General de Concejo Directivo Provincial, Mar\u00eda Teresa Romero, acompa\u00f1\u00f3 la exposici\u00f3n.<\/em><\/p>\n<p style=\"text-align: center;\"><a href=\"http:\/\/www.atecordoba.org\/wp-content\/uploads\/2013\/12\/IMG_20131204_111950-e1386287503844.jpg\"><img loading=\"lazy\" decoding=\"async\" class=\" wp-image-3678 aligncenter\" alt=\"IMG_20131204_111950\" src=\"http:\/\/www.atecordoba.org\/wp-content\/uploads\/2013\/12\/IMG_20131204_111950-e1386287503844.jpg\" width=\"560\" height=\"420\" \/><\/a><\/p>\n<p>Encabezados por nuestra secretaria General y por Walter Secondino, secretario General de Villa Mar\u00eda, un gru\u00adpo de tra\u00adba\u00adja\u00addo\u00adres del Hos\u00adpi\u00adtal Pas\u00adteur fue a en\u00adtre\u00adgar un pe\u00adti\u00adto\u00adrio a los con\u00adce\u00adja\u00adles de la ciu\u00addad, pa\u00adra que acom\u00adpa\u00ad\u00f1en el re\u00adcla\u00admo que vie\u00adnen ha\u00adcien\u00addo des\u00adde agos\u00adto y que a\u00fan no tu\u00advo una m\u00ednima res\u00adpues\u00adta de par\u00adte del Go\u00adbier\u00adno pro\u00advin\u00adcial.<\/p>\n<p>Se\u00adcon\u00addi\u00adno cues\u00adtio\u00adn\u00f3 a un le\u00adgis\u00adla\u00addor, acu\u00ads\u00e1n\u00addo\u00adlo de \u201cvio\u00adlen\u00adcia la\u00adbo\u00adral\u201d. \u201cD\u00edgan\u00adme si no es vio\u00adlen\u00adcia la\u00adbo\u00adral de\u00adcir\u00adle a tra\u00adba\u00adja\u00addo\u00adres fac\u00adtu\u00adran\u00adtes que si\u00ad no les gus\u00adtan las con\u00addi\u00adcio\u00adnes de tra\u00adba\u00adjo, \u00e9l tie\u00adne 150 con\u00adtra\u00adtos pa\u00adra lla\u00admar a otra gen\u00adte\u201d.<\/p>\n<p>A su tur\u00adno, Ar\u00adnal\u00addo Mo\u00adli\u00adna, se\u00adcre\u00adta\u00adrio ad\u00adjun\u00adto del gre\u00admio y em\u00adplea\u00addo del Pas\u00adteur, di\u00adjo que \u201cse ago\u00adt\u00f3 el sis\u00adte\u00adma de sa\u00adlud\u201d. Re\u00adcor\u00add\u00f3 que en 1996 ellos lu\u00adcha\u00adron pa\u00adra que el hos\u00adpi\u00adtal no ba\u00adja\u00adra de ca\u00adte\u00adgo\u00adr\u00eda y hoy si\u00adgue sien\u00addo \u201cre\u00adgio\u00adnal\u201d, pe\u00adro sin lo m\u00ed\u00adni\u00admo pa\u00adra ser\u00adlo.<\/p>\n<p>\u201cNo te\u00adne\u00admos ni un to\u00adm\u00f3\u00adgra\u00adfo, co\u00admo us\u00adte\u00addes sa\u00adben; fal\u00adtan per\u00adso\u00adnal, in\u00adsu\u00admos, ca\u00admas y hay d\u00edas en los que no hay ni un me\u00addi\u00adca\u00admen\u00adto pa\u00adra in\u00adtu\u00adbar a un pa\u00adcien\u00adte\u201d, agre\u00adg\u00f3.<\/p>\n<p>El dirigente dijo que en agos\u00adto ele\u00adva\u00adron un pe\u00adti\u00adto\u00adrio pa\u00adra que se con\u00adtra\u00adta\u00adra a los fac\u00adtu\u00adran\u00adtes, se pa\u00adsa\u00adra a plan\u00adta a los con\u00adtra\u00adta\u00addos \u201cy un ter\u00adcer pun\u00adto, que que\u00add\u00f3 de\u00adsac\u00adti\u00adva\u00addo, que era el de for\u00admar una co\u00admi\u00adsi\u00f3n pa\u00adra pla\u00adni\u00adfi\u00adcar el tras\u00adla\u00addo al nue\u00advo Hos\u00adpi\u00adtal. Hoy no ve\u00admos que ha\u00adya avan\u00adces pa\u00adra ese tras\u00adla\u00addo mien\u00adtras el vie\u00adjo Hos\u00adpi\u00adtal se cae a pe\u00adda\u00adzos\u201d.<\/p>\n<p><a href=\"http:\/\/www.atecordoba.org\/wp-content\/uploads\/2013\/12\/1.png\"><img loading=\"lazy\" decoding=\"async\" class=\" wp-image-3679 alignleft\" alt=\"1\" src=\"http:\/\/www.atecordoba.org\/wp-content\/uploads\/2013\/12\/1.png\" width=\"336\" height=\"252\" \/><\/a>En ese sentido, a\u00f1adi\u00f3 que nun\u00adca en la his\u00adto\u00adria del cen\u00adtro de sa\u00adlud \u201cse vio un \u00e9xo\u00addo de pro\u00adfe\u00adsio\u00adna\u00adles co\u00admo el ac\u00adtual. Creo que en los \u00fal\u00adti\u00admos dos a\u00f1os se fue\u00adron cer\u00adca de 20&#8243;.<\/p>\n<p>Tam\u00adbi\u00e9n les in\u00adfor\u00adm\u00f3 a los con\u00adce\u00adja\u00adles so\u00adbre el es\u00adtr\u00e9s del tra\u00adba\u00adjo en la Guar\u00addia sin in\u00adsu\u00admos. In\u00adclu\u00adso, hu\u00adbo tes\u00adti\u00admo\u00adnios de m\u00e9\u00addi\u00adcos y en\u00adfer\u00adme\u00adras que ha\u00adbla\u00adban de la in\u00adco\u00admo\u00addi\u00addad que les ge\u00adne\u00adra te\u00adner que re\u00adci\u00adbir de los pa\u00adcien\u00adtes de un hos\u00adpi\u00adtal p\u00fa\u00adbli\u00adco has\u00adta un pa\u00adque\u00adte de al\u00adgo\u00add\u00f3n, por\u00adque fal\u00adta en el Hos\u00adpi\u00adtal.<\/p>\n<p>Una pa\u00adcien\u00adte, que acom\u00adpa\u00ad\u00f1\u00f3 a los tra\u00adba\u00adja\u00addo\u00adres, pi\u00addi\u00f3 a los con\u00adce\u00adja\u00adles ofi\u00adcia\u00adlis\u00adtas, \u201cque has\u00adta ha\u00adce po\u00adco es\u00adtu\u00advie\u00adron cer\u00adca del Go\u00adbier\u00adno pro\u00advin\u00adcial\u201d, que le pi\u00addan re\u00adcur\u00adsos pa\u00adra sa\u00adlud. \u201cYo ne\u00adce\u00adsi\u00adto el hos\u00adpi\u00adtal p\u00fa\u00adbli\u00adco, no ten\u00adgo po\u00adsi\u00adbi\u00adli\u00adda\u00addes de un tra\u00adba\u00adjo ni de obra so\u00adcial\u201d, se quej\u00f3.<\/p>\n<h2><\/h2>\n<h2>Crisis general<\/h2>\n<p>A su turno, Romero aclar\u00f3 que\u00a0\u00a0la situaci\u00f3n de crisis de la salud que no es solo\u00a0 de Villa Maria, pero el caso de Pasteur es uno de los m\u00e1s extremos \u00a0porque &#8221;\u00a0hace a\u00f1os que dicen que los van a\u00a0 a trasladar y mientras los tienen trabajando a los compa\u00f1eros sin vidrios&#8221;.<\/p>\n<p>En otro p\u00e1rrafo de su exposici\u00f3n, la dirigente se\u00f1al\u00f3 que &#8220;las condiciones de vida tambi\u00e9n forman parte de la salud: la buena alimentaci\u00f3n, el acceso a los servicios, etc. Por eso hay que retomar los programas de prevenci\u00f3n que se cayeron en estos a\u00f1os. Si el gobierno no asume el problema en serio, van estallar crisis en cada lugar y el a\u00f1o que viene ser\u00e1 mas grave el conflicto de salud&#8221;.<\/p>\n<p>Romero denunci\u00f3 ante los concejales la falta pol\u00edtica en t\u00e9rminos de salud p\u00fablica y remarc\u00f3 que \u00a0la Organizaci\u00f3n Mundial de la Salud (OMS) es clara en cuanto a la cantidad de camas que deben existir y en C\u00f3rdoba distamos de llegar a la cantidad recomendada, aun contando al sector p\u00fablico y al privado<\/p>\n<p>&#8220;El presupuesto debe ser mayor porque la salud es lo principal. Para construir una casa hay que hacer los cimientos, la salud es los cimentos de la comunidad. Hay que trabajar con los hospitales p\u00fablicos porque es el lugar donde concurre la parte mas pobre de la poblaci\u00f3n&#8221;, finaliz\u00f3.<\/p>\n<p style=\"text-align: center;\"><a href=\"http:\/\/www.atecordoba.org\/wp-content\/uploads\/2013\/12\/2.png\"><img loading=\"lazy\" decoding=\"async\" class=\" wp-image-3680 aligncenter\" alt=\"2\" src=\"http:\/\/www.atecordoba.org\/wp-content\/uploads\/2013\/12\/2.png\" width=\"640\" height=\"480\" \/><\/a><\/p>\n<p style=\"text-align: center;\">\n<p style=\"text-align: center;\"><a href=\"http:\/\/www.atecordoba.org\/wp-content\/uploads\/2013\/12\/3.png\"><img loading=\"lazy\" decoding=\"async\" class=\" wp-image-3681 aligncenter\" alt=\"3\" src=\"http:\/\/www.atecordoba.org\/wp-content\/uploads\/2013\/12\/3.png\" width=\"640\" height=\"480\" \/><\/a><\/p>\n","protected":false},"excerpt":{"rendered":"<p>Los trabajadores del Pasteur informaron sobre la situaci\u00f3n compleja que atraviesan, junto con pacientes que avalaron el plan de lucha. La secretaria General de Concejo Directivo Provincial, Mar\u00eda Teresa Romero, acompa\u00f1\u00f3 la exposici\u00f3n. Encabezados por nuestra secretaria General y por Walter Secondino, secretario General de Villa Mar\u00eda, un gru\u00adpo de tra\u00adba\u00adja\u00addo\u00adres del Hos\u00adpi\u00adtal Pas\u00adteur fue [&hellip;]<\/p>\n","protected":false},"author":1,"featured_media":19220,"comment_status":"open","ping_status":"open","sticky":false,"template":"","format":"standard","meta":{"_exactmetrics_skip_tracking":false,"_exactmetrics_sitenote_active":false,"_exactmetrics_sitenote_note":"","_exactmetrics_sitenote_category":0,"jnews-multi-image_gallery":[],"jnews_single_post":[],"jnews_primary_category":[],"jnews_social_meta":[],"jnews_review":[],"enable_review":"","type":"","name":"","summary":"","brand":"","sku":"","good":[],"bad":[],"score_override":"","override_value":"","rating":[],"price":[],"jnews_override_counter":[],"jnews_post_split":[],"footnotes":""},"categories":[7,8,14],"tags":[],"class_list":["post-3677","post","type-post","status-publish","format-standard","has-post-thumbnail","hentry","category-hospitales","category-provinciales","category-villa-maria"],"jetpack_featured_media_url":"https:\/\/atecordoba.org\/wp-content\/uploads\/2020\/05\/logo-nuevochico-e1561581322808.png","_links":{"self":[{"href":"https:\/\/atecordoba.org\/index.php?rest_route=\/wp\/v2\/posts\/3677","targetHints":{"allow":["GET"]}}],"collection":[{"href":"https:\/\/atecordoba.org\/index.php?rest_route=\/wp\/v2\/posts"}],"about":[{"href":"https:\/\/atecordoba.org\/index.php?rest_route=\/wp\/v2\/types\/post"}],"author":[{"embeddable":true,"href":"https:\/\/atecordoba.org\/index.php?rest_route=\/wp\/v2\/users\/1"}],"replies":[{"embeddable":true,"href":"https:\/\/atecordoba.org\/index.php?rest_route=%2Fwp%2Fv2%2Fcomments&post=3677"}],"version-history":[{"count":0,"href":"https:\/\/atecordoba.org\/index.php?rest_route=\/wp\/v2\/posts\/3677\/revisions"}],"wp:featuredmedia":[{"embeddable":true,"href":"https:\/\/atecordoba.org\/index.php?rest_route=\/wp\/v2\/media\/19220"}],"wp:attachment":[{"href":"https:\/\/atecordoba.org\/index.php?rest_route=%2Fwp%2Fv2%2Fmedia&parent=3677"}],"wp:term":[{"taxonomy":"category","embeddable":true,"href":"https:\/\/atecordoba.org\/index.php?rest_route=%2Fwp%2Fv2%2Fcategories&post=3677"},{"taxonomy":"post_tag","embeddable":true,"href":"https:\/\/atecordoba.org\/index.php?rest_route=%2Fwp%2Fv2%2Ftags&post=3677"}],"curies":[{"name":"wp","href":"https:\/\/api.w.org\/{rel}","templated":true}]}}