{"id":3674,"date":"2013-12-05T17:08:17","date_gmt":"2013-12-05T20:08:17","guid":{"rendered":"http:\/\/www.atecordoba.org\/?p=3674"},"modified":"2013-12-05T17:08:17","modified_gmt":"2013-12-05T20:08:17","slug":"asambleas-hospitalarias-definieron-ratificar-el-plan-de-lucha","status":"publish","type":"post","link":"https:\/\/atecordoba.org\/?p=3674","title":{"rendered":"Con dos hospitales ocupados, asambleas definieron ratificar el plan de lucha"},"content":{"rendered":"<p><em>A tempranas horas de la ma\u00f1ana, las asambleas de los hospitales p\u00fablicos en lucha resolvieron dar continuidad al plan de lucha que ATE viene desarrollando hace tres meses. La medida se decidi\u00f3 en los hospitales: Misericordia, Tr\u00e1nsito C\u00e1ceres de Allende, de Ni\u00f1os, Rawson, San Roque Nuevo, Materno Neonatal, C\u00f3rdoba.<\/em><\/p>\n<p style=\"text-align: center;\"><a href=\"http:\/\/www.atecordoba.org\/wp-content\/uploads\/2013\/10\/DSC03637-e1382039675522.jpg\"><img loading=\"lazy\" decoding=\"async\" class=\"size-full wp-image-3432 aligncenter\" alt=\"DSC03637\" src=\"http:\/\/www.atecordoba.org\/wp-content\/uploads\/2013\/10\/DSC03637-e1382039675522.jpg\" width=\"300\" height=\"225\" \/><\/a><\/p>\n<p>Tambi\u00e9n se realiz\u00f3 una asamblea en la manzana psiqui\u00e1trica donde se encuentran dependencias del IPAD, Neuropsiqui\u00e1trico y Casa del joven. Los trabajadores cortaron la calle Bahia Blanca, exigiendo ser escuchados en sus reclamos.<\/p>\n<p>En esa l\u00ednea, se mantiene ocupado el Hospital Misericordia, que se encuentra en esta situaci\u00f3n desde el lunes pasado y se sum\u00f3 el Tr\u00e1nsito C\u00e1ceres de Allende desde hoy a las 10 horas. Esta modalidad se extender\u00e1 ma\u00f1ana a otros centros de salud.<\/p>\n<p>El mandato de las asambleas ratific\u00f3 el reclamo por una recomposici\u00f3n salarial que iguale la canasta familiar, pase a planta de los trabajadores contratados y monotributos, reparaci\u00f3n y mantenimiento de la aparatolog\u00eda fuera de uso, nombramiento de personal para completar la prestaci\u00f3n de los servicios de salud, reconstrucci\u00f3n urgente de la infraestructura en malas condiciones, insumos indispensables para el funcionamiento de los hospitales y medicamentos para los pacientes.<\/p>\n<p>En ese marco, es indispensable la apertura paritaria para contar con una mesa de negociaci\u00f3n donde se puedan canalizar los reclamos de los trabajadores.<\/p>\n<p>Desde ATE reclamamos que el piso de discusi\u00f3n salarial se equipare a la recomposici\u00f3n obtenida ayer por el personal policial.<\/p>\n<p>Ma\u00f1ana se realizar\u00e1 un cuerpo de delegados, a las 10 horas en nuestra sede (Paran\u00e1 140), con la perspectiva de marchar llevar a cabo una movilizaci\u00f3n conjunta, el mi\u00e9rcoles que viene, con el gremio de judiciales.<\/p>\n<p>&nbsp;<\/p>\n<p align=\"right\">Mar\u00eda Teresa Romero<\/p>\n<p align=\"right\">Secretaria General<\/p>\n<p align=\"right\">ATE C\u00f3rdoba<\/p>\n","protected":false},"excerpt":{"rendered":"<p>A tempranas horas de la ma\u00f1ana, las asambleas de los hospitales p\u00fablicos en lucha resolvieron dar continuidad al plan de lucha que ATE viene desarrollando hace tres meses. La medida se decidi\u00f3 en los hospitales: Misericordia, Tr\u00e1nsito C\u00e1ceres de Allende, de Ni\u00f1os, Rawson, San Roque Nuevo, Materno Neonatal, C\u00f3rdoba. Tambi\u00e9n se realiz\u00f3 una asamblea en [&hellip;]<\/p>\n","protected":false},"author":1,"featured_media":19220,"comment_status":"open","ping_status":"open","sticky":false,"template":"","format":"standard","meta":{"_exactmetrics_skip_tracking":false,"_exactmetrics_sitenote_active":false,"_exactmetrics_sitenote_note":"","_exactmetrics_sitenote_category":0,"jnews-multi-image_gallery":[],"jnews_single_post":[],"jnews_primary_category":[],"jnews_social_meta":[],"jnews_review":[],"enable_review":"","type":"","name":"","summary":"","brand":"","sku":"","good":[],"bad":[],"score_override":"","override_value":"","rating":[],"price":[],"jnews_override_counter":[],"jnews_post_split":[],"footnotes":""},"categories":[7,8],"tags":[],"class_list":["post-3674","post","type-post","status-publish","format-standard","has-post-thumbnail","hentry","category-hospitales","category-provinciales"],"jetpack_featured_media_url":"https:\/\/atecordoba.org\/wp-content\/uploads\/2020\/05\/logo-nuevochico-e1561581322808.png","_links":{"self":[{"href":"https:\/\/atecordoba.org\/index.php?rest_route=\/wp\/v2\/posts\/3674","targetHints":{"allow":["GET"]}}],"collection":[{"href":"https:\/\/atecordoba.org\/index.php?rest_route=\/wp\/v2\/posts"}],"about":[{"href":"https:\/\/atecordoba.org\/index.php?rest_route=\/wp\/v2\/types\/post"}],"author":[{"embeddable":true,"href":"https:\/\/atecordoba.org\/index.php?rest_route=\/wp\/v2\/users\/1"}],"replies":[{"embeddable":true,"href":"https:\/\/atecordoba.org\/index.php?rest_route=%2Fwp%2Fv2%2Fcomments&post=3674"}],"version-history":[{"count":0,"href":"https:\/\/atecordoba.org\/index.php?rest_route=\/wp\/v2\/posts\/3674\/revisions"}],"wp:featuredmedia":[{"embeddable":true,"href":"https:\/\/atecordoba.org\/index.php?rest_route=\/wp\/v2\/media\/19220"}],"wp:attachment":[{"href":"https:\/\/atecordoba.org\/index.php?rest_route=%2Fwp%2Fv2%2Fmedia&parent=3674"}],"wp:term":[{"taxonomy":"category","embeddable":true,"href":"https:\/\/atecordoba.org\/index.php?rest_route=%2Fwp%2Fv2%2Fcategories&post=3674"},{"taxonomy":"post_tag","embeddable":true,"href":"https:\/\/atecordoba.org\/index.php?rest_route=%2Fwp%2Fv2%2Ftags&post=3674"}],"curies":[{"name":"wp","href":"https:\/\/api.w.org\/{rel}","templated":true}]}}