{"id":36719,"date":"2023-05-03T10:15:05","date_gmt":"2023-05-03T13:15:05","guid":{"rendered":"https:\/\/atecordoba.org\/?p=36719"},"modified":"2023-05-03T10:15:06","modified_gmt":"2023-05-03T13:15:06","slug":"cordoba-no-para-de-criminalizar-y-perseguir","status":"publish","type":"post","link":"https:\/\/atecordoba.org\/?p=36719","title":{"rendered":"&#8220;C\u00f3rdoba no para de criminalizar y perseguir&#8221;"},"content":{"rendered":"\n<div class=\"wp-block-image\"><figure class=\"aligncenter size-large is-resized\"><img loading=\"lazy\" decoding=\"async\" src=\"https:\/\/atecordoba.org\/wp-content\/uploads\/2023\/05\/rafaela-microfono-1024x596.jpg\" alt=\"\" class=\"wp-image-36720\" width=\"768\" height=\"447\" \/><\/figure><\/div>\n\n\n\n<p><sup>Fuente: www.lalunacongatillo.com <\/sup><\/p>\n\n\n\n<p>Por Santi Rodr\u00edguez*<\/p>\n\n\n\n<p>El conflicto social cada vez se intensifica m\u00e1s, la crisis que no para, los bajos salarios, la violencia hacia sectores marcados y el hambre como bala para los sectores populares son desaf\u00edos y luchas que nos mantienen en multitud atenta para seguir poniendo el cuerpo ante las adversidades. Quienes estamos en el territorio desparramando el b\u00e1lsamo ante las heridas constantes, construimos una concepci\u00f3n de la realidad totalmente distinta de quienes desparraman el odio y resentimiento por sectores en la mira para el poder pol\u00edtico, pero adem\u00e1s somos quienes denunciamos las ineficiencias y ausencias del Estado y que por eso mismo somos perseguides y judicializades.<\/p>\n\n\n\n<p>Rafaela Alcoba es la Secretaria General de ATE y la CTA Aut\u00f3noma Regional R\u00edo Cuarto con quien estuvimos discutiendo sobre el contexto actual de lxs trabajadorxs y un Gobierno Provincial que no para de perseguir y criminalizar a los luchadores sociales.<\/p>\n\n\n\n<p><strong>-Hay un mapeo de conflictividad latente.<\/strong><\/p>\n\n\n\n<p>-S\u00ed, en realidad el panorama y el mapeo del conflicto cada vez se est\u00e1n abriendo un poco m\u00e1s. Arranc\u00f3 fuertemente, si bien no fren\u00f3 nunca en estos \u00faltimos a\u00f1os, pero fuertemente arranc\u00f3 en el a\u00f1o pasado, en noviembre donde desata, donde emerge el conflicto de Salud, creo que producto del hartazgo del sector y que luego detona en lo que es el sector Educaci\u00f3n. Y detona \u00bfpor qu\u00e9? Por la falta de respuestas concretas, porque siempre el Gobierno Provincial lo que ha hecho ha ido poniendo parches y discutiendo cuestiones netamente salariales, que sin embargo nunca llegaron o nunca superaron lo que marca el \u00edndice de inflaci\u00f3n. Y s\u00ed, lo que vemos que este mapeo de conflictos cada vez se abre m\u00e1s porque, primero, estamos atravesando una de las peores crisis econ\u00f3micas de los \u00faltimos tiempos, hay una gran incidencia de quienes hoy tienen el poder econ\u00f3mico en el pa\u00eds para que esto pase. Claramente, la falta de responsabilidad o capacidad pol\u00edtica de un Gobierno que no pudo, que m\u00e1s all\u00e1 de la pandemia, no pudo llevar adelante un proyecto en el cual hablaba de una Argentina diferente a esta altura. Y despu\u00e9s, creo que la conflictividad social en cuanto a la incapacidad productiva o adquisitiva, adquisitiva m\u00e1s que productiva, que hoy est\u00e1 latente, estamos en un ambiente bastante complicado. En R\u00edo Cuarto los municipales est\u00e1n en conflicto, la Salud en conflicto, Educaci\u00f3n est\u00e1 en conflicto, los sectores nacionales, estatales. Venimos de una Jornada de Lucha, sobre todo en lo que es el Personal Civil, cuando estamos todav\u00eda reclamando la apertura de pases a planta permanente, que se firm\u00f3 en el 2020, o sea, estamos 2023 y a\u00fan esperando que se d\u00e9 el cumplimiento a las actas paritarias. Y bueno, el hambre, la pobreza y la indigencia, que cada vez aumenta m\u00e1s en sus \u00edndices y que cuando hablamos de aumenta m\u00e1s, hablamos de gente que cada vez necesita m\u00e1s y tiene que requerir hacia el Estado buscar su plato de comida, lo b\u00e1sico e indispensable.<\/p>\n\n\n\n<p><strong>-Y en el contexto electoral pareciera que el ojo se enfoca en deslegitimar el conflicto.<\/strong><\/p>\n\n\n\n<div class=\"wp-block-image\"><figure class=\"alignleft size-full is-resized\"><img loading=\"lazy\" decoding=\"async\" src=\"https:\/\/atecordoba.org\/wp-content\/uploads\/2023\/05\/crimen.jpg\" alt=\"\" class=\"wp-image-36721\" width=\"512\" height=\"299\" srcset=\"https:\/\/atecordoba.org\/wp-content\/uploads\/2023\/05\/crimen.jpg 1024w, https:\/\/atecordoba.org\/wp-content\/uploads\/2023\/05\/crimen-300x175.jpg 300w, https:\/\/atecordoba.org\/wp-content\/uploads\/2023\/05\/crimen-768x448.jpg 768w, https:\/\/atecordoba.org\/wp-content\/uploads\/2023\/05\/crimen-750x437.jpg 750w\" sizes=\"auto, (max-width: 512px) 100vw, 512px\" \/><\/figure><\/div>\n\n\n\n<p>-S\u00ed, hoy no he escuchado a ninguno de los candidatos que en su mayor\u00eda siguen siendo hombres y pocas compa\u00f1eras candidatas, hablar de la agenda concreta, la agenda que se est\u00e1 marcando en la calle. Hoy la \u00fanica agenda que se est\u00e1 mirando es la electoral. Pasaron el tema de la fecha, de cu\u00e1l era la fecha, c\u00f3mo pon\u00edan la fecha de los intendentes, c\u00f3mo pon\u00edan la fecha de la Gobernaci\u00f3n y dem\u00e1s. A todo eso, lo \u00fanico que se est\u00e1 mirando, lo vimos el otro d\u00eda en R\u00edo Cuarto cuando est\u00e1bamos hablando de que R\u00edo Cuarto tiene uno de los \u00edndices m\u00e1s grandes de trabajo informal, de pobreza y desarrollo, y se hace una presentaci\u00f3n de los candidatos del oficialismo para las elecciones del 25 de junio en el Espacio Mu\u00f1iz, un sal\u00f3n donde claramente para ellos era una fiesta, una fiesta que no sabemos qu\u00e9 se est\u00e1 discutiendo porque no es la agenda que nosotros queremos que se discuta, es la agenda electoral. Pasadas las elecciones qu\u00e9 va a pasar en C\u00f3rdoba, no sabemos. Porque hoy no se est\u00e1 planificando ni pensando c\u00f3mo salir de esta situaci\u00f3n econ\u00f3mica tan profunda en la que estamos, porque estamos pasando un momento muy grave. Las barriadas la est\u00e1n pasando muy mal y los trabajadores estamos siendo cada vez m\u00e1s pobres. Porque en Argentina hoy el condimento m\u00e1s explosivo es que quienes hoy tenemos trabajo formal somos pobres. Ya no es el trabajo formal o informal lo que nos est\u00e1 marcando la l\u00ednea de si tenes un poder adquisitivo mayor o menor. Hoy ya teniendo un trabajo formal sos pobre. Ni hablar en el Estado.<\/p>\n\n\n\n<p><strong>-Y digo, quienes est\u00e1n al frente del conflicto denunciando todo esto son perseguides.<\/strong><\/p>\n\n\n\n<p>-C\u00f3rdoba se arm\u00f3 un caparaz\u00f3n judicial que lo que intenta es frenar la conflictividad y la presencia de los dirigentes y las dirigentes y la poblaci\u00f3n en la calle. Creo que ellos el mapa lo est\u00e1n viendo, lo est\u00e1n viendo justamente en este sentido, que no tienen la capacidad para dar respuesta, que solamente est\u00e1n mirando la agenda electoral y por ende avanzaron en poner en la calle un art\u00edculo, que en realidad es justamente lo que criminaliza la protesta, que viene de la \u00e9poca de Ongan\u00eda. Y ese art\u00edculo lo que hace justamente a quienes hayan su manera formal o bonita de decirlo, por obstruir el tr\u00e1nsito, son penalizados y en realidad lo \u00fanico que est\u00e1n haciendo es perseguir a los dirigentes pol\u00edticos y sociales. En C\u00f3rdoba se imputaron a seis compa\u00f1eros y compa\u00f1eras por haber estado manifest\u00e1ndose el 5 de abril en contra del hambre en la provincia de C\u00f3rdoba, una de las provincias m\u00e1s ricas del pa\u00eds. Y en realidad lo que molesta es eso. Y es preocupante, es preocupante porque el Poder Judicial es el brazo ejecutor de esa pol\u00edtica de persecuciones, que son persecuciones pol\u00edticas. Y que la Justicia, en lo que no nos sorprende que se ponga en este lugar, s\u00ed nos parece muy grave que a quienes fueron imputados se les haya secuestrado su celular una herramienta que para todos y todas, no para nosotros, nuestro celular tiene todo, todos nuestros datos, toda nuestra agenda, todas nuestras conversaciones, ya sean pol\u00edticas, laborales, privadas. Es complicado el panorama y es complejo tambi\u00e9n el hecho de que haya todav\u00eda organizaciones que no se hayan manifestado en contra de eso. Porque hoy no es una cuesti\u00f3n de que le pasa a tal o cu\u00e1l organizaci\u00f3n, que en este caso es el Bloque Piquetero de la provincia de C\u00f3rdoba. Esto va a seguir avanzando y si no lo frenamos a tiempo, nos vamos a encontrar con la complejidad de tener a todos los dirigentes imputados simplemente porque el Gobierno de C\u00f3rdoba, no quiere que estemos en la calle.<\/p>\n\n\n\n<div class=\"wp-block-image\"><figure class=\"alignright size-full is-resized\"><img loading=\"lazy\" decoding=\"async\" src=\"https:\/\/atecordoba.org\/wp-content\/uploads\/2023\/05\/aplauso.jpg\" alt=\"\" class=\"wp-image-36722\" width=\"512\" height=\"299\" srcset=\"https:\/\/atecordoba.org\/wp-content\/uploads\/2023\/05\/aplauso.jpg 1024w, https:\/\/atecordoba.org\/wp-content\/uploads\/2023\/05\/aplauso-300x175.jpg 300w, https:\/\/atecordoba.org\/wp-content\/uploads\/2023\/05\/aplauso-768x449.jpg 768w, https:\/\/atecordoba.org\/wp-content\/uploads\/2023\/05\/aplauso-750x438.jpg 750w\" sizes=\"auto, (max-width: 512px) 100vw, 512px\" \/><\/figure><\/div>\n\n\n\n<p><strong>-\u00bfEs necesaria la unidad en estos momentos?<\/strong><\/p>\n\n\n\n<p>-Es que no hay otro modo. Y todav\u00eda creo que si bien todos lo sabemos y todas lo sabemos, todav\u00eda creo que no podemos romper algunas barreras que la clase trabajadora y los sectores sindicales y sociales hacia abajo est\u00e1n atomizados y necesitamos romper con esa esos baches que tenemos, porque si no hay una unidad concreta en uno o dos ejes, porque tampoco tenemos que poner toda la agenda, en uno o dos ejes, que hoy es el hambre. Hoy hay que salir a denunciar que el hambre es un crimen en nuestro pa\u00eds. Y el otro es la falta de trabajo. Son dos ejes que nos atraviesan a todos y a todas las organizaciones. Y si no tenemos la capacidad de entender eso y unirnos de una vez por todas, cada vez se va a ser m\u00e1s complejo, cada vez se dilatan m\u00e1s los tiempos. Y cuando hablamos de tiempo, hablamos de calidad de vida. Hablamos de que la gente no puede seguir esperando un plato de comida o una posibilidad de tener un trabajo decente o un salario digno. Ya hace mucho tiempo que lo estamos esperando, ya est\u00e1. Ya estamos tocando fondo. Lamentablemente.<\/p>\n\n\n\n<p><strong>-Hay responsabilidades que todav\u00eda le quedan al actual mandato.<\/strong><\/p>\n\n\n\n<p>-S\u00ed es urgente y por eso es que el arco y ahora hablando del arco pol\u00edtico, quienes est\u00e1n en espacios gubernamentales lo que no hicieron en 3 a\u00f1os y medio no lo van a poder hacer, pero al menos intentar frenar un poco esta locura, porque m\u00e1s all\u00e1 de que lo vemos todos los d\u00edas, estamos todos, todos los d\u00edas pendientes del d\u00f3lar, m\u00e1s all\u00e1 que la clase trabajadora media para abajo no tenemos d\u00f3lares, no es nuestra capacidad de ahorro desapareci\u00f3 hace mucho tiempo de nuestro mapa de vida la econom\u00eda est\u00e1 si ese ritmo y por eso hoy nuestros salarios no alcanzan a cubrir las necesidades b\u00e1sicas. Si el Gobierno no llega a ser algo r\u00e1pido, dudo, y esto entre nosotros dudo que lo haga, estamos ante un Fin de A\u00f1o complejo porque tenemos elecciones en el medio, tenemos las PASO, tenemos las elecciones centrales y sabemos c\u00f3mo juega el poder pol\u00edtico, econ\u00f3mico y judicial.<\/p>\n\n\n\n<p><strong>-Como dirigenta hay discusiones que quedaron pendientes del movimiento transfeminista. Como discutir la Deuda como pol\u00edtica feminista, ya que somos les primeres en resistirlas.<\/strong><\/p>\n\n\n\n<p>-La agenda feminista no escapa a la l\u00f3gica de las agendas de otros de otros sectores. Yo creo que es fundamental ahora no dejarnos distraer porque en muchos espacios se habla de la equiparaci\u00f3n de cargos. del 50 y 50, de la incorporaci\u00f3n de mujeres en cargos centrales gubernamentales, la realidad es que no nos tenemos que dejar distraer, por qu\u00e9 nos falta mucho, mucho por concretar, lo que fue la despenalizaci\u00f3n del aborto fue un logro inmenso, grand\u00edsimo, de mucho tiempo de lucha y creo que esto es que vos planteas reci\u00e9n de que todav\u00eda no se reconoce a las mujeres como los merenderos, que tenemos como FeNaT en R\u00edo Cuarto, est\u00e1n a cargo de compa\u00f1eras y la labor de esas compa\u00f1eras no est\u00e1 reconocida. Como as\u00ed tambi\u00e9n seguimos estando bajo esquemas laborales en el cual las mujeres seguimos siendo las que tenemos menos oportunidades de ascenso, las que tenemos menos oportunidad de tener cargos de jefaturas, de direcciones, las diversidades es que seguimos discutiendo un tema de cupos de un 1%. Cuando en realidad deber\u00edamos estar discutiendo de una real implementaci\u00f3n de pol\u00edticas de diversidad en los sectores de trabajo y nos ha pasado much\u00edsimos lugares donde ingresan compa\u00f1eres trans, se encuentran los sectores hostiles, la precarizaci\u00f3n en la que siguen, la calidad de trabajo que realizan, como lo realizan, la formaci\u00f3n para el entorno justamente para que puedan tener un espacio laborable en paz, todav\u00eda&nbsp; falta, estaba muy lejos de poder avanzar, porque cada vez que se va planteando siempre como que se pone algo m\u00e1s inmediato adelante y creo que mucho tiempo hemos dejado que sea algo m\u00e1s inmediato, sigue su curso y hemos, no s\u00e9 si frenado, pero retrasado algunas discusiones que son fundamentales. Hoy seguimos discutiendo formar a los dirigentes en lo que es el Convenio 190 de la OIT y en muy pocos lugares de trabajo se realiza la formaci\u00f3n en materia de erradicar la Violencia y el Acoso en los lugares de trabajo. Seguimos con compa\u00f1eras con miedo a denunciar, seguimos con compa\u00f1eras que lejos de poder plantarse en un lugar y tener una estructura que las apoye, deciden cambiarse de \u00e1reas. Nos falta mucho, nos falta much\u00edsimo en esa materia. Creo que el Movimiento Feminista es el \u00fanico movimiento que emergi\u00f3 en los \u00faltimos a\u00f1os y que se sostuvo y que esto que planteamos reci\u00e9n se va a lograr. \u00bfEl tema es en cu\u00e1nto tiempo? \u00bfCu\u00e1nto tiempo m\u00e1s tenemos que seguir esperando? A m\u00ed lo que m\u00e1s me preocupa este \u00faltimo tiempo, sobre todo este \u00faltimo a\u00f1o, es que muchas veces G\u00e9nero est\u00e1 en todos lados, como si fuese una pantalla de distracci\u00f3n. Bueno, tenemos el espacio de G\u00e9nero, ahora los contenidos de este espacio de G\u00e9nero a veces son magros, muy livianos, poco ejecutables, la gente nos conoce muy poco, entonces termina siendo como una especie de pantalla y justamente creo que el objetivo nuestro es desde el movimiento, no permitir que se use nuestra lucha y nuestras consignas como pantalla.<\/p>\n\n\n\n<p><strong>Fotos: Camila Petenatti<\/strong><\/p>\n\n\n\n<p><strong>*Periodista callejero. Militante de la Federaci\u00f3n Nacional Territorial (FeNaT-CTAA) y del Espacio de Juventudes de la Central. Vocal de la CTA Aut\u00f3noma Regional R\u00edo Cuarto<\/strong><\/p>\n\n\n\n<p><\/p>\n","protected":false},"excerpt":{"rendered":"<p>Fuente: www.lalunacongatillo.com Por Santi Rodr\u00edguez* El conflicto social cada vez se intensifica m\u00e1s, la crisis que no para, los bajos salarios, la violencia hacia sectores marcados y el hambre como bala para los sectores populares son desaf\u00edos y luchas que nos mantienen en multitud atenta para seguir poniendo el cuerpo ante las adversidades. Quienes estamos [&hellip;]<\/p>\n","protected":false},"author":7,"featured_media":36720,"comment_status":"open","ping_status":"open","sticky":false,"template":"","format":"standard","meta":{"_exactmetrics_skip_tracking":false,"_exactmetrics_sitenote_active":false,"_exactmetrics_sitenote_note":"","_exactmetrics_sitenote_category":0,"jnews-multi-image_gallery":[],"jnews_single_post":{"subtitle":"Rafaela Alcoba, secretaria General de ATE y la CTA Aut\u00f3noma Regional R\u00edo Cuarto, dio su mirada sobre la conflictividad producto de la crisis econ\u00f3mica que azota a los sectores populares. La persecuci\u00f3n judicial de dirigentes gremiales, como nuestro secretario General Federico Giuliani, y sociales como huida hacia el abismo del gobierno de Juan Schiaretti. ","format":"standard","video":"","gallery":"","source_name":"","source_url":"","via_name":"","via_url":"","override_template":"0","override":[{"template":"1","single_blog_custom":"","parallax":"1","fullscreen":"1","layout":"right-sidebar","sidebar":"default-sidebar","second_sidebar":"default-sidebar","sticky_sidebar":"1","share_position":"top","share_float_style":"share-monocrhome","show_share_counter":"1","show_view_counter":"1","show_featured":"1","show_post_meta":"1","show_post_author":"1","show_post_author_image":"1","show_post_date":"1","post_date_format":"default","post_date_format_custom":"Y\/m\/d","show_post_category":"1","show_post_reading_time":"0","post_reading_time_wpm":"300","show_zoom_button":"0","zoom_button_out_step":"2","zoom_button_in_step":"3","show_post_tag":"1","show_prev_next_post":"1","show_popup_post":"1","number_popup_post":"1","show_author_box":"0","show_post_related":"0","show_inline_post_related":"0"}],"override_image_size":"0","image_override":[{"single_post_thumbnail_size":"crop-500","single_post_gallery_size":"crop-500"}],"trending_post":"0","trending_post_position":"meta","trending_post_label":"Trending","sponsored_post":"0","sponsored_post_label":"Sponsored by","sponsored_post_name":"","sponsored_post_url":"","sponsored_post_logo_enable":"0","sponsored_post_logo":"","sponsored_post_desc":"","disable_ad":"0"},"jnews_primary_category":{"id":""},"jnews_social_meta":{"fb_title":"","fb_description":"","fb_image":"","twitter_title":"","twitter_description":"","twitter_image":""},"jnews_review":[],"enable_review":"0","type":"percentage","name":"","summary":"","brand":"","sku":"","good":[{"good_text":""}],"bad":[{"bad_text":""}],"score_override":"","override_value":"","rating":[{"rating_text":"","rating_number":"10"}],"price":[{"shop":"","price":"","link":"","icon":""}],"jnews_override_counter":{"override_view_counter":"0","view_counter_number":"0","override_share_counter":"0","share_counter_number":"0","override_like_counter":"0","like_counter_number":"0","override_dislike_counter":"0","dislike_counter_number":"0"},"jnews_post_split":{"enable_post_split":"0","post_split":[{"template":"1","tag":"h2","numbering":"asc","mode":"normal","first":"0","enable_toc":"0","toc_type":"normal"}]},"footnotes":""},"categories":[12],"tags":[],"class_list":["post-36719","post","type-post","status-publish","format-standard","has-post-thumbnail","hentry","category-rio-cuarto"],"jetpack_featured_media_url":"https:\/\/atecordoba.org\/wp-content\/uploads\/2023\/05\/rafaela-microfono-e1683119698257.jpg","_links":{"self":[{"href":"https:\/\/atecordoba.org\/index.php?rest_route=\/wp\/v2\/posts\/36719","targetHints":{"allow":["GET"]}}],"collection":[{"href":"https:\/\/atecordoba.org\/index.php?rest_route=\/wp\/v2\/posts"}],"about":[{"href":"https:\/\/atecordoba.org\/index.php?rest_route=\/wp\/v2\/types\/post"}],"author":[{"embeddable":true,"href":"https:\/\/atecordoba.org\/index.php?rest_route=\/wp\/v2\/users\/7"}],"replies":[{"embeddable":true,"href":"https:\/\/atecordoba.org\/index.php?rest_route=%2Fwp%2Fv2%2Fcomments&post=36719"}],"version-history":[{"count":1,"href":"https:\/\/atecordoba.org\/index.php?rest_route=\/wp\/v2\/posts\/36719\/revisions"}],"predecessor-version":[{"id":36723,"href":"https:\/\/atecordoba.org\/index.php?rest_route=\/wp\/v2\/posts\/36719\/revisions\/36723"}],"wp:featuredmedia":[{"embeddable":true,"href":"https:\/\/atecordoba.org\/index.php?rest_route=\/wp\/v2\/media\/36720"}],"wp:attachment":[{"href":"https:\/\/atecordoba.org\/index.php?rest_route=%2Fwp%2Fv2%2Fmedia&parent=36719"}],"wp:term":[{"taxonomy":"category","embeddable":true,"href":"https:\/\/atecordoba.org\/index.php?rest_route=%2Fwp%2Fv2%2Fcategories&post=36719"},{"taxonomy":"post_tag","embeddable":true,"href":"https:\/\/atecordoba.org\/index.php?rest_route=%2Fwp%2Fv2%2Ftags&post=36719"}],"curies":[{"name":"wp","href":"https:\/\/api.w.org\/{rel}","templated":true}]}}