{"id":36707,"date":"2023-05-02T11:36:34","date_gmt":"2023-05-02T14:36:34","guid":{"rendered":"https:\/\/atecordoba.org\/?p=36707"},"modified":"2023-05-02T11:36:35","modified_gmt":"2023-05-02T14:36:35","slug":"eleccion-de-delegados-en-alejandro-roca","status":"publish","type":"post","link":"https:\/\/atecordoba.org\/?p=36707","title":{"rendered":"Elecci\u00f3n de delegados en Alejandro Roca"},"content":{"rendered":"\n<div class=\"wp-block-image\"><figure class=\"aligncenter size-full\"><img decoding=\"async\" src=\"https:\/\/atecordoba.org\/wp-content\/uploads\/2023\/05\/alejandro-roca.jpg\" alt=\"\" class=\"wp-image-36708\" \/><\/figure><\/div>\n\n\n\n<p>Se llevaron a cabo la semana pasada las elecciones de delegados y delegadas de ATE en la Municipalidad de Alejandro Roca, localidad distante 77 kil\u00f3metros de R\u00edo Cuarto.<\/p>\n\n\n\n<p>El flamante delegado electo, Ariel P\u00e1ez, manifest\u00f3 sentirse muy orgulloso al ser elegido por sus compa\u00f1eros y compa\u00f1eras para representarlos y representarlas.<\/p>\n\n\n\n<p>Estuvo a cargo del operativo el Secretario de Finanzas de ATE R\u00edo Cuarto, Mauricio Macci\u00f3.<\/p>\n","protected":false},"excerpt":{"rendered":"<p>Se llevaron a cabo la semana pasada las elecciones de delegados y delegadas de ATE en la Municipalidad de Alejandro Roca, localidad distante 77 kil\u00f3metros de R\u00edo Cuarto. El flamante delegado electo, Ariel P\u00e1ez, manifest\u00f3 sentirse muy orgulloso al ser elegido por sus compa\u00f1eros y compa\u00f1eras para representarlos y representarlas. Estuvo a cargo del operativo [&hellip;]<\/p>\n","protected":false},"author":7,"featured_media":36708,"comment_status":"open","ping_status":"open","sticky":false,"template":"","format":"standard","meta":{"_exactmetrics_skip_tracking":false,"_exactmetrics_sitenote_active":false,"_exactmetrics_sitenote_note":"","_exactmetrics_sitenote_category":0,"jnews-multi-image_gallery":[],"jnews_single_post":{"subtitle":"La seccional ATE R\u00edo Cuarto sigue ampliando la representaci\u00f3n de las y los municipales en el sur provincial. ","format":"standard","video":"","gallery":"","source_name":"","source_url":"","via_name":"","via_url":"","override_template":"0","override":[{"template":"1","single_blog_custom":"","parallax":"1","fullscreen":"1","layout":"right-sidebar","sidebar":"default-sidebar","second_sidebar":"default-sidebar","sticky_sidebar":"1","share_position":"top","share_float_style":"share-monocrhome","show_share_counter":"1","show_view_counter":"1","show_featured":"1","show_post_meta":"1","show_post_author":"1","show_post_author_image":"1","show_post_date":"1","post_date_format":"default","post_date_format_custom":"Y\/m\/d","show_post_category":"1","show_post_reading_time":"0","post_reading_time_wpm":"300","show_zoom_button":"0","zoom_button_out_step":"2","zoom_button_in_step":"3","show_post_tag":"1","show_prev_next_post":"1","show_popup_post":"1","number_popup_post":"1","show_author_box":"0","show_post_related":"0","show_inline_post_related":"0"}],"override_image_size":"0","image_override":[{"single_post_thumbnail_size":"crop-500","single_post_gallery_size":"crop-500"}],"trending_post":"0","trending_post_position":"meta","trending_post_label":"Trending","sponsored_post":"0","sponsored_post_label":"Sponsored by","sponsored_post_name":"","sponsored_post_url":"","sponsored_post_logo_enable":"0","sponsored_post_logo":"","sponsored_post_desc":"","disable_ad":"0"},"jnews_primary_category":{"id":""},"jnews_social_meta":{"fb_title":"","fb_description":"","fb_image":"","twitter_title":"","twitter_description":"","twitter_image":""},"jnews_review":[],"enable_review":"0","type":"percentage","name":"","summary":"","brand":"","sku":"","good":[{"good_text":""}],"bad":[{"bad_text":""}],"score_override":"","override_value":"","rating":[{"rating_text":"","rating_number":"10"}],"price":[{"shop":"","price":"","link":"","icon":""}],"jnews_override_counter":{"override_view_counter":"0","view_counter_number":"0","override_share_counter":"0","share_counter_number":"0","override_like_counter":"0","like_counter_number":"0","override_dislike_counter":"0","dislike_counter_number":"0"},"jnews_post_split":{"enable_post_split":"0","post_split":[{"template":"1","tag":"h2","numbering":"asc","mode":"normal","first":"0","enable_toc":"0","toc_type":"normal"}]},"footnotes":""},"categories":[20],"tags":[],"class_list":["post-36707","post","type-post","status-publish","format-standard","has-post-thumbnail","hentry","category-municipales"],"jetpack_featured_media_url":"https:\/\/atecordoba.org\/wp-content\/uploads\/2023\/05\/alejandro-roca-e1683038182178.jpg","_links":{"self":[{"href":"https:\/\/atecordoba.org\/index.php?rest_route=\/wp\/v2\/posts\/36707","targetHints":{"allow":["GET"]}}],"collection":[{"href":"https:\/\/atecordoba.org\/index.php?rest_route=\/wp\/v2\/posts"}],"about":[{"href":"https:\/\/atecordoba.org\/index.php?rest_route=\/wp\/v2\/types\/post"}],"author":[{"embeddable":true,"href":"https:\/\/atecordoba.org\/index.php?rest_route=\/wp\/v2\/users\/7"}],"replies":[{"embeddable":true,"href":"https:\/\/atecordoba.org\/index.php?rest_route=%2Fwp%2Fv2%2Fcomments&post=36707"}],"version-history":[{"count":1,"href":"https:\/\/atecordoba.org\/index.php?rest_route=\/wp\/v2\/posts\/36707\/revisions"}],"predecessor-version":[{"id":36709,"href":"https:\/\/atecordoba.org\/index.php?rest_route=\/wp\/v2\/posts\/36707\/revisions\/36709"}],"wp:featuredmedia":[{"embeddable":true,"href":"https:\/\/atecordoba.org\/index.php?rest_route=\/wp\/v2\/media\/36708"}],"wp:attachment":[{"href":"https:\/\/atecordoba.org\/index.php?rest_route=%2Fwp%2Fv2%2Fmedia&parent=36707"}],"wp:term":[{"taxonomy":"category","embeddable":true,"href":"https:\/\/atecordoba.org\/index.php?rest_route=%2Fwp%2Fv2%2Fcategories&post=36707"},{"taxonomy":"post_tag","embeddable":true,"href":"https:\/\/atecordoba.org\/index.php?rest_route=%2Fwp%2Fv2%2Ftags&post=36707"}],"curies":[{"name":"wp","href":"https:\/\/api.w.org\/{rel}","templated":true}]}}