{"id":3670,"date":"2013-12-03T18:43:55","date_gmt":"2013-12-03T21:43:55","guid":{"rendered":"http:\/\/www.atecordoba.org\/?p=3670"},"modified":"2013-12-03T18:43:55","modified_gmt":"2013-12-03T21:43:55","slug":"trabajadores-mantienen-tomado-el-hospital-misericordia","status":"publish","type":"post","link":"https:\/\/atecordoba.org\/?p=3670","title":{"rendered":"Trabajadores mantienen tomado el Hospital Misericordia"},"content":{"rendered":"<p><em>Los trabajadores resolvieron en asamblea ante el anuncio de descuentos generalizados, en el marco del plan de lucha que desarrolla ATE en el sector, la ocupaci\u00f3n de la direcci\u00f3n lo que paraliza la administraci\u00f3n de dicho nosocomio.\u00a0<\/em><\/p>\n<p style=\"text-align: center;\"><a href=\"http:\/\/www.atecordoba.org\/wp-content\/uploads\/2013\/12\/misericordia_0.jpg\"><img loading=\"lazy\" decoding=\"async\" class=\" wp-image-3671 aligncenter\" alt=\"misericordia_0\" src=\"http:\/\/www.atecordoba.org\/wp-content\/uploads\/2013\/12\/misericordia_0.jpg\" width=\"514\" height=\"293\" \/><\/a><\/p>\n<p style=\"text-align: center;\">\n<p>Adem\u00e1s, se encuentran suspendidas todas las cirug\u00edas programadas, ya que la adhesi\u00f3n incluye al 100% del personal, s\u00f3lo los residentes se encuentran trabajando. Vale se\u00f1alar que el laboratorio est\u00e1 cerrado y que s\u00f3lo uno de los quir\u00f3fanos se encuentra funcionando para atender urgencias.<\/p>\n<p>Desde hace tres meses, ATE viene reclamando una recomposici\u00f3n salarial, m\u00e1s personal, pase a planta de contratados y monotributos e insumos.\u00a0En el Misericordia, uno de los sectores m\u00e1s activos en el plan de lucha, la mayor\u00eda de los trabajadores ha sufrido descuentos: \u201cLa gente que ha trabajado, ha cumplido el horario les han descontado. Los descuentos masivos van de 3.000 a 5.000 pesos. Hay compa\u00f1eros que han estado de licencia, se han reincorporado hoy y se han encontrado con que\u00a0no han cobrado nada. Pedimos un salario justo\u201d, afirm\u00f3 un delegado de nuestro gremio.<\/p>\n<p>En consecuencia, desde ma\u00f1ana y hasta que se reintegren todos los descuentos realizados, continuar\u00e1 el conflicto ya que el director del hospital, dr. Fernando Ulloque, dio su palabra a los trabajadores de alcanzar una soluci\u00f3n al problema salarial generado en la instituci\u00f3n.<\/p>\n","protected":false},"excerpt":{"rendered":"<p>Los trabajadores resolvieron en asamblea ante el anuncio de descuentos generalizados, en el marco del plan de lucha que desarrolla ATE en el sector, la ocupaci\u00f3n de la direcci\u00f3n lo que paraliza la administraci\u00f3n de dicho nosocomio.\u00a0 Adem\u00e1s, se encuentran suspendidas todas las cirug\u00edas programadas, ya que la adhesi\u00f3n incluye al 100% del personal, s\u00f3lo [&hellip;]<\/p>\n","protected":false},"author":1,"featured_media":19220,"comment_status":"open","ping_status":"open","sticky":false,"template":"","format":"standard","meta":{"_exactmetrics_skip_tracking":false,"_exactmetrics_sitenote_active":false,"_exactmetrics_sitenote_note":"","_exactmetrics_sitenote_category":0,"jnews-multi-image_gallery":[],"jnews_single_post":[],"jnews_primary_category":[],"jnews_social_meta":[],"jnews_review":[],"enable_review":"","type":"","name":"","summary":"","brand":"","sku":"","good":[],"bad":[],"score_override":"","override_value":"","rating":[],"price":[],"jnews_override_counter":[],"jnews_post_split":[],"footnotes":""},"categories":[53,7,8],"tags":[],"class_list":["post-3670","post","type-post","status-publish","format-standard","has-post-thumbnail","hentry","category-comunicados-de-prensa","category-hospitales","category-provinciales"],"jetpack_featured_media_url":"https:\/\/atecordoba.org\/wp-content\/uploads\/2020\/05\/logo-nuevochico-e1561581322808.png","_links":{"self":[{"href":"https:\/\/atecordoba.org\/index.php?rest_route=\/wp\/v2\/posts\/3670","targetHints":{"allow":["GET"]}}],"collection":[{"href":"https:\/\/atecordoba.org\/index.php?rest_route=\/wp\/v2\/posts"}],"about":[{"href":"https:\/\/atecordoba.org\/index.php?rest_route=\/wp\/v2\/types\/post"}],"author":[{"embeddable":true,"href":"https:\/\/atecordoba.org\/index.php?rest_route=\/wp\/v2\/users\/1"}],"replies":[{"embeddable":true,"href":"https:\/\/atecordoba.org\/index.php?rest_route=%2Fwp%2Fv2%2Fcomments&post=3670"}],"version-history":[{"count":0,"href":"https:\/\/atecordoba.org\/index.php?rest_route=\/wp\/v2\/posts\/3670\/revisions"}],"wp:featuredmedia":[{"embeddable":true,"href":"https:\/\/atecordoba.org\/index.php?rest_route=\/wp\/v2\/media\/19220"}],"wp:attachment":[{"href":"https:\/\/atecordoba.org\/index.php?rest_route=%2Fwp%2Fv2%2Fmedia&parent=3670"}],"wp:term":[{"taxonomy":"category","embeddable":true,"href":"https:\/\/atecordoba.org\/index.php?rest_route=%2Fwp%2Fv2%2Fcategories&post=3670"},{"taxonomy":"post_tag","embeddable":true,"href":"https:\/\/atecordoba.org\/index.php?rest_route=%2Fwp%2Fv2%2Ftags&post=3670"}],"curies":[{"name":"wp","href":"https:\/\/api.w.org\/{rel}","templated":true}]}}