{"id":3667,"date":"2013-11-27T15:20:01","date_gmt":"2013-11-27T18:20:01","guid":{"rendered":"http:\/\/www.atecordoba.org\/?p=3667"},"modified":"2013-11-27T15:20:01","modified_gmt":"2013-11-27T18:20:01","slug":"feliz-dia-del-trabajador-no-docente-de-las-universidades-nacionales","status":"publish","type":"post","link":"https:\/\/atecordoba.org\/?p=3667","title":{"rendered":"Feliz d\u00eda del Trabajador No Docente de las universidades nacionales"},"content":{"rendered":"<p><em>El Consejo Directivo Provincial de ATE C\u00f3rdoba env\u00eda a todos los compa\u00f1eros no docentes el m\u00e1s c\u00e1lido saludo, con motivo de haberse celebrado ayer, 26 de noviembre, el D\u00eda del\u00a0Trabajador No Docente de las Universidades Nacionales.<\/em><\/p>\n<p style=\"text-align: left;\"><a href=\"http:\/\/www.atecordoba.org\/wp-content\/uploads\/2013\/11\/no-docentes-UNC.png\"><img loading=\"lazy\" decoding=\"async\" class=\" wp-image-3668 aligncenter\" alt=\"no docentes  UNC\" src=\"http:\/\/www.atecordoba.org\/wp-content\/uploads\/2013\/11\/no-docentes-UNC.png\" width=\"576\" height=\"432\" \/><\/a><\/p>\n<p>Con la alegr\u00eda y el orgullo de ser trabajadores del Estado, entendiendo que con nuestro trabajo cotidiano contribuimos a construir, junto al resto de la comunidad, esta peque\u00f1a parte del Estado que es la Universidad.<\/p>\n<p>Este ha sido un a\u00f1o con muchos logros y en el que muchos nuevos compa\u00f1eros y compa\u00f1eras se han acercado a nuestro gremio, ganando en organizaci\u00f3n y prepar\u00e1ndonos para los desaf\u00edos que el pr\u00f3ximo a\u00f1o nos traiga.<\/p>\n<p>Felicidades compa\u00f1eros!!! Festejemos nuestro d\u00eda y sigamos firmes con la convicci\u00f3n de que unidos seguiremos librando batallas para todos y cada uno de los trabajadores, con salarios dignos, pase a planta permanente, 82% m\u00f3vil para nuestros jubilados y eliminaci\u00f3n del impuesto a las ganancias, entre otros grandes desaf\u00edos que tenemos por delante.<\/p>\n<p style=\"text-align: right;\">Mar\u00eda Teresa Romero<\/p>\n<p style=\"text-align: right;\">Secretaria General<\/p>\n<p style=\"text-align: right;\">ATE C\u00f3rdoba<\/p>\n","protected":false},"excerpt":{"rendered":"<p>El Consejo Directivo Provincial de ATE C\u00f3rdoba env\u00eda a todos los compa\u00f1eros no docentes el m\u00e1s c\u00e1lido saludo, con motivo de haberse celebrado ayer, 26 de noviembre, el D\u00eda del\u00a0Trabajador No Docente de las Universidades Nacionales. Con la alegr\u00eda y el orgullo de ser trabajadores del Estado, entendiendo que con nuestro trabajo cotidiano contribuimos a [&hellip;]<\/p>\n","protected":false},"author":1,"featured_media":19220,"comment_status":"open","ping_status":"open","sticky":false,"template":"","format":"standard","meta":{"_exactmetrics_skip_tracking":false,"_exactmetrics_sitenote_active":false,"_exactmetrics_sitenote_note":"","_exactmetrics_sitenote_category":0,"jnews-multi-image_gallery":[],"jnews_single_post":[],"jnews_primary_category":[],"jnews_social_meta":[],"jnews_review":[],"enable_review":"","type":"","name":"","summary":"","brand":"","sku":"","good":[],"bad":[],"score_override":"","override_value":"","rating":[],"price":[],"jnews_override_counter":[],"jnews_post_split":[],"footnotes":""},"categories":[53,18],"tags":[],"class_list":["post-3667","post","type-post","status-publish","format-standard","has-post-thumbnail","hentry","category-comunicados-de-prensa","category-nacionales"],"jetpack_featured_media_url":"https:\/\/atecordoba.org\/wp-content\/uploads\/2020\/05\/logo-nuevochico-e1561581322808.png","_links":{"self":[{"href":"https:\/\/atecordoba.org\/index.php?rest_route=\/wp\/v2\/posts\/3667","targetHints":{"allow":["GET"]}}],"collection":[{"href":"https:\/\/atecordoba.org\/index.php?rest_route=\/wp\/v2\/posts"}],"about":[{"href":"https:\/\/atecordoba.org\/index.php?rest_route=\/wp\/v2\/types\/post"}],"author":[{"embeddable":true,"href":"https:\/\/atecordoba.org\/index.php?rest_route=\/wp\/v2\/users\/1"}],"replies":[{"embeddable":true,"href":"https:\/\/atecordoba.org\/index.php?rest_route=%2Fwp%2Fv2%2Fcomments&post=3667"}],"version-history":[{"count":0,"href":"https:\/\/atecordoba.org\/index.php?rest_route=\/wp\/v2\/posts\/3667\/revisions"}],"wp:featuredmedia":[{"embeddable":true,"href":"https:\/\/atecordoba.org\/index.php?rest_route=\/wp\/v2\/media\/19220"}],"wp:attachment":[{"href":"https:\/\/atecordoba.org\/index.php?rest_route=%2Fwp%2Fv2%2Fmedia&parent=3667"}],"wp:term":[{"taxonomy":"category","embeddable":true,"href":"https:\/\/atecordoba.org\/index.php?rest_route=%2Fwp%2Fv2%2Fcategories&post=3667"},{"taxonomy":"post_tag","embeddable":true,"href":"https:\/\/atecordoba.org\/index.php?rest_route=%2Fwp%2Fv2%2Ftags&post=3667"}],"curies":[{"name":"wp","href":"https:\/\/api.w.org\/{rel}","templated":true}]}}