{"id":3664,"date":"2013-11-27T15:11:26","date_gmt":"2013-11-27T18:11:26","guid":{"rendered":"http:\/\/www.atecordoba.org\/?p=3664"},"modified":"2013-11-27T15:11:26","modified_gmt":"2013-11-27T18:11:26","slug":"se-realizo-la-eleccion-complementaria-de-delegados-en-el-hospital-transito-caceres","status":"publish","type":"post","link":"https:\/\/atecordoba.org\/?p=3664","title":{"rendered":"Se realiz\u00f3 la elecci\u00f3n complementaria de delegados en el hospital Tr\u00e1nsito C\u00e1ceres"},"content":{"rendered":"<p><em>Los trabajadores eligieron a los compa\u00f1eros M\u00f3nica Haber y Walter Aban por los pr\u00f3ximos dos a\u00f1os. Ambos son enfermeros del centro de salud.<\/em><\/p>\n<p style=\"text-align: center;\"><a href=\"http:\/\/www.atecordoba.org\/wp-content\/uploads\/2013\/11\/100_7217.jpg\"><img loading=\"lazy\" decoding=\"async\" class=\" wp-image-3665 aligncenter\" alt=\"100_7217\" src=\"http:\/\/www.atecordoba.org\/wp-content\/uploads\/2013\/11\/100_7217.jpg\" width=\"615\" height=\"461\" \/><\/a><\/p>\n","protected":false},"excerpt":{"rendered":"<p>Los trabajadores eligieron a los compa\u00f1eros M\u00f3nica Haber y Walter Aban por los pr\u00f3ximos dos a\u00f1os. Ambos son enfermeros del centro de salud.<\/p>\n","protected":false},"author":1,"featured_media":19220,"comment_status":"open","ping_status":"open","sticky":false,"template":"","format":"standard","meta":{"_exactmetrics_skip_tracking":false,"_exactmetrics_sitenote_active":false,"_exactmetrics_sitenote_note":"","_exactmetrics_sitenote_category":0,"jnews-multi-image_gallery":[],"jnews_single_post":[],"jnews_primary_category":[],"jnews_social_meta":[],"jnews_review":[],"enable_review":"","type":"","name":"","summary":"","brand":"","sku":"","good":[],"bad":[],"score_override":"","override_value":"","rating":[],"price":[],"jnews_override_counter":[],"jnews_post_split":[],"footnotes":""},"categories":[7,8],"tags":[],"class_list":["post-3664","post","type-post","status-publish","format-standard","has-post-thumbnail","hentry","category-hospitales","category-provinciales"],"jetpack_featured_media_url":"https:\/\/atecordoba.org\/wp-content\/uploads\/2020\/05\/logo-nuevochico-e1561581322808.png","_links":{"self":[{"href":"https:\/\/atecordoba.org\/index.php?rest_route=\/wp\/v2\/posts\/3664","targetHints":{"allow":["GET"]}}],"collection":[{"href":"https:\/\/atecordoba.org\/index.php?rest_route=\/wp\/v2\/posts"}],"about":[{"href":"https:\/\/atecordoba.org\/index.php?rest_route=\/wp\/v2\/types\/post"}],"author":[{"embeddable":true,"href":"https:\/\/atecordoba.org\/index.php?rest_route=\/wp\/v2\/users\/1"}],"replies":[{"embeddable":true,"href":"https:\/\/atecordoba.org\/index.php?rest_route=%2Fwp%2Fv2%2Fcomments&post=3664"}],"version-history":[{"count":0,"href":"https:\/\/atecordoba.org\/index.php?rest_route=\/wp\/v2\/posts\/3664\/revisions"}],"wp:featuredmedia":[{"embeddable":true,"href":"https:\/\/atecordoba.org\/index.php?rest_route=\/wp\/v2\/media\/19220"}],"wp:attachment":[{"href":"https:\/\/atecordoba.org\/index.php?rest_route=%2Fwp%2Fv2%2Fmedia&parent=3664"}],"wp:term":[{"taxonomy":"category","embeddable":true,"href":"https:\/\/atecordoba.org\/index.php?rest_route=%2Fwp%2Fv2%2Fcategories&post=3664"},{"taxonomy":"post_tag","embeddable":true,"href":"https:\/\/atecordoba.org\/index.php?rest_route=%2Fwp%2Fv2%2Ftags&post=3664"}],"curies":[{"name":"wp","href":"https:\/\/api.w.org\/{rel}","templated":true}]}}