{"id":36638,"date":"2023-04-26T13:43:29","date_gmt":"2023-04-26T16:43:29","guid":{"rendered":"https:\/\/atecordoba.org\/?p=36638"},"modified":"2023-04-27T09:54:24","modified_gmt":"2023-04-27T12:54:24","slug":"gran-encuentro-sindical-en-rio-tercero-convoco-a-la-unidad-y-la-democracia-interna-para-enfrentar-la-etapa-que-se-viene","status":"publish","type":"post","link":"https:\/\/atecordoba.org\/?p=36638","title":{"rendered":"Gran encuentro sindical en R\u00edo Tercero convoc\u00f3 a la unidad y la democracia interna para enfrentar la etapa que se viene"},"content":{"rendered":"\n<div class=\"wp-block-image\"><figure class=\"aligncenter size-large is-resized\"><img loading=\"lazy\" decoding=\"async\" src=\"https:\/\/atecordoba.org\/wp-content\/uploads\/2023\/04\/IMG-20230424-WA0238-1024x771.jpg\" alt=\"\" class=\"wp-image-36639\" width=\"768\" height=\"578\" \/><\/figure><\/div>\n\n\n\n<p>En respuesta a la convocatoria del Consejo Directivo Provincial de ATE C\u00f3rdoba, la ciudad de R\u00edo Tercero congreg\u00f3 el lunes pasado a un importante conjunto de dirigentes gremiales con el fin de discutir sobre la coyuntura que atraviesa el movimiento obrero organizado y el campo popular en general. La ocasi\u00f3n sirvi\u00f3 para hacer un reconocimiento a la Federaci\u00f3n de Trabajadores Aceiteros y Desmotadores de Algod\u00f3n, en la figura de su secretario General, Daniel Yofra.<\/p>\n\n\n\n<p>&#8220;Creo que hoy tenemos que fomentar la unidad, la solidaridad y la empat\u00eda hacia aquellos compa\u00f1eros que realmente la est\u00e1n pasando mal. Agradezco los halagos a los compa\u00f1eros pero yo no tengo la f\u00f3rmula, les pude transmitir la experiencia de los aceiteros desde las asambleas, la elecci\u00f3n de delegados, la unidad en la lucha que va desde el trabajador hasta el secretario General nacional&#8221;, lanz\u00f3 el dirigente santafesino frente a una platea que rompi\u00f3 en un aplauso cerrado.<\/p>\n\n\n\n<div class=\"wp-block-image\"><figure class=\"alignright size-large is-resized\"><img loading=\"lazy\" decoding=\"async\" src=\"https:\/\/atecordoba.org\/wp-content\/uploads\/2023\/04\/IMG_20230424_185152880-1024x576.jpg\" alt=\"\" class=\"wp-image-36640\" width=\"512\" height=\"288\" srcset=\"https:\/\/atecordoba.org\/wp-content\/uploads\/2023\/04\/IMG_20230424_185152880-1024x576.jpg 1024w, https:\/\/atecordoba.org\/wp-content\/uploads\/2023\/04\/IMG_20230424_185152880-300x169.jpg 300w, https:\/\/atecordoba.org\/wp-content\/uploads\/2023\/04\/IMG_20230424_185152880-768x432.jpg 768w, https:\/\/atecordoba.org\/wp-content\/uploads\/2023\/04\/IMG_20230424_185152880-1536x864.jpg 1536w, https:\/\/atecordoba.org\/wp-content\/uploads\/2023\/04\/IMG_20230424_185152880-2048x1152.jpg 2048w, https:\/\/atecordoba.org\/wp-content\/uploads\/2023\/04\/IMG_20230424_185152880-750x422.jpg 750w, https:\/\/atecordoba.org\/wp-content\/uploads\/2023\/04\/IMG_20230424_185152880-1140x641.jpg 1140w\" sizes=\"auto, (max-width: 512px) 100vw, 512px\" \/><\/figure><\/div>\n\n\n\n<p>Previamente, el secretario General de ATE C\u00f3rdoba, Federico Giuliani, hizo las veces de presentador y fue comentando las alternativas del encuentro, que se llev\u00f3 a cabo en el Sindicato de Petroqu\u00edmicos y Qu\u00edmicos de R\u00edo Tercero, organizaci\u00f3n hermana con la que ATE viene coincidiendo en diferentes conflictos, como en el apoyo a la lucha de las auxiliares del Paicor o la resistencia a los despidos en Atanor, entre otros. El encuentro se titul\u00f3 \u201cSalario, rol del sindicalismo y futuro pol\u00edtico del pa\u00eds\u201d, con una agenda amplia para que todos los sectores presentes puedan volcar su parecer de la coyuntura que nos toca atravesar.<\/p>\n\n\n\n<p><strong>Disertantes<\/strong><\/p>\n\n\n\n<p>En primer t\u00e9rmino el secretario General del sindicato de aceiteros de Tancacha, <strong>Diego Dom\u00ednguez, <\/strong> se solidariz\u00f3 con el secretario General de ATE, frente a la imputaci\u00f3n que un fiscal provincial le impuso por participar de una manifestaci\u00f3n contra el hambre, el pasado 5 de abril.  &#8220;Nos solidarizamos con Federico por la persecuci\u00f3n que sufre del Gobierno de Schiaretti. Ellos van a buscar criminazalizar nuestros reclamos, que se juegan en la calle. Cuando hay dirigentes encabezando esos reclamos los van a perseguir&#8221;, denunci\u00f3 Domi\u00edguez. <\/p>\n\n\n\n<p>Seguidamente, el dirigente dijo entender que &#8220;tanto el salario, como el rol del dirigente pol\u00edtico y el futuro pol\u00edtico van entrelazados.Hablando de salario cada sindicato tiene su t\u00e1ctica: algunos discuten inflaci\u00f3n, otros pobreza, otros devaluaci\u00f3n, otros el dolar. Nuestra mec\u00e1nica es discutir el salario m\u00ednimo, vital y m\u00f3vil. Es lo que marca la Constituci\u00f3n, el art\u00edculo 116. Los compa\u00f1eros de Rosario son los abanderados de este tipo de discusi\u00f3n, la empezaron en 2004 en la zona de los puertos y luego se traslad\u00f3 a nivel nacional&#8221;. <\/p>\n\n\n\n<div class=\"wp-block-image\"><figure class=\"alignleft size-large is-resized\"><img loading=\"lazy\" decoding=\"async\" src=\"https:\/\/atecordoba.org\/wp-content\/uploads\/2023\/04\/IMG_20230424_214654_000-947x1024.webp\" alt=\"\" class=\"wp-image-36641\" width=\"474\" height=\"512\" srcset=\"https:\/\/atecordoba.org\/wp-content\/uploads\/2023\/04\/IMG_20230424_214654_000-947x1024.webp 947w, https:\/\/atecordoba.org\/wp-content\/uploads\/2023\/04\/IMG_20230424_214654_000-277x300.webp 277w, https:\/\/atecordoba.org\/wp-content\/uploads\/2023\/04\/IMG_20230424_214654_000-768x831.webp 768w, https:\/\/atecordoba.org\/wp-content\/uploads\/2023\/04\/IMG_20230424_214654_000-750x811.webp 750w, https:\/\/atecordoba.org\/wp-content\/uploads\/2023\/04\/IMG_20230424_214654_000.webp 1080w\" sizes=\"auto, (max-width: 474px) 100vw, 474px\" \/><\/figure><\/div>\n\n\n\n<p>Dominguez afirm\u00f3 que  esta estrategia sindical &#8220;nos cambi\u00f3 la vida sin duda entre c\u00f3mo viv\u00edamos antes de ese a\u00f1o y c\u00f3mo vivimos hoy. En 1998 entr\u00e9 a trabajar a Bunge, soy un hijo&nbsp;de la tercerizaci\u00f3n, ven\u00edamos de \u00e9pocas de precarizaci\u00f3n total sin vacaciones ni aguinaldo, sin ropa ni obra social. Pero la organizaci\u00f3n del sindicato fue lo que nos permiti\u00f3 cambiar plenamente de vida y lograr la dignidad&#8221;.<\/p>\n\n\n\n<p>Posteriormente hizo uso de la palabra <strong>Marita Sosa,<\/strong> referente de las auxiliares de Paicor, que comenz\u00f3 su discurso recordando como la solidaridad de los Qu\u00edmicos y despu\u00e9s el apoyo de la CTAA fueron base indispensable para que comience a organizarse un sector muy castigado por la precarizaci\u00f3n y los bajos salarios, al punto que Giuliani calific\u00f3 el r\u00e9gimen laboral que les impone el Gobierno de Schiaretti como &#8220;esclavista&#8221;. <\/p>\n\n\n\n<p>&#8220;Cuando nos atac\u00f3 la patota brutal en C\u00f3rdoba, en la marcha donde \u00edbamos al Panal -record\u00f3 Marita- Fede y los compa\u00f1eros de ATE demostraron que eran lo que dec\u00edan que eran. Nos cuidaron y nos contuvieron frente a las agresiones, a pesar de sufrir ellos golpes y robos ese d\u00eda del sindicato oficialista que nos atac\u00f3. Muchas compa\u00f1eras quieran volverse pero seguimos y logramos entregar ese d\u00eda el petitorio. Hoy seguimos caminando a la par de ATE y nos afiliamos a la CTAA, con Silvia Alcoba, a quien le damos las gracias por haber cobijado a las compa\u00f1eras&#8221;. <\/p>\n\n\n\n<p>Sosa dijo que &#8220;diferente fue la actitud de la seccional de ATE R\u00edo Tercero, que no nos dio ninguna representaci\u00f3n ni protecci\u00f3n, a pesar que est\u00e1bamos a merced de todos porque para el Estado provincial no somos trabajadoras sino un plan social. Ni siquiera tenemos un sueldo, solo una asignaci\u00f3n voluntaria, que al principio era extremadamente miserable. Ni siquiera alcanzaba la l\u00ednea de la indigencia&#8221;. <\/p>\n\n\n\n<p>&#8220;Pero estamos mujeres son unas guerreras, un d\u00eda dijimos \u201chagamos paro\u201d y no medimos las consecuencias&#8221;,  agreg\u00f3.<\/p>\n\n\n\n<p>Para luego asegurar que &#8220;as\u00ed, en el transcurso del a\u00f1o se consiguieron peque\u00f1os avances, migajas porque merecemos mucho m\u00e1s. En diciembre se anunci\u00f3 el aumento fue del 120% y pasamos de un salario del 40 mil pesos a 80 mil que cobramos con la asignaci\u00f3n de marzo. Fue una mejora pero la verdad es que la inflaci\u00f3n del primer trimestre se comi\u00f3 el aumento y seguimos siendo extremadamente pobres&#8221;.<\/p>\n\n\n\n<p>Por su parte, Marco Pozzi, secretario General del gremio de Aceiteros de Rosario dijo que &#8220;para nosotros todos los trabajadores deber\u00edamos estar cobrando un salario inicial de 320 mil pesos que es lo que cuesta el salario m\u00ednimo, vital y m\u00f3vil. \u00bfQu\u00e9 discutimos cuando hablamos de salario\u2019 \u00bfla riqueza patronal o el reparto de la torta? Esto tiene que trascender a los aceiteros para empezar a lograr una unidad sectorial que permita desarrollar otro tipo de ideas sobre el sindicalismo&#8221;.<\/p>\n\n\n\n<div class=\"wp-block-image\"><figure class=\"alignright size-large is-resized\"><img loading=\"lazy\" decoding=\"async\" src=\"https:\/\/atecordoba.org\/wp-content\/uploads\/2023\/04\/IMG_20230424_194055187-576x1024.jpg\" alt=\"\" class=\"wp-image-36642\" width=\"288\" height=\"512\" srcset=\"https:\/\/atecordoba.org\/wp-content\/uploads\/2023\/04\/IMG_20230424_194055187-576x1024.jpg 576w, https:\/\/atecordoba.org\/wp-content\/uploads\/2023\/04\/IMG_20230424_194055187-169x300.jpg 169w, https:\/\/atecordoba.org\/wp-content\/uploads\/2023\/04\/IMG_20230424_194055187-768x1365.jpg 768w, https:\/\/atecordoba.org\/wp-content\/uploads\/2023\/04\/IMG_20230424_194055187-864x1536.jpg 864w, https:\/\/atecordoba.org\/wp-content\/uploads\/2023\/04\/IMG_20230424_194055187-1152x2048.jpg 1152w, https:\/\/atecordoba.org\/wp-content\/uploads\/2023\/04\/IMG_20230424_194055187-750x1333.jpg 750w, https:\/\/atecordoba.org\/wp-content\/uploads\/2023\/04\/IMG_20230424_194055187-1140x2027.jpg 1140w, https:\/\/atecordoba.org\/wp-content\/uploads\/2023\/04\/IMG_20230424_194055187-rotated.jpg 1296w\" sizes=\"auto, (max-width: 288px) 100vw, 288px\" \/><\/figure><\/div>\n\n\n\n<p>Giuliani cont\u00f3 que Pozzi sufri\u00f3 un atentado en la puerta del sindicato &#8220;en una clara se\u00f1al mafiosa del poder pol\u00edtico con los que luchan&#8221;.<\/p>\n\n\n\n<p>Tras cart\u00f3n, Maira Lujan, trabajadora de la F\u00e1brica Militar R\u00edo Tercero, se dirigi\u00f3 a los presentes para reclamar que &#8220;el conjunto de los estatales planteamos hablar de la unidad, pero en serio, no solo para tiempos electorales con el solo objetivo revanchista de ocupar espacios de poder y privilegio. Hablamos de unidad en las calles donde hoy la derecha busca sacarnos de nuestro lugar de origen, criminalizando la protesta y a los luchadores sociales&#8221;. <\/p>\n\n\n\n<p>Luj\u00e1n dijo que &#8220;tambi\u00e9n es necesaria la unidad en la agenda program\u00e1tica de la clase dirigente. Tenemos la necesidad de volver a hablar del salario m\u00ednimo, vital y m\u00f3vil que se adecue a la realidad y vaya de la mano con la canasta b\u00e1sica porque el cine y las vacaciones no pueden volverse lujos o privilegios, son derechos que a la clase trabajadora nos cost\u00f3 sangre, sudor y l\u00e1grimas, derechos que no podes regalarle al mejor postor&#8221;.<\/p>\n\n\n\n<p>A su turno, el anfitri\u00f3n Lucas Felici, secretario General del Sindicato de Petroqu\u00edmicos de R\u00edo Tercero hizo una importante reflexi\u00f3n sobre sobre el momento que le toca afrontar a la Federaci\u00f3n de los qu\u00edmicos. Previamente agradeci\u00f3 a Giuliani haber armado esta jornada y apunt\u00f3 a Yofra como \u2018el mejor dirigente sindical del pa\u00eds\u2019. <\/p>\n\n\n\n<p>&#8220;Los qu\u00edmicos tenemos pendiente dar la discusi\u00f3n respecto al salario m\u00ednimo, vital y m\u00f3vil y a c\u00f3mo resolvemos las paritarias. No son tiempos de ser tibios ni especuladores, las cosas hay que decirlas. Algunos dirigentes nos ense\u00f1aron que la salida negociadora era individual, que con las f\u00e1bricas grandes se arreglaba una cosa y con las peque\u00f1as otra. Y as\u00ed ahora montones de gremios tienen diferentes escalas salariales&#8221;.<\/p>\n\n\n\n<p>Y agreg\u00f3: &#8220;si bien en R\u00edo Tercero podemos afirmar que los salarios de los qu\u00edmicos son dignos, tambi\u00e9n hay compa\u00f1eros de otros sindicatos en la Federaci\u00f3n que no lo alcanzan y eso explica que la paritaria de la federaci\u00f3n tiene un b\u00e1sico inicial de 123 mil pesos, seg\u00fan la escala salarial de abril del corriente. Y despu\u00e9s vienen ac\u00e1 a contarnos otra cosa. Entonces ahora nos sentamos ac\u00e1 y nos damos cuenta que tenemos que ser alumnos de la lucha salarial que lograron los compa\u00f1eros aceiteros ya hace a\u00f1os&#8221;.<\/p>\n\n\n\n<div class=\"wp-block-image\"><figure class=\"alignleft size-full is-resized\"><img loading=\"lazy\" decoding=\"async\" src=\"https:\/\/atecordoba.org\/wp-content\/uploads\/2023\/04\/triple.png\" alt=\"\" class=\"wp-image-36643\" width=\"317\" height=\"564\" srcset=\"https:\/\/atecordoba.org\/wp-content\/uploads\/2023\/04\/triple.png 423w, https:\/\/atecordoba.org\/wp-content\/uploads\/2023\/04\/triple-169x300.png 169w\" sizes=\"auto, (max-width: 317px) 100vw, 317px\" \/><\/figure><\/div>\n\n\n\n<p>En esa l\u00ednea Felici destac\u00f3 que &#8220;podemos afirmar con total convicci\u00f3n que todos los empresarios pueden pagar ese salario m\u00ednimo, vital y m\u00f3vil que cubra la canasta del INDEC. Tristemente la realidad es que cuando hablamos con dirigentes nuestros a nivel nacional y le vamos con este planteo se asustan, incluso m\u00e1s que los empresarios. Es la realidad&#8221;.<\/p>\n\n\n\n<p>Y por eso apunt\u00f3 que &#8220;nosotros como peque\u00f1o sindicato tenemos que empezar a mirar para adentro y hacer cambios importantes porque hay trabajadores qu\u00edmicos en Argentina que trabajan y son pobres. A veces nos cuesta reconocerlo pero si no damos un cambios radical y planteamos la discusi\u00f3n como lo hacen nuestros compa\u00f1eros aceiteros, no tengan dudas que todos los a\u00f1os vamos a salir perdiendo. Aquellos que creemos que estamos un poco mejor tambi\u00e9n vamos a perder. Tenemos que dar el salto compa\u00f1eros&#8221;, alent\u00f3.<\/p>\n\n\n\n<p><strong>Yofra<\/strong><\/p>\n\n\n\n<p>Cerr\u00f3 el encuentro el secretario General de la Federaci\u00f3n de Trabajadores del Complejo Industrial Oleaginoso, Desmotadores de Algod\u00f3n y Afines de la Rep\u00fablica Argentina (F.T.C.I.O.D y A.R.A), Daniel Yofra.<\/p>\n\n\n\n<p>A la hora de presentarlo, Giuliani destac\u00f3 que &#8220;Daniel es un dirigente del interior que plantea que desde la periferia al centro tambi\u00e9n se puede construir, sobre todo la perspectiva desde abajo para arriba para hacer que las cosas cambien&#8221;.<\/p>\n\n\n\n<p>Con gran algarab\u00eda celebraron las y los presentes la presencia de Yofra. El dirigente aceitero agradeci\u00f3 las palabras de Federico y el resto de los gremialistas que lo antecedieron en la palabra para luego se\u00f1alar que &#8220;tenemos que coincidir cuanto tiene que ganar un trabajador y una trabajadora para vivir dignamente. Ese es el punto de inflexi\u00f3n. Despu\u00e9s cada organizaci\u00f3n tiene su realidad y cada organizaci\u00f3n su experiencia. No somos nosotros los que vamos a ense\u00f1arles como hacer su camino. Si podemos contar nuestra propia experiencia, que comenzamos a desarrollar con los compa\u00f1eros de Rosario, con los compa\u00f1eros de Tancacha&#8221;. <\/p>\n\n\n\n<p>Yofra reafirm\u00f3 que &#8220;la base de esto es la democracia sindical y haber recuperado despu\u00e9s de mucho tiempo las herramientas que nos dejaron en los 60 y los 70 aquellos dirigentes que barrieron los militares, con el trabajo previo de la Triple A. Hoy estamos y somos los hijos de los compa\u00f1eros que la represi\u00f3n dej\u00f3 fuera del sistema y que eran nuestros grandes hombres de ese momento&#8221;. <\/p>\n\n\n\n<p>Tambi\u00e9n lament\u00f3 Yofra que &#8220;la historia hubiese sido diferente si la sociedad hubiese entendido entonces que se ven\u00eda lo que estamos viviendo ahora. A nosotros nos cost\u00f3 mucho tiempo porque en los \u201990 cuando empezamos como dirigentes nos dec\u00edan que los trabajadores eramos los exclusivos responsables de la crisis que atraves\u00e1bamos y eso lo graficaba la frase \u201cramal que para, ramal que cierra\u201d, que se aplicaba a todas las industrias. Nuestra regi\u00f3n, en Villa Constituci\u00f3n, Rosario y San Lorenzo, se transform\u00f3 en zona fantasma. Somisa ten\u00eda m\u00e1s de 15 mil trabajadores, Acindar 10 mil, fueron parte de muchas empresas que despidieron de forma indiscriminada y sin oposici\u00f3n, producto que ten\u00edamos un sindicalismo totalmente atomizado&#8221;.<\/p>\n\n\n\n<div class=\"wp-block-image\"><figure class=\"aligncenter size-large is-resized\"><img loading=\"lazy\" decoding=\"async\" src=\"https:\/\/atecordoba.org\/wp-content\/uploads\/2023\/04\/IMG-20230424-WA0278-1024x768.jpg\" alt=\"\" class=\"wp-image-36644\" width=\"768\" height=\"576\" srcset=\"https:\/\/atecordoba.org\/wp-content\/uploads\/2023\/04\/IMG-20230424-WA0278-1024x768.jpg 1024w, https:\/\/atecordoba.org\/wp-content\/uploads\/2023\/04\/IMG-20230424-WA0278-300x225.jpg 300w, https:\/\/atecordoba.org\/wp-content\/uploads\/2023\/04\/IMG-20230424-WA0278-768x576.jpg 768w, https:\/\/atecordoba.org\/wp-content\/uploads\/2023\/04\/IMG-20230424-WA0278-750x563.jpg 750w, https:\/\/atecordoba.org\/wp-content\/uploads\/2023\/04\/IMG-20230424-WA0278-1140x855.jpg 1140w, https:\/\/atecordoba.org\/wp-content\/uploads\/2023\/04\/IMG-20230424-WA0278.jpg 1280w\" sizes=\"auto, (max-width: 768px) 100vw, 768px\" \/><\/figure><\/div>\n\n\n\n<p>&#8220;Por sobre todas las cosas tenemos que pensar en tener el control de los lugares de trabajo. De lo contrario va a ser muy dif\u00edcil enfrentar el sistema. Lo que le esta pasando a Fede es un preludio de lo que se viene en le pa\u00eds si no reaccionamos a tiempo. Creo en la unidad, en la democracia sindical, en la lucha por sobre todas las cosas. La Federaci\u00f3n aceitera no hubiese logrado no que alcanz\u00f3 hasta ahora si los trabajadores no hubiesen hecho huelga, sin asambleas, si los compa\u00f1eros no hubiesen pensado en la democracia sindical y sin estar convencidos que una vida digna es posible para todos los trabajadores y trabajadoras&#8221;, concluy\u00f3.<\/p>\n\n\n\n<p><\/p>\n\n\n\n<p><\/p>\n","protected":false},"excerpt":{"rendered":"<p>En respuesta a la convocatoria del Consejo Directivo Provincial de ATE C\u00f3rdoba, la ciudad de R\u00edo Tercero congreg\u00f3 el lunes pasado a un importante conjunto de dirigentes gremiales con el fin de discutir sobre la coyuntura que atraviesa el movimiento obrero organizado y el campo popular en general. La ocasi\u00f3n sirvi\u00f3 para hacer un reconocimiento [&hellip;]<\/p>\n","protected":false},"author":7,"featured_media":36639,"comment_status":"open","ping_status":"open","sticky":false,"template":"","format":"standard","meta":{"_exactmetrics_skip_tracking":false,"_exactmetrics_sitenote_active":false,"_exactmetrics_sitenote_note":"","_exactmetrics_sitenote_category":0,"jnews-multi-image_gallery":[],"jnews_single_post":{"subtitle":"Convocados por nuestro secretario General Federico Giuliani, referentes de aceiteros de Tancacha, Qu\u00edmicos, Aceiteros de Rosario, Auxiliares de Paicor y dirigentes estatales, celebraron el modelo de gesti\u00f3n sindical que impulsa el salario M\u00ednimo, Vital y M\u00f3vil como referencia de la negociaci\u00f3n paritaria para garantizar dignidad en los haberes de todos los trabajadores, sean estatales como de los sectores privados.","format":"standard","video":"","gallery":"","source_name":"","source_url":"","via_name":"","via_url":"","override_template":"0","override":[{"template":"1","single_blog_custom":"","parallax":"1","fullscreen":"1","layout":"right-sidebar","sidebar":"default-sidebar","second_sidebar":"default-sidebar","sticky_sidebar":"1","share_position":"top","share_float_style":"share-monocrhome","show_share_counter":"1","show_view_counter":"1","show_featured":"1","show_post_meta":"1","show_post_author":"1","show_post_author_image":"1","show_post_date":"1","post_date_format":"default","post_date_format_custom":"Y\/m\/d","show_post_category":"1","show_post_reading_time":"0","post_reading_time_wpm":"300","show_zoom_button":"0","zoom_button_out_step":"2","zoom_button_in_step":"3","show_post_tag":"1","show_prev_next_post":"1","show_popup_post":"1","number_popup_post":"1","show_author_box":"0","show_post_related":"0","show_inline_post_related":"0"}],"override_image_size":"0","image_override":[{"single_post_thumbnail_size":"crop-500","single_post_gallery_size":"crop-500"}],"trending_post":"0","trending_post_position":"meta","trending_post_label":"Trending","sponsored_post":"0","sponsored_post_label":"Sponsored by","sponsored_post_name":"","sponsored_post_url":"","sponsored_post_logo_enable":"0","sponsored_post_logo":"","sponsored_post_desc":"","disable_ad":"0"},"jnews_primary_category":{"id":""},"jnews_social_meta":{"fb_title":"","fb_description":"","fb_image":"","twitter_title":"","twitter_description":"","twitter_image":""},"jnews_review":[],"enable_review":"0","type":"percentage","name":"","summary":"","brand":"","sku":"","good":[{"good_text":""}],"bad":[{"bad_text":""}],"score_override":"","override_value":"","rating":[{"rating_text":"","rating_number":"10"}],"price":[{"shop":"","price":"","link":"","icon":""}],"jnews_override_counter":{"override_view_counter":"0","view_counter_number":"0","override_share_counter":"0","share_counter_number":"0","override_like_counter":"0","like_counter_number":"0","override_dislike_counter":"0","dislike_counter_number":"0"},"jnews_post_split":{"enable_post_split":"0","post_split":[{"template":"1","tag":"h2","numbering":"asc","mode":"normal","first":"0","enable_toc":"0","toc_type":"normal"}]},"footnotes":""},"categories":[10],"tags":[],"class_list":["post-36638","post","type-post","status-publish","format-standard","has-post-thumbnail","hentry","category-accion-politica"],"jetpack_featured_media_url":"https:\/\/atecordoba.org\/wp-content\/uploads\/2023\/04\/IMG-20230424-WA0238-e1682527402164.jpg","_links":{"self":[{"href":"https:\/\/atecordoba.org\/index.php?rest_route=\/wp\/v2\/posts\/36638","targetHints":{"allow":["GET"]}}],"collection":[{"href":"https:\/\/atecordoba.org\/index.php?rest_route=\/wp\/v2\/posts"}],"about":[{"href":"https:\/\/atecordoba.org\/index.php?rest_route=\/wp\/v2\/types\/post"}],"author":[{"embeddable":true,"href":"https:\/\/atecordoba.org\/index.php?rest_route=\/wp\/v2\/users\/7"}],"replies":[{"embeddable":true,"href":"https:\/\/atecordoba.org\/index.php?rest_route=%2Fwp%2Fv2%2Fcomments&post=36638"}],"version-history":[{"count":6,"href":"https:\/\/atecordoba.org\/index.php?rest_route=\/wp\/v2\/posts\/36638\/revisions"}],"predecessor-version":[{"id":36657,"href":"https:\/\/atecordoba.org\/index.php?rest_route=\/wp\/v2\/posts\/36638\/revisions\/36657"}],"wp:featuredmedia":[{"embeddable":true,"href":"https:\/\/atecordoba.org\/index.php?rest_route=\/wp\/v2\/media\/36639"}],"wp:attachment":[{"href":"https:\/\/atecordoba.org\/index.php?rest_route=%2Fwp%2Fv2%2Fmedia&parent=36638"}],"wp:term":[{"taxonomy":"category","embeddable":true,"href":"https:\/\/atecordoba.org\/index.php?rest_route=%2Fwp%2Fv2%2Fcategories&post=36638"},{"taxonomy":"post_tag","embeddable":true,"href":"https:\/\/atecordoba.org\/index.php?rest_route=%2Fwp%2Fv2%2Ftags&post=36638"}],"curies":[{"name":"wp","href":"https:\/\/api.w.org\/{rel}","templated":true}]}}