{"id":36631,"date":"2023-04-26T10:08:33","date_gmt":"2023-04-26T13:08:33","guid":{"rendered":"https:\/\/atecordoba.org\/?p=36631"},"modified":"2023-04-26T10:08:54","modified_gmt":"2023-04-26T13:08:54","slug":"agenda-feminista-en-ate-la-diputada-nacional-monica-macha-en-ate","status":"publish","type":"post","link":"https:\/\/atecordoba.org\/?p=36631","title":{"rendered":"Agenda feminista: la diputada nacional M\u00f3nica Macha en ATE"},"content":{"rendered":"\n<div class=\"wp-block-image\"><figure class=\"aligncenter size-full\"><img decoding=\"async\" src=\"https:\/\/atecordoba.org\/wp-content\/uploads\/2023\/04\/1.jpg\" alt=\"\" class=\"wp-image-36632\" \/><\/figure><\/div>\n\n\n\n<p><\/p>\n\n\n\n<p>El Consejo Directivo Provincial (CDP) agradeci\u00f3 a la Diputada Nacional M\u00f3nica Macha por compartir en nuestro sindicato un encuentro con compa\u00f1eras estatales de diferentes organismos.\u201cPudimos plantear la agenda de las distintas problem\u00e1ticas, sectoriales pero generales que atraviesan a nuestras compa\u00f1eras en sus sectores de trabajo: Precarizaci\u00f3n, Violencia Laboral y de G\u00e9nero, falta de estabilidad, incumplimiento del cupo laboral trans, entre otras cuestiones\u201d, indic\u00f3 la secretaria de Prensa Julia Giuliani.<\/p>\n\n\n\n<p>A su vez, el secretario General de ATE C\u00f3rdoba, Federico Giuliani, mantuvo unas palabras con la Diputada Nacional del Frente de Todos y valor\u00f3 que Macha  \u201cpas\u00f3 a saludarnos por la Sede del Consejo Directivo Provincial antes de la Mesa Debate con nuestras compa\u00f1eras&#8221; donde se plante\u00f3 una agenda feminista de las trabajadoras del Estado&#8221;.<\/p>\n\n\n\n<figure class=\"wp-block-gallery has-nested-images columns-default is-cropped wp-block-gallery-1 is-layout-flex wp-block-gallery-is-layout-flex\">\n<figure class=\"wp-block-image size-large\"><a href=\"https:\/\/atecordoba.org\/wp-content\/uploads\/2023\/04\/3.jpg\"><img loading=\"lazy\" decoding=\"async\" width=\"300\" height=\"169\" data-id=\"36633\" src=\"https:\/\/atecordoba.org\/wp-content\/uploads\/2023\/04\/3.jpg\" alt=\"\" class=\"wp-image-36633\" \/><\/a><\/figure>\n\n\n\n<figure class=\"wp-block-image size-large\"><a href=\"https:\/\/atecordoba.org\/wp-content\/uploads\/2023\/04\/4.jpg\"><img loading=\"lazy\" decoding=\"async\" width=\"300\" height=\"300\" data-id=\"36634\" src=\"https:\/\/atecordoba.org\/wp-content\/uploads\/2023\/04\/4.jpg\" alt=\"\" class=\"wp-image-36634\" srcset=\"https:\/\/atecordoba.org\/wp-content\/uploads\/2023\/04\/4.jpg 300w, https:\/\/atecordoba.org\/wp-content\/uploads\/2023\/04\/4-150x150.jpg 150w, https:\/\/atecordoba.org\/wp-content\/uploads\/2023\/04\/4-75x75.jpg 75w\" sizes=\"auto, (max-width: 300px) 100vw, 300px\" \/><\/a><\/figure>\n\n\n\n<figure class=\"wp-block-image size-large\"><a href=\"https:\/\/atecordoba.org\/wp-content\/uploads\/2023\/04\/2.jpg\"><img loading=\"lazy\" decoding=\"async\" width=\"300\" height=\"169\" data-id=\"36635\" src=\"https:\/\/atecordoba.org\/wp-content\/uploads\/2023\/04\/2.jpg\" alt=\"\" class=\"wp-image-36635\" \/><\/a><\/figure>\n<\/figure>\n\n\n\n<p>Al finalizar la jornada de trabajo, la encargada de prensa de nuestra organizaci\u00f3n agradeci\u00f3: \u201cM\u00f3nica Macha, Diputada Nacional, pas\u00f3 por ATE. Un lujo tenerla en la casa de las y los estatales para debatir nuestra agenda feminista con perspectiva de clase y nuestras urgencias. La institucionalidad en tiempos de criminalizaci\u00f3n, es un acto de valent\u00eda\u201d.<\/p>\n","protected":false},"excerpt":{"rendered":"<p>El Consejo Directivo Provincial (CDP) agradeci\u00f3 a la Diputada Nacional M\u00f3nica Macha por compartir en nuestro sindicato un encuentro con compa\u00f1eras estatales de diferentes organismos.\u201cPudimos plantear la agenda de las distintas problem\u00e1ticas, sectoriales pero generales que atraviesan a nuestras compa\u00f1eras en sus sectores de trabajo: Precarizaci\u00f3n, Violencia Laboral y de G\u00e9nero, falta de estabilidad, incumplimiento [&hellip;]<\/p>\n","protected":false},"author":7,"featured_media":36632,"comment_status":"open","ping_status":"open","sticky":false,"template":"","format":"standard","meta":{"_exactmetrics_skip_tracking":false,"_exactmetrics_sitenote_active":false,"_exactmetrics_sitenote_note":"","_exactmetrics_sitenote_category":0,"jnews-multi-image_gallery":[],"jnews_single_post":{"subtitle":"La legisladora del Frente de Todos pas\u00f3 por ATE y departi\u00f3 sobre los desaf\u00edos que debe abordar el feminismo entre las estatales.","format":"standard","video":"","gallery":"","source_name":"","source_url":"","via_name":"","via_url":"","override_template":"0","override":[{"template":"1","single_blog_custom":"","parallax":"1","fullscreen":"1","layout":"right-sidebar","sidebar":"default-sidebar","second_sidebar":"default-sidebar","sticky_sidebar":"1","share_position":"top","share_float_style":"share-monocrhome","show_share_counter":"1","show_view_counter":"1","show_featured":"1","show_post_meta":"1","show_post_author":"1","show_post_author_image":"1","show_post_date":"1","post_date_format":"default","post_date_format_custom":"Y\/m\/d","show_post_category":"1","show_post_reading_time":"0","post_reading_time_wpm":"300","show_zoom_button":"0","zoom_button_out_step":"2","zoom_button_in_step":"3","show_post_tag":"1","show_prev_next_post":"1","show_popup_post":"1","number_popup_post":"1","show_author_box":"0","show_post_related":"0","show_inline_post_related":"0"}],"override_image_size":"0","image_override":[{"single_post_thumbnail_size":"crop-500","single_post_gallery_size":"crop-500"}],"trending_post":"0","trending_post_position":"meta","trending_post_label":"Trending","sponsored_post":"0","sponsored_post_label":"Sponsored by","sponsored_post_name":"","sponsored_post_url":"","sponsored_post_logo_enable":"0","sponsored_post_logo":"","sponsored_post_desc":"","disable_ad":"0"},"jnews_primary_category":{"id":""},"jnews_social_meta":{"fb_title":"","fb_description":"","fb_image":"","twitter_title":"","twitter_description":"","twitter_image":""},"jnews_review":[],"enable_review":"0","type":"percentage","name":"","summary":"","brand":"","sku":"","good":[{"good_text":""}],"bad":[{"bad_text":""}],"score_override":"","override_value":"","rating":[{"rating_text":"","rating_number":"10"}],"price":[{"shop":"","price":"","link":"","icon":""}],"jnews_override_counter":{"override_view_counter":"0","view_counter_number":"0","override_share_counter":"0","share_counter_number":"0","override_like_counter":"0","like_counter_number":"0","override_dislike_counter":"0","dislike_counter_number":"0"},"jnews_post_split":{"enable_post_split":"0","post_split":[{"template":"1","tag":"h2","numbering":"asc","mode":"normal","first":"0","enable_toc":"0","toc_type":"normal"}]},"footnotes":""},"categories":[325],"tags":[],"class_list":["post-36631","post","type-post","status-publish","format-standard","has-post-thumbnail","hentry","category-generos-y-diversidades"],"jetpack_featured_media_url":"https:\/\/atecordoba.org\/wp-content\/uploads\/2023\/04\/1-e1682514429322.jpg","_links":{"self":[{"href":"https:\/\/atecordoba.org\/index.php?rest_route=\/wp\/v2\/posts\/36631","targetHints":{"allow":["GET"]}}],"collection":[{"href":"https:\/\/atecordoba.org\/index.php?rest_route=\/wp\/v2\/posts"}],"about":[{"href":"https:\/\/atecordoba.org\/index.php?rest_route=\/wp\/v2\/types\/post"}],"author":[{"embeddable":true,"href":"https:\/\/atecordoba.org\/index.php?rest_route=\/wp\/v2\/users\/7"}],"replies":[{"embeddable":true,"href":"https:\/\/atecordoba.org\/index.php?rest_route=%2Fwp%2Fv2%2Fcomments&post=36631"}],"version-history":[{"count":2,"href":"https:\/\/atecordoba.org\/index.php?rest_route=\/wp\/v2\/posts\/36631\/revisions"}],"predecessor-version":[{"id":36637,"href":"https:\/\/atecordoba.org\/index.php?rest_route=\/wp\/v2\/posts\/36631\/revisions\/36637"}],"wp:featuredmedia":[{"embeddable":true,"href":"https:\/\/atecordoba.org\/index.php?rest_route=\/wp\/v2\/media\/36632"}],"wp:attachment":[{"href":"https:\/\/atecordoba.org\/index.php?rest_route=%2Fwp%2Fv2%2Fmedia&parent=36631"}],"wp:term":[{"taxonomy":"category","embeddable":true,"href":"https:\/\/atecordoba.org\/index.php?rest_route=%2Fwp%2Fv2%2Fcategories&post=36631"},{"taxonomy":"post_tag","embeddable":true,"href":"https:\/\/atecordoba.org\/index.php?rest_route=%2Fwp%2Fv2%2Ftags&post=36631"}],"curies":[{"name":"wp","href":"https:\/\/api.w.org\/{rel}","templated":true}]}}