{"id":36619,"date":"2023-04-24T12:27:20","date_gmt":"2023-04-24T15:27:20","guid":{"rendered":"https:\/\/atecordoba.org\/?p=36619"},"modified":"2023-04-24T12:27:22","modified_gmt":"2023-04-24T15:27:22","slug":"rafaela-alcoba-transitamos-40-anos-de-democracia-y-tenemos-trabajadores-imputados-por-protestar","status":"publish","type":"post","link":"https:\/\/atecordoba.org\/?p=36619","title":{"rendered":"Rafaela Alcoba: \u201cTransitamos 40 a\u00f1os de democracia y tenemos trabajadores imputados por protestar\u201d"},"content":{"rendered":"\n<div class=\"wp-block-image\"><figure class=\"aligncenter size-large is-resized\"><img loading=\"lazy\" decoding=\"async\" src=\"https:\/\/atecordoba.org\/wp-content\/uploads\/2023\/04\/alcoba-2-1024x576.jpg\" alt=\"\" class=\"wp-image-36620\" width=\"768\" height=\"432\" \/><\/figure><\/div>\n\n\n\n<p>El pasado 5 de abril, en C\u00f3rdoba tuvo lugar la \u201cMarcha contra el Hambre\u201d, a ra\u00edz de la cual el secretario General provincial de la CTA Aut\u00f3noma y de ATE, Federico Giuliani, fue imputado por el delito de \u201cobstrucci\u00f3n de tr\u00e1nsito para los medios de transporte\u201d.<\/p>\n\n\n\n<p>El hecho desemboc\u00f3 en una denuncia por parte de las agrupaciones sociales, que <a href=\"https:\/\/atecordoba.org\/?p=36580\">el jueves pasado se manifestaron <\/a>en contra de la criminalizaci\u00f3n de la protesta mediante una movilizaci\u00f3n en C\u00f3rdoba Capital para acompa\u00f1ar a Giuliani, quien se present\u00f3 ante la Justicia.<\/p>\n\n\n\n<div class=\"wp-block-image\"><figure class=\"alignright size-full is-resized\"><img loading=\"lazy\" decoding=\"async\" src=\"https:\/\/atecordoba.org\/wp-content\/uploads\/2023\/04\/alcoba-radio.jpg\" alt=\"\" class=\"wp-image-36621\" width=\"450\" height=\"297\" srcset=\"https:\/\/atecordoba.org\/wp-content\/uploads\/2023\/04\/alcoba-radio.jpg 900w, https:\/\/atecordoba.org\/wp-content\/uploads\/2023\/04\/alcoba-radio-300x198.jpg 300w, https:\/\/atecordoba.org\/wp-content\/uploads\/2023\/04\/alcoba-radio-768x507.jpg 768w, https:\/\/atecordoba.org\/wp-content\/uploads\/2023\/04\/alcoba-radio-750x495.jpg 750w\" sizes=\"auto, (max-width: 450px) 100vw, 450px\" \/><\/figure><\/div>\n\n\n\n<p>La Secretaria General de la seccional ATE y la CTA-A en R\u00edo Cuarto, Rafaela Alcoba (foto de portada), brind\u00f3 una entrevista al programa NADA FAKE, de Radio Al Toque, donde relat\u00f3 su mirada sobre la marcha en C\u00f3rdoba Capital que acompa\u00f1\u00f3 la declaraci\u00f3n de Giuliani.<\/p>\n\n\n\n<p>\u201cNos encontramos con que no s\u00f3lo le pintaron los dedos a un compa\u00f1ero a ra\u00edz de una imputaci\u00f3n por impedir la libre circulaci\u00f3n del transporte, sino que tambi\u00e9n se le incaut\u00f3 su tel\u00e9fono personal para ser periciado. Es una medida que abre puertas muy oscuras\u201d, reflexion\u00f3 la dirigente.<\/p>\n\n\n\n<p>Alcoba asegur\u00f3 que&nbsp;\u201cexiste una complicidad de un Gobierno que tiene los ojos puestos en una agenda electoral, con el Poder Judicial que lleva a cabo estas acciones\u201d&nbsp;para llevar adelante acciones de este tipo.&nbsp;<strong>\u201c<\/strong>Estamos transitando un a\u00f1o donde se celebran 40 a\u00f1os de democracia y nos encontramos con trabajadores que son imputados por salir a manifestarse\u201d, a\u00f1adi\u00f3.<\/p>\n\n\n\n<p>En ese sentido, asegur\u00f3 que los hechos que circundan la imputaci\u00f3n de Federico Giuliani no amedrentar\u00e1n a los trabajadores ni cortar\u00e1n con las protestas que se desarrollan. \u201cNunca la vamos a dejar la calle. Es nuestro espacio y de ah\u00ed no nos van a sacar. All\u00ed est\u00e1 la democracia y la participaci\u00f3n\u201d, dijo.<\/p>\n\n\n\n<p>\u201cTenemos una provincia rica, donde tiras una semilla y algo crece, pero la gente la pasa mal en las barriadas. No hay un proyecto que nos invite a acercarnos con la esperanza de que haya un giro\u201d, apunt\u00f3 la secretario General de ATE R\u00edo Cuarto.<\/p>\n\n\n\n<p>Asimismo, mostr\u00f3 su decepci\u00f3n con la gesti\u00f3n de Alberto Fern\u00e1ndez. \u201cEn este Gobierno no hemos encontrado las respuestas que necesit\u00e1bamos. Siguen respondiendo a un grupo de poder econ\u00f3mico y que avanza en ajustar los planes sociales. El problema no est\u00e1 en los que reciben la ayuda del Estado, sino en los que fugan capitales para hacerse m\u00e1s ricos mientras los pobres se hacen m\u00e1s pobres\u201d, concluy\u00f3 Alcoba.<\/p>\n","protected":false},"excerpt":{"rendered":"<p>El pasado 5 de abril, en C\u00f3rdoba tuvo lugar la \u201cMarcha contra el Hambre\u201d, a ra\u00edz de la cual el secretario General provincial de la CTA Aut\u00f3noma y de ATE, Federico Giuliani, fue imputado por el delito de \u201cobstrucci\u00f3n de tr\u00e1nsito para los medios de transporte\u201d. El hecho desemboc\u00f3 en una denuncia por parte de [&hellip;]<\/p>\n","protected":false},"author":7,"featured_media":36620,"comment_status":"open","ping_status":"open","sticky":false,"template":"","format":"standard","meta":{"_exactmetrics_skip_tracking":false,"_exactmetrics_sitenote_active":false,"_exactmetrics_sitenote_note":"","_exactmetrics_sitenote_category":0,"jnews-multi-image_gallery":[],"jnews_single_post":{"subtitle":"\u201cNunca la vamos a dejar la calle. Es nuestro espacio y de ah\u00ed no nos van a sacar. All\u00ed est\u00e1 la democracia y la participaci\u00f3n\u201d, dijo la secretaria General de la seccional R\u00edo Cuarto","format":"standard","video":"","gallery":"","source_name":"","source_url":"","via_name":"","via_url":"","override_template":"0","override":[{"template":"1","single_blog_custom":"","parallax":"1","fullscreen":"1","layout":"right-sidebar","sidebar":"default-sidebar","second_sidebar":"default-sidebar","sticky_sidebar":"1","share_position":"top","share_float_style":"share-monocrhome","show_share_counter":"1","show_view_counter":"1","show_featured":"1","show_post_meta":"1","show_post_author":"1","show_post_author_image":"1","show_post_date":"1","post_date_format":"default","post_date_format_custom":"Y\/m\/d","show_post_category":"1","show_post_reading_time":"0","post_reading_time_wpm":"300","show_zoom_button":"0","zoom_button_out_step":"2","zoom_button_in_step":"3","show_post_tag":"1","show_prev_next_post":"1","show_popup_post":"1","number_popup_post":"1","show_author_box":"0","show_post_related":"0","show_inline_post_related":"0"}],"override_image_size":"0","image_override":[{"single_post_thumbnail_size":"crop-500","single_post_gallery_size":"crop-500"}],"trending_post":"0","trending_post_position":"meta","trending_post_label":"Trending","sponsored_post":"0","sponsored_post_label":"Sponsored by","sponsored_post_name":"","sponsored_post_url":"","sponsored_post_logo_enable":"0","sponsored_post_logo":"","sponsored_post_desc":"","disable_ad":"0"},"jnews_primary_category":{"id":""},"jnews_social_meta":{"fb_title":"","fb_description":"","fb_image":"","twitter_title":"","twitter_description":"","twitter_image":""},"jnews_review":[],"enable_review":"0","type":"percentage","name":"","summary":"","brand":"","sku":"","good":[{"good_text":""}],"bad":[{"bad_text":""}],"score_override":"","override_value":"","rating":[{"rating_text":"","rating_number":"10"}],"price":[{"shop":"","price":"","link":"","icon":""}],"jnews_override_counter":{"override_view_counter":"0","view_counter_number":"0","override_share_counter":"0","share_counter_number":"0","override_like_counter":"0","like_counter_number":"0","override_dislike_counter":"0","dislike_counter_number":"0"},"jnews_post_split":{"enable_post_split":"0","post_split":[{"template":"1","tag":"h2","numbering":"asc","mode":"normal","first":"0","enable_toc":"0","toc_type":"normal"}]},"footnotes":""},"categories":[12],"tags":[],"class_list":["post-36619","post","type-post","status-publish","format-standard","has-post-thumbnail","hentry","category-rio-cuarto"],"jetpack_featured_media_url":"https:\/\/atecordoba.org\/wp-content\/uploads\/2023\/04\/alcoba-2-e1682350036114.jpg","_links":{"self":[{"href":"https:\/\/atecordoba.org\/index.php?rest_route=\/wp\/v2\/posts\/36619","targetHints":{"allow":["GET"]}}],"collection":[{"href":"https:\/\/atecordoba.org\/index.php?rest_route=\/wp\/v2\/posts"}],"about":[{"href":"https:\/\/atecordoba.org\/index.php?rest_route=\/wp\/v2\/types\/post"}],"author":[{"embeddable":true,"href":"https:\/\/atecordoba.org\/index.php?rest_route=\/wp\/v2\/users\/7"}],"replies":[{"embeddable":true,"href":"https:\/\/atecordoba.org\/index.php?rest_route=%2Fwp%2Fv2%2Fcomments&post=36619"}],"version-history":[{"count":1,"href":"https:\/\/atecordoba.org\/index.php?rest_route=\/wp\/v2\/posts\/36619\/revisions"}],"predecessor-version":[{"id":36622,"href":"https:\/\/atecordoba.org\/index.php?rest_route=\/wp\/v2\/posts\/36619\/revisions\/36622"}],"wp:featuredmedia":[{"embeddable":true,"href":"https:\/\/atecordoba.org\/index.php?rest_route=\/wp\/v2\/media\/36620"}],"wp:attachment":[{"href":"https:\/\/atecordoba.org\/index.php?rest_route=%2Fwp%2Fv2%2Fmedia&parent=36619"}],"wp:term":[{"taxonomy":"category","embeddable":true,"href":"https:\/\/atecordoba.org\/index.php?rest_route=%2Fwp%2Fv2%2Fcategories&post=36619"},{"taxonomy":"post_tag","embeddable":true,"href":"https:\/\/atecordoba.org\/index.php?rest_route=%2Fwp%2Fv2%2Ftags&post=36619"}],"curies":[{"name":"wp","href":"https:\/\/api.w.org\/{rel}","templated":true}]}}