{"id":36616,"date":"2023-04-24T11:43:22","date_gmt":"2023-04-24T14:43:22","guid":{"rendered":"https:\/\/atecordoba.org\/?p=36616"},"modified":"2023-04-24T13:56:05","modified_gmt":"2023-04-24T16:56:05","slug":"autovia-de-punilla-reclamo-ante-la-oit","status":"publish","type":"post","link":"https:\/\/atecordoba.org\/?p=36616","title":{"rendered":"Autov\u00eda de Punilla: Reclamo ante la OIT"},"content":{"rendered":"\n<div class=\"wp-block-image\"><figure class=\"aligncenter size-full is-resized\"><img loading=\"lazy\" decoding=\"async\" src=\"https:\/\/atecordoba.org\/wp-content\/uploads\/2023\/04\/autovia-punilla_firma-para-la-OIT.jpg\" alt=\"\" class=\"wp-image-36617\" width=\"485\" height=\"386\" \/><figcaption>La activista ambiental Cecilia Carizo, el secretario General de ATE C\u00f3rdoba Federico Giuliani y el Director de DDHH del CDP.<\/figcaption><\/figure><\/div>\n\n\n\n<p>El Secretario General de ATE y la CTA Aut\u00f3noma C\u00f3rdoba, Federico Giuliani, firm\u00f3 la presentaci\u00f3n para frenar la construcci\u00f3n de la Autov\u00eda en Punilla ante la Organizaci\u00f3n Internacional de Trabajo (OIT), mediante la conformaci\u00f3n de la Comisi\u00f3n de Mediaci\u00f3n entre el Estado Nacional y las Organizaciones Ambientales .<\/p>\n\n\n\n<p>\u201cEl Gobierno Nacional firm\u00f3 el Decreto del endeudamiento en d\u00f3lares y el financiamiento para el Corredor Bioce\u00e1nico en Punilla sin cumplir con el Convenio 169 de la OIT lo que motiv\u00f3 que la semana pasada se hiciera la ampliaci\u00f3n de la denuncia internacional por violaci\u00f3n al Consentimiento Previo, Libre e Informado, tal como lo contempla esa norma\u201d, afirm\u00f3 Giuliani, quien estuvo acompa\u00f1ado de C\u00e9sar Theaux, Secretario de Formaci\u00f3n de la CTA-A y Director del Departamento de Derechos Humanos de ATE C\u00f3rdoba.<\/p>\n\n\n\n<p>\u201cATE es m\u00e1s que un Sindicato y la Central promueve una estrategia que contempla la integralidad de las luchas sindicales, sociales, pol\u00edticas y ambientales\u201d, concluy\u00f3 Giuliani.<\/p>\n","protected":false},"excerpt":{"rendered":"<p>El Secretario General de ATE y la CTA Aut\u00f3noma C\u00f3rdoba, Federico Giuliani, firm\u00f3 la presentaci\u00f3n para frenar la construcci\u00f3n de la Autov\u00eda en Punilla ante la Organizaci\u00f3n Internacional de Trabajo (OIT), mediante la conformaci\u00f3n de la Comisi\u00f3n de Mediaci\u00f3n entre el Estado Nacional y las Organizaciones Ambientales . \u201cEl Gobierno Nacional firm\u00f3 el Decreto del [&hellip;]<\/p>\n","protected":false},"author":7,"featured_media":36617,"comment_status":"open","ping_status":"open","sticky":false,"template":"","format":"standard","meta":{"_exactmetrics_skip_tracking":false,"_exactmetrics_sitenote_active":false,"_exactmetrics_sitenote_note":"","_exactmetrics_sitenote_category":0,"jnews-multi-image_gallery":[],"jnews_single_post":{"subtitle":"El gobierno de C\u00f3rdoba realiza una obra p\u00fablica de fuerte impacto ambiental en Punilla que no cuenta con aval social. ","format":"standard","video":"","gallery":"","source_name":"","source_url":"","via_name":"","via_url":"","override_template":"0","override":[{"template":"1","single_blog_custom":"","parallax":"1","fullscreen":"1","layout":"right-sidebar","sidebar":"default-sidebar","second_sidebar":"default-sidebar","sticky_sidebar":"1","share_position":"top","share_float_style":"share-monocrhome","show_share_counter":"1","show_view_counter":"1","show_featured":"1","show_post_meta":"1","show_post_author":"1","show_post_author_image":"1","show_post_date":"1","post_date_format":"default","post_date_format_custom":"Y\/m\/d","show_post_category":"1","show_post_reading_time":"0","post_reading_time_wpm":"300","show_zoom_button":"0","zoom_button_out_step":"2","zoom_button_in_step":"3","show_post_tag":"1","show_prev_next_post":"1","show_popup_post":"1","number_popup_post":"1","show_author_box":"0","show_post_related":"0","show_inline_post_related":"0"}],"override_image_size":"0","image_override":[{"single_post_thumbnail_size":"crop-500","single_post_gallery_size":"crop-500"}],"trending_post":"0","trending_post_position":"meta","trending_post_label":"Trending","sponsored_post":"0","sponsored_post_label":"Sponsored by","sponsored_post_name":"","sponsored_post_url":"","sponsored_post_logo_enable":"0","sponsored_post_logo":"","sponsored_post_desc":"","disable_ad":"0"},"jnews_primary_category":{"id":""},"jnews_social_meta":{"fb_title":"","fb_description":"","fb_image":"","twitter_title":"","twitter_description":"","twitter_image":""},"jnews_review":[],"enable_review":"0","type":"percentage","name":"","summary":"","brand":"","sku":"","good":[{"good_text":""}],"bad":[{"bad_text":""}],"score_override":"","override_value":"","rating":[{"rating_text":"","rating_number":"10"}],"price":[{"shop":"","price":"","link":"","icon":""}],"jnews_override_counter":{"override_view_counter":"0","view_counter_number":"0","override_share_counter":"0","share_counter_number":"0","override_like_counter":"0","like_counter_number":"0","override_dislike_counter":"0","dislike_counter_number":"0"},"jnews_post_split":{"enable_post_split":"0","post_split":[{"template":"1","tag":"h2","numbering":"asc","mode":"normal","first":"0","enable_toc":"0","toc_type":"normal"}]},"footnotes":""},"categories":[10],"tags":[],"class_list":["post-36616","post","type-post","status-publish","format-standard","has-post-thumbnail","hentry","category-accion-politica"],"jetpack_featured_media_url":"https:\/\/atecordoba.org\/wp-content\/uploads\/2023\/04\/autovia-punilla_firma-para-la-OIT-e1682347396897.jpg","_links":{"self":[{"href":"https:\/\/atecordoba.org\/index.php?rest_route=\/wp\/v2\/posts\/36616","targetHints":{"allow":["GET"]}}],"collection":[{"href":"https:\/\/atecordoba.org\/index.php?rest_route=\/wp\/v2\/posts"}],"about":[{"href":"https:\/\/atecordoba.org\/index.php?rest_route=\/wp\/v2\/types\/post"}],"author":[{"embeddable":true,"href":"https:\/\/atecordoba.org\/index.php?rest_route=\/wp\/v2\/users\/7"}],"replies":[{"embeddable":true,"href":"https:\/\/atecordoba.org\/index.php?rest_route=%2Fwp%2Fv2%2Fcomments&post=36616"}],"version-history":[{"count":2,"href":"https:\/\/atecordoba.org\/index.php?rest_route=\/wp\/v2\/posts\/36616\/revisions"}],"predecessor-version":[{"id":36626,"href":"https:\/\/atecordoba.org\/index.php?rest_route=\/wp\/v2\/posts\/36616\/revisions\/36626"}],"wp:featuredmedia":[{"embeddable":true,"href":"https:\/\/atecordoba.org\/index.php?rest_route=\/wp\/v2\/media\/36617"}],"wp:attachment":[{"href":"https:\/\/atecordoba.org\/index.php?rest_route=%2Fwp%2Fv2%2Fmedia&parent=36616"}],"wp:term":[{"taxonomy":"category","embeddable":true,"href":"https:\/\/atecordoba.org\/index.php?rest_route=%2Fwp%2Fv2%2Fcategories&post=36616"},{"taxonomy":"post_tag","embeddable":true,"href":"https:\/\/atecordoba.org\/index.php?rest_route=%2Fwp%2Fv2%2Ftags&post=36616"}],"curies":[{"name":"wp","href":"https:\/\/api.w.org\/{rel}","templated":true}]}}