{"id":36580,"date":"2023-04-20T18:59:48","date_gmt":"2023-04-20T21:59:48","guid":{"rendered":"https:\/\/atecordoba.org\/?p=36580"},"modified":"2023-04-20T19:02:21","modified_gmt":"2023-04-20T22:02:21","slug":"ate-y-organizaciones-hermanas-nos-movilizamos-a-tribunales-para-acompanar-a-federico-giuliani","status":"publish","type":"post","link":"https:\/\/atecordoba.org\/?p=36580","title":{"rendered":"ATE y organizaciones hermanas nos movilizamos a Tribunales para acompa\u00f1ar a Federico Giuliani"},"content":{"rendered":"\n<p><\/p>\n\n\n\n<div class=\"wp-block-image\"><figure class=\"aligncenter size-large is-resized\"><img loading=\"lazy\" decoding=\"async\" src=\"https:\/\/atecordoba.org\/wp-content\/uploads\/2023\/04\/20230420_135015-1024x461.jpg\" alt=\"\" class=\"wp-image-36581\" width=\"768\" height=\"346\" \/><\/figure><\/div>\n\n\n\n<p>Una importante movilizaci\u00f3n acompa\u00f1\u00f3 hoy al secretario General de ATE C\u00f3rdoba, Federico Giuliani, a los tribunales provinciales donde el fiscal de 4\u00b0 nominaci\u00f3n Turno 1 Ernesto de Arag\u00f3n lo imput\u00f3 por integrar el grupo de dirigentes que encabez\u00f3 una marcha contra el hambre y en repudio al programa del FMI.<\/p>\n\n\n\n<p>Otros cinco dirigentes m\u00e1s, entre los que se encuentra el compa\u00f1ero Emanuel Berardo del Polo Obrero, tambi\u00e9n resultaron imputados en la misma causa donde la polic\u00eda actu\u00f3 de oficio para marcar a los referentes, por orden del fiscal.<\/p>\n\n\n\n<div class=\"wp-block-image\"><figure class=\"aligncenter size-large is-resized\"><img loading=\"lazy\" decoding=\"async\" src=\"https:\/\/atecordoba.org\/wp-content\/uploads\/2023\/04\/20230420_133218-1024x461.jpg\" alt=\"\" class=\"wp-image-36582\" width=\"768\" height=\"346\" srcset=\"https:\/\/atecordoba.org\/wp-content\/uploads\/2023\/04\/20230420_133218-1024x461.jpg 1024w, https:\/\/atecordoba.org\/wp-content\/uploads\/2023\/04\/20230420_133218-300x135.jpg 300w, https:\/\/atecordoba.org\/wp-content\/uploads\/2023\/04\/20230420_133218-768x346.jpg 768w, https:\/\/atecordoba.org\/wp-content\/uploads\/2023\/04\/20230420_133218-1536x691.jpg 1536w, https:\/\/atecordoba.org\/wp-content\/uploads\/2023\/04\/20230420_133218-2048x922.jpg 2048w, https:\/\/atecordoba.org\/wp-content\/uploads\/2023\/04\/20230420_133218-750x338.jpg 750w, https:\/\/atecordoba.org\/wp-content\/uploads\/2023\/04\/20230420_133218-1140x513.jpg 1140w\" sizes=\"auto, (max-width: 768px) 100vw, 768px\" \/><\/figure><\/div>\n\n\n\n<p>\u201cClaramente el Poder Judicial de C\u00f3rdoba es el brazo del poder pol\u00edtico que gobierna hace 24 a\u00f1os. No tenemos en la provincia una justicia neutral, sino que actu\u00e9 en funci\u00f3n del requerimiento del gobernador Schiaretti\u201d, dijo Giuliani antes de ingresar a la fiscal\u00eda.<\/p>\n\n\n\n<p>\u201cEsta es una resoluci\u00f3n politizada y est\u00e1 dirigida a criminalizar la protesta social, a castigar a las organizaciones populares, donde se ataca la consecuencia ante la falta de respuesta de los reclamos por la grave crisis social que vivimos. Los n\u00fameros de la pobreza, de precarizaci\u00f3n laboral, de marginalidad, de hambre que hay en C\u00f3rdoba hablan de un gobierno que no da respuestas. Ahora cuando salimos a expresar nuestro reclamo, de manera genuina y legal, nos acosan judicialmente\u201d, resumi\u00f3 el dirigente estatal. \u00a0\u00a0<\/p>\n\n\n\n<p>Giuliani dijo que el accionar de la fiscal\u00eda est\u00e1s en l\u00ednea con un fallo del 1\u00b0 de abril pasado cuando un juez de control Juan Manuel Fern\u00e1ndez L\u00f3pez, hizo lugar a un habeas corpus que present\u00f3 la C\u00e1mara de Comercio del Centro, bajo la car\u00e1tula de \u2018vecinos del centro\u2019, y que esa resoluci\u00f3n es ilegal porque se choca con el art\u00edculo 14 bis de la Constituci\u00f3n Nacional y que ning\u00fan magistrado puede limitar el derecho a la protesta.<\/p>\n\n\n\n<div class=\"wp-block-image\"><figure class=\"aligncenter size-large is-resized\"><img loading=\"lazy\" decoding=\"async\" src=\"https:\/\/atecordoba.org\/wp-content\/uploads\/2023\/04\/20230420_133408-1024x461.jpg\" alt=\"\" class=\"wp-image-36583\" width=\"768\" height=\"346\" srcset=\"https:\/\/atecordoba.org\/wp-content\/uploads\/2023\/04\/20230420_133408-1024x461.jpg 1024w, https:\/\/atecordoba.org\/wp-content\/uploads\/2023\/04\/20230420_133408-300x135.jpg 300w, https:\/\/atecordoba.org\/wp-content\/uploads\/2023\/04\/20230420_133408-768x346.jpg 768w, https:\/\/atecordoba.org\/wp-content\/uploads\/2023\/04\/20230420_133408-1536x691.jpg 1536w, https:\/\/atecordoba.org\/wp-content\/uploads\/2023\/04\/20230420_133408-2048x922.jpg 2048w, https:\/\/atecordoba.org\/wp-content\/uploads\/2023\/04\/20230420_133408-750x338.jpg 750w, https:\/\/atecordoba.org\/wp-content\/uploads\/2023\/04\/20230420_133408-1140x513.jpg 1140w\" sizes=\"auto, (max-width: 768px) 100vw, 768px\" \/><\/figure><\/div>\n\n\n\n<p>En otro tramo de su declaraci\u00f3n el dirigente dijo que a pesar del acoso judicial \u201clas organizaciones nos vamos a seguir movilizando y vamos a tener que enfrentar esta pol\u00edtica porque hay dos proyectos de ley, del oficialismo provincial y de la oposici\u00f3n macrista que en esto coinciden, que pretenden limitar el derecho a la protesta. Este fallo va en esa l\u00ednea y est\u00e1 claro que es una estrategia concurrente en una estrategia de mano dura. Pero debemos decir que es un manotazo de ahogado que no va a impedir que la gente siga expres\u00e1ndose en la calle\u201d. &nbsp;<\/p>\n\n\n\n<p>En la oportunidad estuvieron un sinn\u00famero de organizaciones que se solidarizaron con el secretario General de ATE y el resto de los imputados.<\/p>\n\n\n\n<p>Tambi\u00e9n acompa\u00f1\u00f3 la movilizaci\u00f3n la directora de Derechos de los Pueblos del Consejo Directivo Nacional de ATE dijo que \u201cvengo a traer la solidaridad y el apoyo de la conducci\u00f3n nacional con Federico y el resto de los imputados. Al conocer la situaci\u00f3n no dudas en estar ac\u00e1. Planteamos el repudio y el rechazo a la persecuci\u00f3n judicial en el marco de una enorme crisis social que atraviesa el pa\u00eds\u201d. Y agreg\u00f3: \u201cel lugar de las y los trabajadores organizados para resistir y para lograr nuevos derechos es la calle por lo cual entendemos que esta es una clara criminalizaci\u00f3n de la protesta que no va frenar nuestra lucha\u201d.<\/p>\n\n\n\n<div class=\"wp-block-image\"><figure class=\"aligncenter size-large is-resized\"><img loading=\"lazy\" decoding=\"async\" src=\"https:\/\/atecordoba.org\/wp-content\/uploads\/2023\/04\/20230420_134520-1024x461.jpg\" alt=\"\" class=\"wp-image-36584\" width=\"768\" height=\"346\" srcset=\"https:\/\/atecordoba.org\/wp-content\/uploads\/2023\/04\/20230420_134520-1024x461.jpg 1024w, https:\/\/atecordoba.org\/wp-content\/uploads\/2023\/04\/20230420_134520-300x135.jpg 300w, https:\/\/atecordoba.org\/wp-content\/uploads\/2023\/04\/20230420_134520-768x346.jpg 768w, https:\/\/atecordoba.org\/wp-content\/uploads\/2023\/04\/20230420_134520-1536x691.jpg 1536w, https:\/\/atecordoba.org\/wp-content\/uploads\/2023\/04\/20230420_134520-2048x922.jpg 2048w, https:\/\/atecordoba.org\/wp-content\/uploads\/2023\/04\/20230420_134520-750x338.jpg 750w, https:\/\/atecordoba.org\/wp-content\/uploads\/2023\/04\/20230420_134520-1140x513.jpg 1140w\" sizes=\"auto, (max-width: 768px) 100vw, 768px\" \/><\/figure><\/div>\n\n\n\n<p><strong>CTAA presente<\/strong><\/p>\n\n\n\n<p>A su turno, la secretaria General Adjunta de la CTAA provincia, Silvia Alcoba, dijo que &#8220;hoy m\u00e1s que nunca estamos bancando a Federico frente a la irresponsabilidad de la Justicia de imputar a los compa\u00f1eros por el solo hecho de manifestarnos. La marchas y las asambleas son la situaciones donde muchas veces se define c\u00f3mo se construye un sindicato, una organizaci\u00f3n popular, para construir un pa\u00eds m\u00e1s justo&#8221;.<\/p>\n\n\n\n<p>&#8220;Estamos en democracia y no vamos a permitir que un compa\u00f1ero sufra el acoso judicial del gobierno ante la expresi\u00f3n genuina de un derecho como es a manifestarnos y peticionar. Esta justicia responde al gobernador, que quiere demostrar que la situaci\u00f3n en C\u00f3rdoba no es tan grave y para eso pretenden acallarnos&#8221;, concluy\u00f3 la dirigente. <\/p>\n\n\n\n<figure class=\"wp-block-gallery has-nested-images columns-default is-cropped wp-block-gallery-1 is-layout-flex wp-block-gallery-is-layout-flex\">\n<figure class=\"wp-block-image size-large\"><img loading=\"lazy\" decoding=\"async\" width=\"1024\" height=\"461\" data-id=\"36585\" src=\"https:\/\/atecordoba.org\/wp-content\/uploads\/2023\/04\/20230420_140625-1024x461.jpg\" alt=\"\" class=\"wp-image-36585\" srcset=\"https:\/\/atecordoba.org\/wp-content\/uploads\/2023\/04\/20230420_140625-1024x461.jpg 1024w, https:\/\/atecordoba.org\/wp-content\/uploads\/2023\/04\/20230420_140625-300x135.jpg 300w, https:\/\/atecordoba.org\/wp-content\/uploads\/2023\/04\/20230420_140625-768x346.jpg 768w, https:\/\/atecordoba.org\/wp-content\/uploads\/2023\/04\/20230420_140625-1536x691.jpg 1536w, https:\/\/atecordoba.org\/wp-content\/uploads\/2023\/04\/20230420_140625-2048x922.jpg 2048w, https:\/\/atecordoba.org\/wp-content\/uploads\/2023\/04\/20230420_140625-750x338.jpg 750w, https:\/\/atecordoba.org\/wp-content\/uploads\/2023\/04\/20230420_140625-1140x513.jpg 1140w\" sizes=\"auto, (max-width: 1024px) 100vw, 1024px\" \/><\/figure>\n\n\n\n<figure class=\"wp-block-image size-large\"><img loading=\"lazy\" decoding=\"async\" width=\"1024\" height=\"461\" data-id=\"36592\" src=\"https:\/\/atecordoba.org\/wp-content\/uploads\/2023\/04\/20230420_133315-1024x461.jpg\" alt=\"\" class=\"wp-image-36592\" srcset=\"https:\/\/atecordoba.org\/wp-content\/uploads\/2023\/04\/20230420_133315-1024x461.jpg 1024w, https:\/\/atecordoba.org\/wp-content\/uploads\/2023\/04\/20230420_133315-300x135.jpg 300w, https:\/\/atecordoba.org\/wp-content\/uploads\/2023\/04\/20230420_133315-768x346.jpg 768w, https:\/\/atecordoba.org\/wp-content\/uploads\/2023\/04\/20230420_133315-1536x691.jpg 1536w, https:\/\/atecordoba.org\/wp-content\/uploads\/2023\/04\/20230420_133315-2048x922.jpg 2048w, https:\/\/atecordoba.org\/wp-content\/uploads\/2023\/04\/20230420_133315-750x338.jpg 750w, https:\/\/atecordoba.org\/wp-content\/uploads\/2023\/04\/20230420_133315-1140x513.jpg 1140w\" sizes=\"auto, (max-width: 1024px) 100vw, 1024px\" \/><\/figure>\n\n\n\n<figure class=\"wp-block-image size-large\"><img loading=\"lazy\" decoding=\"async\" width=\"1024\" height=\"461\" data-id=\"36599\" src=\"https:\/\/atecordoba.org\/wp-content\/uploads\/2023\/04\/20230420_133514-1024x461.jpg\" alt=\"\" class=\"wp-image-36599\" srcset=\"https:\/\/atecordoba.org\/wp-content\/uploads\/2023\/04\/20230420_133514-1024x461.jpg 1024w, https:\/\/atecordoba.org\/wp-content\/uploads\/2023\/04\/20230420_133514-300x135.jpg 300w, https:\/\/atecordoba.org\/wp-content\/uploads\/2023\/04\/20230420_133514-768x346.jpg 768w, https:\/\/atecordoba.org\/wp-content\/uploads\/2023\/04\/20230420_133514-1536x691.jpg 1536w, https:\/\/atecordoba.org\/wp-content\/uploads\/2023\/04\/20230420_133514-2048x922.jpg 2048w, https:\/\/atecordoba.org\/wp-content\/uploads\/2023\/04\/20230420_133514-750x338.jpg 750w, https:\/\/atecordoba.org\/wp-content\/uploads\/2023\/04\/20230420_133514-1140x513.jpg 1140w\" sizes=\"auto, (max-width: 1024px) 100vw, 1024px\" \/><\/figure>\n\n\n\n<figure class=\"wp-block-image size-large\"><img loading=\"lazy\" decoding=\"async\" width=\"1024\" height=\"461\" data-id=\"36586\" src=\"https:\/\/atecordoba.org\/wp-content\/uploads\/2023\/04\/20230420_134538-1024x461.jpg\" alt=\"\" class=\"wp-image-36586\" srcset=\"https:\/\/atecordoba.org\/wp-content\/uploads\/2023\/04\/20230420_134538-1024x461.jpg 1024w, https:\/\/atecordoba.org\/wp-content\/uploads\/2023\/04\/20230420_134538-300x135.jpg 300w, https:\/\/atecordoba.org\/wp-content\/uploads\/2023\/04\/20230420_134538-768x346.jpg 768w, https:\/\/atecordoba.org\/wp-content\/uploads\/2023\/04\/20230420_134538-1536x691.jpg 1536w, https:\/\/atecordoba.org\/wp-content\/uploads\/2023\/04\/20230420_134538-2048x922.jpg 2048w, https:\/\/atecordoba.org\/wp-content\/uploads\/2023\/04\/20230420_134538-750x338.jpg 750w, https:\/\/atecordoba.org\/wp-content\/uploads\/2023\/04\/20230420_134538-1140x513.jpg 1140w\" sizes=\"auto, (max-width: 1024px) 100vw, 1024px\" \/><\/figure>\n\n\n\n<figure class=\"wp-block-image size-large\"><img loading=\"lazy\" decoding=\"async\" width=\"1024\" height=\"461\" data-id=\"36588\" src=\"https:\/\/atecordoba.org\/wp-content\/uploads\/2023\/04\/20230420_134633-1024x461.jpg\" alt=\"\" class=\"wp-image-36588\" srcset=\"https:\/\/atecordoba.org\/wp-content\/uploads\/2023\/04\/20230420_134633-1024x461.jpg 1024w, https:\/\/atecordoba.org\/wp-content\/uploads\/2023\/04\/20230420_134633-300x135.jpg 300w, https:\/\/atecordoba.org\/wp-content\/uploads\/2023\/04\/20230420_134633-768x346.jpg 768w, https:\/\/atecordoba.org\/wp-content\/uploads\/2023\/04\/20230420_134633-1536x691.jpg 1536w, https:\/\/atecordoba.org\/wp-content\/uploads\/2023\/04\/20230420_134633-2048x922.jpg 2048w, https:\/\/atecordoba.org\/wp-content\/uploads\/2023\/04\/20230420_134633-750x338.jpg 750w, https:\/\/atecordoba.org\/wp-content\/uploads\/2023\/04\/20230420_134633-1140x513.jpg 1140w\" sizes=\"auto, (max-width: 1024px) 100vw, 1024px\" \/><\/figure>\n\n\n\n<figure class=\"wp-block-image size-large\"><img loading=\"lazy\" decoding=\"async\" width=\"1024\" height=\"461\" data-id=\"36595\" src=\"https:\/\/atecordoba.org\/wp-content\/uploads\/2023\/04\/20230420_134705-1024x461.jpg\" alt=\"\" class=\"wp-image-36595\" srcset=\"https:\/\/atecordoba.org\/wp-content\/uploads\/2023\/04\/20230420_134705-1024x461.jpg 1024w, https:\/\/atecordoba.org\/wp-content\/uploads\/2023\/04\/20230420_134705-300x135.jpg 300w, https:\/\/atecordoba.org\/wp-content\/uploads\/2023\/04\/20230420_134705-768x346.jpg 768w, https:\/\/atecordoba.org\/wp-content\/uploads\/2023\/04\/20230420_134705-1536x691.jpg 1536w, https:\/\/atecordoba.org\/wp-content\/uploads\/2023\/04\/20230420_134705-2048x922.jpg 2048w, https:\/\/atecordoba.org\/wp-content\/uploads\/2023\/04\/20230420_134705-750x338.jpg 750w, https:\/\/atecordoba.org\/wp-content\/uploads\/2023\/04\/20230420_134705-1140x513.jpg 1140w\" sizes=\"auto, (max-width: 1024px) 100vw, 1024px\" \/><\/figure>\n\n\n\n<figure class=\"wp-block-image size-large\"><img loading=\"lazy\" decoding=\"async\" width=\"1024\" height=\"461\" data-id=\"36598\" src=\"https:\/\/atecordoba.org\/wp-content\/uploads\/2023\/04\/20230420_134713-1024x461.jpg\" alt=\"\" class=\"wp-image-36598\" srcset=\"https:\/\/atecordoba.org\/wp-content\/uploads\/2023\/04\/20230420_134713-1024x461.jpg 1024w, https:\/\/atecordoba.org\/wp-content\/uploads\/2023\/04\/20230420_134713-300x135.jpg 300w, https:\/\/atecordoba.org\/wp-content\/uploads\/2023\/04\/20230420_134713-768x346.jpg 768w, https:\/\/atecordoba.org\/wp-content\/uploads\/2023\/04\/20230420_134713-1536x691.jpg 1536w, https:\/\/atecordoba.org\/wp-content\/uploads\/2023\/04\/20230420_134713-2048x922.jpg 2048w, https:\/\/atecordoba.org\/wp-content\/uploads\/2023\/04\/20230420_134713-750x338.jpg 750w, https:\/\/atecordoba.org\/wp-content\/uploads\/2023\/04\/20230420_134713-1140x513.jpg 1140w\" sizes=\"auto, (max-width: 1024px) 100vw, 1024px\" \/><\/figure>\n\n\n\n<figure class=\"wp-block-image size-large\"><img loading=\"lazy\" decoding=\"async\" width=\"1024\" height=\"461\" data-id=\"36593\" src=\"https:\/\/atecordoba.org\/wp-content\/uploads\/2023\/04\/20230420_134740-1024x461.jpg\" alt=\"\" class=\"wp-image-36593\" srcset=\"https:\/\/atecordoba.org\/wp-content\/uploads\/2023\/04\/20230420_134740-1024x461.jpg 1024w, https:\/\/atecordoba.org\/wp-content\/uploads\/2023\/04\/20230420_134740-300x135.jpg 300w, https:\/\/atecordoba.org\/wp-content\/uploads\/2023\/04\/20230420_134740-768x346.jpg 768w, https:\/\/atecordoba.org\/wp-content\/uploads\/2023\/04\/20230420_134740-1536x691.jpg 1536w, https:\/\/atecordoba.org\/wp-content\/uploads\/2023\/04\/20230420_134740-2048x922.jpg 2048w, https:\/\/atecordoba.org\/wp-content\/uploads\/2023\/04\/20230420_134740-750x338.jpg 750w, https:\/\/atecordoba.org\/wp-content\/uploads\/2023\/04\/20230420_134740-1140x513.jpg 1140w\" sizes=\"auto, (max-width: 1024px) 100vw, 1024px\" \/><\/figure>\n\n\n\n<figure class=\"wp-block-image size-large\"><img loading=\"lazy\" decoding=\"async\" width=\"1024\" height=\"461\" data-id=\"36591\" src=\"https:\/\/atecordoba.org\/wp-content\/uploads\/2023\/04\/20230420_134744-1024x461.jpg\" alt=\"\" class=\"wp-image-36591\" srcset=\"https:\/\/atecordoba.org\/wp-content\/uploads\/2023\/04\/20230420_134744-1024x461.jpg 1024w, https:\/\/atecordoba.org\/wp-content\/uploads\/2023\/04\/20230420_134744-300x135.jpg 300w, https:\/\/atecordoba.org\/wp-content\/uploads\/2023\/04\/20230420_134744-768x346.jpg 768w, https:\/\/atecordoba.org\/wp-content\/uploads\/2023\/04\/20230420_134744-1536x691.jpg 1536w, https:\/\/atecordoba.org\/wp-content\/uploads\/2023\/04\/20230420_134744-2048x922.jpg 2048w, https:\/\/atecordoba.org\/wp-content\/uploads\/2023\/04\/20230420_134744-750x338.jpg 750w, https:\/\/atecordoba.org\/wp-content\/uploads\/2023\/04\/20230420_134744-1140x513.jpg 1140w\" sizes=\"auto, (max-width: 1024px) 100vw, 1024px\" \/><\/figure>\n\n\n\n<figure class=\"wp-block-image size-large\"><img loading=\"lazy\" decoding=\"async\" width=\"1024\" height=\"461\" data-id=\"36596\" src=\"https:\/\/atecordoba.org\/wp-content\/uploads\/2023\/04\/20230420_134755-1024x461.jpg\" alt=\"\" class=\"wp-image-36596\" srcset=\"https:\/\/atecordoba.org\/wp-content\/uploads\/2023\/04\/20230420_134755-1024x461.jpg 1024w, https:\/\/atecordoba.org\/wp-content\/uploads\/2023\/04\/20230420_134755-300x135.jpg 300w, https:\/\/atecordoba.org\/wp-content\/uploads\/2023\/04\/20230420_134755-768x346.jpg 768w, https:\/\/atecordoba.org\/wp-content\/uploads\/2023\/04\/20230420_134755-1536x691.jpg 1536w, https:\/\/atecordoba.org\/wp-content\/uploads\/2023\/04\/20230420_134755-2048x922.jpg 2048w, https:\/\/atecordoba.org\/wp-content\/uploads\/2023\/04\/20230420_134755-750x338.jpg 750w, https:\/\/atecordoba.org\/wp-content\/uploads\/2023\/04\/20230420_134755-1140x513.jpg 1140w\" sizes=\"auto, (max-width: 1024px) 100vw, 1024px\" \/><\/figure>\n\n\n\n<figure class=\"wp-block-image size-large\"><img loading=\"lazy\" decoding=\"async\" width=\"1024\" height=\"461\" data-id=\"36594\" src=\"https:\/\/atecordoba.org\/wp-content\/uploads\/2023\/04\/20230420_134808-1024x461.jpg\" alt=\"\" class=\"wp-image-36594\" srcset=\"https:\/\/atecordoba.org\/wp-content\/uploads\/2023\/04\/20230420_134808-1024x461.jpg 1024w, https:\/\/atecordoba.org\/wp-content\/uploads\/2023\/04\/20230420_134808-300x135.jpg 300w, https:\/\/atecordoba.org\/wp-content\/uploads\/2023\/04\/20230420_134808-768x346.jpg 768w, https:\/\/atecordoba.org\/wp-content\/uploads\/2023\/04\/20230420_134808-1536x691.jpg 1536w, https:\/\/atecordoba.org\/wp-content\/uploads\/2023\/04\/20230420_134808-2048x922.jpg 2048w, https:\/\/atecordoba.org\/wp-content\/uploads\/2023\/04\/20230420_134808-750x338.jpg 750w, https:\/\/atecordoba.org\/wp-content\/uploads\/2023\/04\/20230420_134808-1140x513.jpg 1140w\" sizes=\"auto, (max-width: 1024px) 100vw, 1024px\" \/><\/figure>\n\n\n\n<figure class=\"wp-block-image size-large\"><img loading=\"lazy\" decoding=\"async\" width=\"461\" height=\"1024\" data-id=\"36590\" src=\"https:\/\/atecordoba.org\/wp-content\/uploads\/2023\/04\/20230420_135327-461x1024.jpg\" alt=\"\" class=\"wp-image-36590\" srcset=\"https:\/\/atecordoba.org\/wp-content\/uploads\/2023\/04\/20230420_135327-461x1024.jpg 461w, https:\/\/atecordoba.org\/wp-content\/uploads\/2023\/04\/20230420_135327-135x300.jpg 135w, https:\/\/atecordoba.org\/wp-content\/uploads\/2023\/04\/20230420_135327-768x1707.jpg 768w, https:\/\/atecordoba.org\/wp-content\/uploads\/2023\/04\/20230420_135327-691x1536.jpg 691w, https:\/\/atecordoba.org\/wp-content\/uploads\/2023\/04\/20230420_135327-922x2048.jpg 922w, https:\/\/atecordoba.org\/wp-content\/uploads\/2023\/04\/20230420_135327-750x1667.jpg 750w, https:\/\/atecordoba.org\/wp-content\/uploads\/2023\/04\/20230420_135327-1140x2533.jpg 1140w, https:\/\/atecordoba.org\/wp-content\/uploads\/2023\/04\/20230420_135327-scaled.jpg 1152w\" sizes=\"auto, (max-width: 461px) 100vw, 461px\" \/><\/figure>\n\n\n\n<figure class=\"wp-block-image size-large\"><img loading=\"lazy\" decoding=\"async\" width=\"1024\" height=\"461\" data-id=\"36587\" src=\"https:\/\/atecordoba.org\/wp-content\/uploads\/2023\/04\/20230420_140606-1024x461.jpg\" alt=\"\" class=\"wp-image-36587\" srcset=\"https:\/\/atecordoba.org\/wp-content\/uploads\/2023\/04\/20230420_140606-1024x461.jpg 1024w, https:\/\/atecordoba.org\/wp-content\/uploads\/2023\/04\/20230420_140606-300x135.jpg 300w, https:\/\/atecordoba.org\/wp-content\/uploads\/2023\/04\/20230420_140606-768x346.jpg 768w, https:\/\/atecordoba.org\/wp-content\/uploads\/2023\/04\/20230420_140606-1536x691.jpg 1536w, https:\/\/atecordoba.org\/wp-content\/uploads\/2023\/04\/20230420_140606-2048x922.jpg 2048w, https:\/\/atecordoba.org\/wp-content\/uploads\/2023\/04\/20230420_140606-750x338.jpg 750w, https:\/\/atecordoba.org\/wp-content\/uploads\/2023\/04\/20230420_140606-1140x513.jpg 1140w\" sizes=\"auto, (max-width: 1024px) 100vw, 1024px\" \/><\/figure>\n<\/figure>\n","protected":false},"excerpt":{"rendered":"<p>Una importante movilizaci\u00f3n acompa\u00f1\u00f3 hoy al secretario General de ATE C\u00f3rdoba, Federico Giuliani, a los tribunales provinciales donde el fiscal de 4\u00b0 nominaci\u00f3n Turno 1 Ernesto de Arag\u00f3n lo imput\u00f3 por integrar el grupo de dirigentes que encabez\u00f3 una marcha contra el hambre y en repudio al programa del FMI. Otros cinco dirigentes m\u00e1s, entre [&hellip;]<\/p>\n","protected":false},"author":7,"featured_media":36581,"comment_status":"open","ping_status":"open","sticky":false,"template":"","format":"standard","meta":{"_exactmetrics_skip_tracking":false,"_exactmetrics_sitenote_active":false,"_exactmetrics_sitenote_note":"","_exactmetrics_sitenote_category":0,"jnews-multi-image_gallery":[],"jnews_single_post":{"subtitle":"El secretario General de ATE C\u00f3rdoba debi\u00f3 presentarse ante una fiscal\u00eda, imputado por interrumpir el tr\u00e1nsito durante una marcha. \u201cEsta es una resoluci\u00f3n politizada y est\u00e1 dirigida a criminalizar la protesta social, a castigar a las organizaciones populares, donde se ataca la consecuencia ante la falta de respuesta de los reclamos por la grave crisis social que vivimos\", dijo Giuliani. ","format":"standard","video":"","gallery":"","source_name":"","source_url":"","via_name":"","via_url":"","override_template":"0","override":[{"template":"1","single_blog_custom":"","parallax":"1","fullscreen":"1","layout":"right-sidebar","sidebar":"default-sidebar","second_sidebar":"default-sidebar","sticky_sidebar":"1","share_position":"top","share_float_style":"share-monocrhome","show_share_counter":"1","show_view_counter":"1","show_featured":"1","show_post_meta":"1","show_post_author":"1","show_post_author_image":"1","show_post_date":"1","post_date_format":"default","post_date_format_custom":"Y\/m\/d","show_post_category":"1","show_post_reading_time":"0","post_reading_time_wpm":"300","show_zoom_button":"0","zoom_button_out_step":"2","zoom_button_in_step":"3","show_post_tag":"1","show_prev_next_post":"1","show_popup_post":"1","number_popup_post":"1","show_author_box":"0","show_post_related":"0","show_inline_post_related":"0"}],"override_image_size":"0","image_override":[{"single_post_thumbnail_size":"crop-500","single_post_gallery_size":"crop-500"}],"trending_post":"0","trending_post_position":"meta","trending_post_label":"Trending","sponsored_post":"0","sponsored_post_label":"Sponsored by","sponsored_post_name":"","sponsored_post_url":"","sponsored_post_logo_enable":"0","sponsored_post_logo":"","sponsored_post_desc":"","disable_ad":"0"},"jnews_primary_category":{"id":""},"jnews_social_meta":{"fb_title":"","fb_description":"","fb_image":"","twitter_title":"","twitter_description":"","twitter_image":""},"jnews_review":[],"enable_review":"0","type":"percentage","name":"","summary":"","brand":"","sku":"","good":[{"good_text":""}],"bad":[{"bad_text":""}],"score_override":"","override_value":"","rating":[{"rating_text":"","rating_number":"10"}],"price":[{"shop":"","price":"","link":"","icon":""}],"jnews_override_counter":{"override_view_counter":"0","view_counter_number":"0","override_share_counter":"0","share_counter_number":"0","override_like_counter":"0","like_counter_number":"0","override_dislike_counter":"0","dislike_counter_number":"0"},"jnews_post_split":{"enable_post_split":"0","post_split":[{"template":"1","tag":"h2","numbering":"asc","mode":"normal","first":"0","enable_toc":"0","toc_type":"normal"}]},"footnotes":""},"categories":[341],"tags":[],"class_list":["post-36580","post","type-post","status-publish","format-standard","has-post-thumbnail","hentry","category-cdp"],"jetpack_featured_media_url":"https:\/\/atecordoba.org\/wp-content\/uploads\/2023\/04\/20230420_135015-scaled-e1682027978910.jpg","_links":{"self":[{"href":"https:\/\/atecordoba.org\/index.php?rest_route=\/wp\/v2\/posts\/36580","targetHints":{"allow":["GET"]}}],"collection":[{"href":"https:\/\/atecordoba.org\/index.php?rest_route=\/wp\/v2\/posts"}],"about":[{"href":"https:\/\/atecordoba.org\/index.php?rest_route=\/wp\/v2\/types\/post"}],"author":[{"embeddable":true,"href":"https:\/\/atecordoba.org\/index.php?rest_route=\/wp\/v2\/users\/7"}],"replies":[{"embeddable":true,"href":"https:\/\/atecordoba.org\/index.php?rest_route=%2Fwp%2Fv2%2Fcomments&post=36580"}],"version-history":[{"count":2,"href":"https:\/\/atecordoba.org\/index.php?rest_route=\/wp\/v2\/posts\/36580\/revisions"}],"predecessor-version":[{"id":36602,"href":"https:\/\/atecordoba.org\/index.php?rest_route=\/wp\/v2\/posts\/36580\/revisions\/36602"}],"wp:featuredmedia":[{"embeddable":true,"href":"https:\/\/atecordoba.org\/index.php?rest_route=\/wp\/v2\/media\/36581"}],"wp:attachment":[{"href":"https:\/\/atecordoba.org\/index.php?rest_route=%2Fwp%2Fv2%2Fmedia&parent=36580"}],"wp:term":[{"taxonomy":"category","embeddable":true,"href":"https:\/\/atecordoba.org\/index.php?rest_route=%2Fwp%2Fv2%2Fcategories&post=36580"},{"taxonomy":"post_tag","embeddable":true,"href":"https:\/\/atecordoba.org\/index.php?rest_route=%2Fwp%2Fv2%2Ftags&post=36580"}],"curies":[{"name":"wp","href":"https:\/\/api.w.org\/{rel}","templated":true}]}}