{"id":36575,"date":"2023-04-19T14:38:42","date_gmt":"2023-04-19T17:38:42","guid":{"rendered":"https:\/\/atecordoba.org\/?p=36575"},"modified":"2023-04-19T14:40:15","modified_gmt":"2023-04-19T17:40:15","slug":"docente-sancionada-ate-cordoba-y-la-ctaa-repudian-el-acoso-del-gobierno-a-las-y-los-trabajadores-comprometidos-con-la-lucha-gremial","status":"publish","type":"post","link":"https:\/\/atecordoba.org\/?p=36575","title":{"rendered":"Docente sancionada: ATE C\u00f3rdoba y la CTAA repudian el acoso del gobierno a las y los trabajadores comprometidos con la lucha gremial"},"content":{"rendered":"\n<div class=\"wp-block-image\"><figure class=\"alignleft size-large is-resized\"><img loading=\"lazy\" decoding=\"async\" src=\"https:\/\/atecordoba.org\/wp-content\/uploads\/2023\/04\/WhatsApp-Image-2023-04-19-at-14.18.10-702x1024.jpeg\" alt=\"\" class=\"wp-image-36576\" width=\"527\" height=\"768\" \/><\/figure><\/div>\n\n\n\n<p>En el marco de la lucha docente por salarios dignos y mejoras en las condiciones laborales, en el Colegio Superior Pte. Roque S\u00e1enz Pe\u00f1a de Cosqu\u00edn, la Directora Mar\u00eda Cecilia Ayarzabal y el inspector de Educaci\u00f3n Superior Ariel Zecchini iniciaron una medida sancionatoria y \u201cejemplificadora\u201d contra la Profesora Sabrina Rosa, quien ejerce el cargo de preceptora de la instituci\u00f3n. La compa\u00f1era Sabrina se desempe\u00f1a como delegada escolar suplente de esa instituci\u00f3n, y adem\u00e1s ocupa un cargo Titular de Delegada Departamental por el Depto. Punilla de UEPC.<\/p>\n\n\n\n<p>Desde ATE C\u00f3rdoba y la CTAA C\u00f3rdoba repudiamos este accionar persecutorio y arbitrario contra la docente, que se inscribe en un clima de coyuntura provincial donde llueven imputaciones desde las fiscal\u00edas contra dirigentes gremiales y activistas que protagonizan los planes de lucha contra el ajuste y la falta de respuestas de los gobiernos en los tres niveles del Estado. El gobierno provincial que conduce Juan Schiaretti est\u00e1 aplicando estas pol\u00edticas represivas y la sanci\u00f3n a la docente, y delegada de la UEPC, es una muestra de ello.<\/p>\n\n\n\n<p><strong>El caso<\/strong><\/p>\n\n\n\n<p>Al iniciar el ciclo lectivo docentes, familias y estudiantes comenzaron a visibilizar los graves problemas edilicios al resto de la comunidad. La Directora y su equipo directivo iniciaron una persecuci\u00f3n a los docentes con el objetivo de desalentar el reclamo conjunto.<\/p>\n\n\n\n<p>Sin previo di\u00e1logo, procedieron a notificar a la docente a trav\u00e9s de su correo privado, de una sanci\u00f3n con tres d\u00edas de suspensi\u00f3n e iniciaron el proceso de desafuero. Esta medida no solo es una clara muestra de la hostil persecuci\u00f3n hacia la compa\u00f1era, sino tambi\u00e9n un ataque ilegal a una representante sindical elegida por el voto de los docentes.<\/p>\n\n\n\n<p>Si se le da curso a esta medida, sentar\u00eda un precedente muy peligroso para la actividad gremial docente, y para cualquier docente que quiera organizarse y defender las condiciones de trabajo. Hoy es la Compa\u00f1era Sabrina, ma\u00f1ana ser\u00e1n otros, si avanza el Gobierno de C\u00f3rdoba en este intento autoritario de detener la profundizaci\u00f3n del conflicto en nuestra provincia.<\/p>\n\n\n\n<p><strong>Llamamiento<\/strong><\/p>\n\n\n\n<p>Los abajo firmantes, integrantes de la comunidad educativa, docentes, agrupaciones docentes y de otras actividades gremiales; delegados y delegadas, ponemos en conocimiento a la poblaci\u00f3n de Punilla y del resto de provincia la situaci\u00f3n de persecuci\u00f3n por condiciones dignas para nuestros y nuestras estudiantes y docentes.<\/p>\n\n\n\n<p>Llamamos a la defensa de la compa\u00f1era Sabrina&nbsp; y exigimos a la conducci\u00f3n de UEPC que rechace esta persecuci\u00f3n a sus delegadxs por luchar y peticionar.<\/p>\n\n\n\n<p>Hacemos extensivo nuestro pronunciamiento en favor de la escuela p\u00fablica y de quienes luchan por mejorar nuestras condiciones de trabajo, y tambi\u00e9n al reclamo de la docencia que lucha junto a las familias trabajadoras.<\/p>\n\n\n\n<p>Para sumar la adhesi\u00f3n al pronunciamiento ingresar <a href=\"https:\/\/forms.gle\/mRxxfyaxfYeKUcFd6\">aqu\u00ed<\/a>.<\/p>\n\n\n\n<p><\/p>\n\n\n\n<p><\/p>\n","protected":false},"excerpt":{"rendered":"<p>En el marco de la lucha docente por salarios dignos y mejoras en las condiciones laborales, en el Colegio Superior Pte. Roque S\u00e1enz Pe\u00f1a de Cosqu\u00edn, la Directora Mar\u00eda Cecilia Ayarzabal y el inspector de Educaci\u00f3n Superior Ariel Zecchini iniciaron una medida sancionatoria y \u201cejemplificadora\u201d contra la Profesora Sabrina Rosa, quien ejerce el cargo de [&hellip;]<\/p>\n","protected":false},"author":7,"featured_media":36576,"comment_status":"open","ping_status":"open","sticky":false,"template":"","format":"standard","meta":{"_exactmetrics_skip_tracking":false,"_exactmetrics_sitenote_active":false,"_exactmetrics_sitenote_note":"","_exactmetrics_sitenote_category":0,"jnews-multi-image_gallery":[],"jnews_single_post":{"subtitle":"ATE C\u00f3rdoba y la CTAA C\u00f3rdoba rechazaron este accionar persecutorio y arbitrario contra la compa\u00f1era, que se inscribe en un clima de coyuntura provincial donde llueven imputaciones desde las fiscal\u00edas contra dirigentes gremiales y activistas que protagonizan los planes de lucha contra el ajuste y la falta de respuestas de los gobiernos en los tres niveles del Estado.","format":"standard","video":"","gallery":"","source_name":"","source_url":"","via_name":"","via_url":"","override_template":"0","override":[{"template":"1","single_blog_custom":"","parallax":"1","fullscreen":"1","layout":"right-sidebar","sidebar":"default-sidebar","second_sidebar":"default-sidebar","sticky_sidebar":"1","share_position":"top","share_float_style":"share-monocrhome","show_share_counter":"1","show_view_counter":"1","show_featured":"1","show_post_meta":"1","show_post_author":"1","show_post_author_image":"1","show_post_date":"1","post_date_format":"default","post_date_format_custom":"Y\/m\/d","show_post_category":"1","show_post_reading_time":"0","post_reading_time_wpm":"300","show_zoom_button":"0","zoom_button_out_step":"2","zoom_button_in_step":"3","show_post_tag":"1","show_prev_next_post":"1","show_popup_post":"1","number_popup_post":"1","show_author_box":"0","show_post_related":"0","show_inline_post_related":"0"}],"override_image_size":"0","image_override":[{"single_post_thumbnail_size":"crop-500","single_post_gallery_size":"crop-500"}],"trending_post":"0","trending_post_position":"meta","trending_post_label":"Trending","sponsored_post":"0","sponsored_post_label":"Sponsored by","sponsored_post_name":"","sponsored_post_url":"","sponsored_post_logo_enable":"0","sponsored_post_logo":"","sponsored_post_desc":"","disable_ad":"0"},"jnews_primary_category":{"id":""},"jnews_social_meta":{"fb_title":"","fb_description":"","fb_image":"","twitter_title":"","twitter_description":"","twitter_image":""},"jnews_review":[],"enable_review":"0","type":"percentage","name":"","summary":"","brand":"","sku":"","good":[{"good_text":""}],"bad":[{"bad_text":""}],"score_override":"","override_value":"","rating":[{"rating_text":"","rating_number":"10"}],"price":[{"shop":"","price":"","link":"","icon":""}],"jnews_override_counter":{"override_view_counter":"0","view_counter_number":"0","override_share_counter":"0","share_counter_number":"0","override_like_counter":"0","like_counter_number":"0","override_dislike_counter":"0","dislike_counter_number":"0"},"jnews_post_split":{"enable_post_split":"0","post_split":[{"template":"1","tag":"h2","numbering":"asc","mode":"normal","first":"0","enable_toc":"0","toc_type":"normal"}]},"footnotes":""},"categories":[10],"tags":[],"class_list":["post-36575","post","type-post","status-publish","format-standard","has-post-thumbnail","hentry","category-accion-politica"],"jetpack_featured_media_url":"https:\/\/atecordoba.org\/wp-content\/uploads\/2023\/04\/WhatsApp-Image-2023-04-19-at-14.18.10-e1681925917163.jpeg","_links":{"self":[{"href":"https:\/\/atecordoba.org\/index.php?rest_route=\/wp\/v2\/posts\/36575","targetHints":{"allow":["GET"]}}],"collection":[{"href":"https:\/\/atecordoba.org\/index.php?rest_route=\/wp\/v2\/posts"}],"about":[{"href":"https:\/\/atecordoba.org\/index.php?rest_route=\/wp\/v2\/types\/post"}],"author":[{"embeddable":true,"href":"https:\/\/atecordoba.org\/index.php?rest_route=\/wp\/v2\/users\/7"}],"replies":[{"embeddable":true,"href":"https:\/\/atecordoba.org\/index.php?rest_route=%2Fwp%2Fv2%2Fcomments&post=36575"}],"version-history":[{"count":2,"href":"https:\/\/atecordoba.org\/index.php?rest_route=\/wp\/v2\/posts\/36575\/revisions"}],"predecessor-version":[{"id":36578,"href":"https:\/\/atecordoba.org\/index.php?rest_route=\/wp\/v2\/posts\/36575\/revisions\/36578"}],"wp:featuredmedia":[{"embeddable":true,"href":"https:\/\/atecordoba.org\/index.php?rest_route=\/wp\/v2\/media\/36576"}],"wp:attachment":[{"href":"https:\/\/atecordoba.org\/index.php?rest_route=%2Fwp%2Fv2%2Fmedia&parent=36575"}],"wp:term":[{"taxonomy":"category","embeddable":true,"href":"https:\/\/atecordoba.org\/index.php?rest_route=%2Fwp%2Fv2%2Fcategories&post=36575"},{"taxonomy":"post_tag","embeddable":true,"href":"https:\/\/atecordoba.org\/index.php?rest_route=%2Fwp%2Fv2%2Ftags&post=36575"}],"curies":[{"name":"wp","href":"https:\/\/api.w.org\/{rel}","templated":true}]}}