{"id":36557,"date":"2023-04-14T15:55:33","date_gmt":"2023-04-14T18:55:33","guid":{"rendered":"https:\/\/atecordoba.org\/?p=36557"},"modified":"2023-04-17T10:05:12","modified_gmt":"2023-04-17T13:05:12","slug":"ate-rechaza-y-repudia-la-imputacion-a-nuestro-secretario-general-federico-giuliani","status":"publish","type":"post","link":"https:\/\/atecordoba.org\/?p=36557","title":{"rendered":"ATE rechaza y repudia la imputaci\u00f3n a nuestro secretario General Federico Giuliani"},"content":{"rendered":"\n<div class=\"wp-block-image\"><figure class=\"aligncenter size-full\"><img decoding=\"async\" src=\"https:\/\/atecordoba.org\/wp-content\/uploads\/2023\/04\/fede.png\" alt=\"\" class=\"wp-image-36558\" \/><\/figure><\/div>\n\n\n\n<p>El Consejo Directivo Nacional de ATE rechaza y repudia la imputaci\u00f3n realizada por el fiscal Ernesto Arag\u00f3n al compa\u00f1ero y Secretario General de ATE y CTA Aut\u00f3noma C\u00f3rdoba, Federico Giuliani, por participar en la masiva marcha contra el Hambre, organizada por la Unidad Piquetera el pasado 5 de abril en C\u00f3rdoba Capital.<\/p>\n\n\n\n<p>Sobre la base del fallo del Juez de Control N\u00ba 10 de C\u00f3rdoba, Juan Manuel Fern\u00e1ndez L\u00f3pez, a favor de restringir el derecho a la protesta y haciendo lugar a un h\u00e1beas corpus interpuesto por el Centro Vecinal del Barrio Centro, se le imputa el delito de \u201cobstrucci\u00f3n de tr\u00e1nsito para los medios de transporte\u201d, con una potencial condena de entre seis meses y dos a\u00f1os de prisi\u00f3n en suspenso. La acusaci\u00f3n no solo recae sobre nuestro compa\u00f1ero Federico Giuliani, sino tambi\u00e9n sobre otros cinco (5) referentes sociales m\u00e1s de la provincia.<\/p>\n\n\n\n<p>Es inaceptable que ante la crisis social y econ\u00f3mica imperante, donde la lucha necesariamente se profundiza, las pr\u00e1cticas persecutorias y criminalizadoras de la protesta social se refuercen. Una decisi\u00f3n de estas caracter\u00edsticas, pretende constituirse en un mecanismo disciplinador y de amedrentamiento para quienes luchan frente a tantas injusticias.<\/p>\n\n\n\n<p>Seguiremos denunciando e interviniendo cada vez que los reclamos genuinos y leg\u00edtimos de la clase trabajadora se resuelvan criminalizando y judicializando la protesta. Ni luchar ni protestar es delito. Desde nuestra organizaci\u00f3n no claudicaremos en este reclamo, menos a\u00fan cuando tocan a un compa\u00f1ero, y seguiremos exigiendo el cese de la persecuci\u00f3n pol\u00edtica. Rechazamos la imputaci\u00f3n y nos convocamos a redoblar fuerzas para poner freno al destino que quieren imponer a dirigentxs y luchadorxs populares.<\/p>\n\n\n\n<p>Toda nuestra mayor solidaridad. Lejos de amedrentarnos, seguimos en lucha.<\/p>\n\n\n\n<p><strong>Hugo \u00abCachorro\u00bb Godoy \u2013 Secretario General<br>Rodolfo Aguiar \u2013 Secretario General Adjunto<br>Mar\u00eda Jos\u00e9 Cano \u2013 Departamento de Derechos de los Pueblos<\/strong><\/p>\n\n\n\n<p>Adhesiones al repudio: <\/p>\n\n\n\n<ul class=\"wp-block-list\"><li>ATE Nacional<\/li><li>CTAA Nacional <\/li><li>ATE C\u00f3rdoba<\/li><li>CTAA C\u00f3rdoba <\/li><li>Jaschele Burojovich Vice Decana de la Facultad de Ciencias Sociales. <\/li><li>UNCOLP-Eesistur y Luchar<\/li><li>Resumen Latinoamericano<\/li><li>Carlos Aznares<\/li><li>ATE indec<\/li><li>Cispren<\/li><li>Ammar<\/li><li>Cooperativa Gen &#8211; Radio Gen FM 107.5<\/li><li>Auxiliares de Paicor<\/li><li>Letizia Raggiotti. Docente UNC<\/li><li>Siteba CTAA<\/li><li>C\u00f3ki Duarte. ATE y CTAA Misiones.<\/li><li>CDP ATE Chaco y CTAA Chaco<\/li><li>Asociaci\u00f3n civil juanito Laguna<\/li><li>UTEM (Uni\u00f3n de Trabajadores de los Estados Municipales)<\/li><li>Izquierda Socialista FITU <\/li><li>Agrupaci\u00f3n Kory M\u00e9ndez ATE.SRT<\/li><li>Nahuel Levaggi. UTT<\/li><li>Diego Diaz trabajador municipal de Villa Carlos Paz. Delegado SIPOS<\/li><li>Codeca. Movimiento Campesino. Guatemala<\/li><li>Mesa Nacional ATE SAF<\/li><li>ATE Rosario<\/li><li>Izquierda Socialista FIT<\/li><li>Partido de la liberaci\u00f3n.<\/li><li>ABC agrupaciones de base clasista<\/li><li>Comisi\u00f3n de Homenaje a lxs Desaparecidxs y M\u00e1rtires Populares<\/li><li>Nora Gal\u00e1n. Presidenta del Colegio de Psic\u00f3logos de la Provincia de C\u00f3rdoba<\/li><li>Patricia Chalup, abogada de DDHH.<\/li><li>Personal civil y IOSFA. ATE<\/li><li>Laura Vilches, legisladora y concejala (MC), PTS en el FITU<\/li><li>Olga Reinoso. ATE Santa Cruz. Adjunta CTAA<\/li><li>Asamblea Permanente por los Derechos Humanos &#8211; Regional R\u00edo Cuarto<\/li><li>Foro Sindical por los Derechos Humanos &#8211; R\u00edo Cuarto<\/li><li>Cuerpo de delegadxs ATE Conicet C\u00f3rdoba<\/li><li>Lorena Capogrosi investigadora adjunta Conicet<\/li><li>ATE y CTAA R\u00edo Negro<\/li><li>Partido Nuevo mas<\/li><li>Corriente sindical 18 de diciembre<\/li><li>Agrupaci\u00f3n docente Carlos Fuentealba<\/li><li>Agrupaci\u00f3n estudiantil ya basta Julia di Santi y Eduardo mulhall <\/li><li>Oscar Ver\u00f3n ATE VIAS NAVEGABLES y como miembro Secretaria De Relaciones Institucionales de la CTA Aut\u00f3noma CABA.<\/li><li>Agrupaci\u00f3n &#8221; Por la Memoria&#8221; de la ciudad de Almafuerte<\/li><li>Asamblea Socioambiental San Roque Despierta<\/li><li>Asambleas de Punilla<\/li><li>Cooperativa Llamcay <\/li><li>Radio Panamericana<\/li><li>CTA A Punilla<\/li><li>Asociaci\u00f3n Vecinal La Agustina<\/li><li>FESPROSAATE R\u00edo Cuarto<\/li><li>CTAA R\u00edo Cuarto<\/li><li>ATE Adelia Mar\u00eda <\/li><li>Corriente Obrera Revolucionaria Cordoba<\/li><li>Multimedio Mordisquito<\/li><li>Cooperativas de Trabajo Federadas del Sur de C\u00f3rdoba<\/li><li>Sindicato de Personal de Industrias Qu\u00edmicas y Petroqu\u00edmicas<\/li><li>*Juan Carlos Giordano* (diputado nacional electo por provincia de Buenos Aires Izquierda Socialista\/FIT Unidad \u2013 Unidad Internacional de Trabajadoras y Trabajadores \u2013 Cuarta Internacional, UIT-CI) <\/li><li>*M\u00f3nica Schlottahuer* (diputada nacional electa por provincia de Buenos Aires, Izquierda Socialista\/FIT Unidad \u2013 UIT-CI y delegada del ferrocarril Sarmiento) <\/li><li>*Mercedes De Mendieta* (legisladora de CABA por Izquierda Socialista\/FIT Unidad \u2013 UIT-CI)<\/li><li>*Graciela Calder\u00f3n* (diputada provincial de Buenos Aires por Izquierda Socialista\/FIT Unidad &#8211; UIT-CI y secretaria general adjunta de SUTEBA La Matanza)<\/li><li>*Mercedes Trimarchi* (legisladora electa de CABA por Izquierda Socialista\/FIT Unidad &#8211; UIT-CI) <\/li><li>*Blanca L\u00f3pez* (diputada provincial de Neuqu\u00e9n por Izquierda Socialista\/ FIT Unidad \u2013 UIT-CI)<\/li><li>*Pablo Almeida* (legislador electo de CABA por Izquierda Socialista\/FIT Unidad \u2013 UIT-CI y delegado general ATE Ministerio Econom\u00eda Naci\u00f3n) <\/li><li>*Olga Ortigoza* (concejala electa en La Matanza, Bs. As. por Izquierda Socialista\/FIT Unidad \u2013 UIT-CI y secretaria de prensa y difusi\u00f3n de SUTEBA La Matanza)<\/li><li>*Romina Ruocco* (concejala electa en Merlo por Izquierda Socialista\/FIT Unidad \u2013 UIT-CI) <\/li><li>*Laura Marrone* (legisladora \u2013mc- de CABA por Izquierda Socialista\/FIT Unidad \u2013 UIT-CI) <\/li><li>*Jos\u00e9 Castillo* (dirigente Izquierda Socialista\/FIT Unidad \u2013 UIT-CI y economista del EDI) <\/li><li>*Anisa Favoretti* (diputada provincial \u2013mc- de Santiago del Estero, Izquierda Socialista\/FIT Unidad \u2013 UIT-CI) <\/li><li>*Rub\u00e9n \u201cPollo\u201d Sobrero* (secretario general Seccional Gran Buenos Aires Oeste &#8211; Uni\u00f3n Ferroviaria, dirigente del cuerpo de delegados del ferrocarril Sarmiento y de Izquierda Socialista\/FIT Unidad \u2013 UIT-CI) <\/li><li>*Ang\u00e9lica Lagunas* (secretaria general de ATEN Capital -sindicato docente- y legisladora \u2013mc- de Neuqu\u00e9n por Izquierda Socialista\/FIT Unidad \u2013 UIT-CI)<\/li><li> *Mariana Scayola* (secretaria general de Ademys, sindicato docente de CABA. Izquierda Socialista\/FIT Unidad \u2013 UIT-CI)<\/li><li>*Jorge Adaro* (secretario adjunto de Ademys, sindicato docente de CABA, dirigente de Izquierda Socialista\/FIT Unidad \u2013 UIT-CI) <\/li><li>*Edgardo Reynoso* (Cuerpo de delegados y comisi\u00f3n de reclamos del ferrocarril Sarmiento y dirigente de Izquierda Socialista\/FIT Unidad \u2013 UIT-CI) <\/li><li>*M\u00f3nica M\u00e9ndez* (secretaria de organizaci\u00f3n de la CICOP, sindicato de profesionales de la salud de Bs. As. Izquierda Socialista\/FIT Unidad \u2013 UIT-CI) <\/li><li>*Adriana Astolfo* (directiva de Adosac Pico Truncado, sindicato docente. Izquierda Socialista\/FIT Unidad \u2013 UIT-CI) <\/li><li>*Daniela Vergara* (secretaria de derechos humanos de Amsafe Rosario. Izquierda Socialista\/FIT Unidad \u2013 UIT-CI) <\/li><li>*Silvia Fern\u00e1ndez* (secretaria gremial de SUTEBA Tigre. Izquierda Socialista\/FIT Unidad \u2013 UIT-CI) <\/li><li>*Cristian Luna*, secretario general de SITE, sindicato de enfermeros de Tucum\u00e1n<\/li><li>*Iv\u00e1n Blacutt*, congresal de Adiubju, docentes universitarios, Jujuy<\/li><li>*Paula Alfaro* (congresal de SUTEBA Lomas de Zamora. Izquierda Socialista\/FIT Unidad \u2013 UIT-CI) <\/li><li>*Isabel Guzm\u00e1n* (tribunal disciplina de CTERA y congresal de SUTEBA General Sarmiento. Izquierda Socialista\/FIT Unidad \u2013 UIT-CI) <\/li><li>*Fito Columbich*(Presidente del Centro de Estudiantes Olga Cossettini, Rosario, Santa Fe. Izquierda Socialista\/FIT Unidad \u2013 UIT-CI) <\/li><li>*Poli Frontini* (Consejera Directiva estudiantil) <\/li><li>*Pilar Barbas* dirigente de la Juventud de Izquierda Socialista<\/li><li>MADJ. Movimiento Amplio por la Dignidad y la Justicia.ATE educaci\u00f3n<\/li><li>Programa Radial Lo que Somos CTA R\u00edo Cuarto<\/li><li>ATE Traslasierra<\/li><li>Nora Cendra. Ex delegada ATE Santa Mar\u00eda de Punilla<\/li><li>ATE seccional Yerba Buena y CTA seccional oeste. Tucum\u00e1n.<\/li><li>Frente Germ\u00e1n Abdala ATE Capital<\/li><li>Delegados y afiliadxs ATE SENAF <\/li><li>MPA C\u00f3rdoba<\/li><\/ul>\n","protected":false},"excerpt":{"rendered":"<p>El Consejo Directivo Nacional de ATE rechaza y repudia la imputaci\u00f3n realizada por el fiscal Ernesto Arag\u00f3n al compa\u00f1ero y Secretario General de ATE y CTA Aut\u00f3noma C\u00f3rdoba, Federico Giuliani, por participar en la masiva marcha contra el Hambre, organizada por la Unidad Piquetera el pasado 5 de abril en C\u00f3rdoba Capital. Sobre la base [&hellip;]<\/p>\n","protected":false},"author":7,"featured_media":36558,"comment_status":"open","ping_status":"open","sticky":false,"template":"","format":"standard","meta":{"_exactmetrics_skip_tracking":false,"_exactmetrics_sitenote_active":false,"_exactmetrics_sitenote_note":"","_exactmetrics_sitenote_category":0,"jnews-multi-image_gallery":[],"jnews_single_post":{"subtitle":"Un comunicado de la conducci\u00f3n nacional de ATE fustig\u00f3 la criminalizaci\u00f3n de la protesta social en C\u00f3rdoba bajo el gobierno de Juan Schairetti.","format":"standard","video":"","gallery":"","source_name":"","source_url":"","via_name":"","via_url":"","override_template":"0","override":[{"template":"1","single_blog_custom":"","parallax":"1","fullscreen":"1","layout":"right-sidebar","sidebar":"default-sidebar","second_sidebar":"default-sidebar","sticky_sidebar":"1","share_position":"top","share_float_style":"share-monocrhome","show_share_counter":"1","show_view_counter":"1","show_featured":"1","show_post_meta":"1","show_post_author":"1","show_post_author_image":"1","show_post_date":"1","post_date_format":"default","post_date_format_custom":"Y\/m\/d","show_post_category":"1","show_post_reading_time":"0","post_reading_time_wpm":"300","show_zoom_button":"0","zoom_button_out_step":"2","zoom_button_in_step":"3","show_post_tag":"1","show_prev_next_post":"1","show_popup_post":"1","number_popup_post":"1","show_author_box":"0","show_post_related":"0","show_inline_post_related":"0"}],"override_image_size":"0","image_override":[{"single_post_thumbnail_size":"crop-500","single_post_gallery_size":"crop-500"}],"trending_post":"0","trending_post_position":"meta","trending_post_label":"Trending","sponsored_post":"0","sponsored_post_label":"Sponsored by","sponsored_post_name":"","sponsored_post_url":"","sponsored_post_logo_enable":"0","sponsored_post_logo":"","sponsored_post_desc":"","disable_ad":"0"},"jnews_primary_category":{"id":""},"jnews_social_meta":{"fb_title":"","fb_description":"","fb_image":"","twitter_title":"","twitter_description":"","twitter_image":""},"jnews_review":[],"enable_review":"0","type":"percentage","name":"","summary":"","brand":"","sku":"","good":[{"good_text":""}],"bad":[{"bad_text":""}],"score_override":"","override_value":"","rating":[{"rating_text":"","rating_number":"10"}],"price":[{"shop":"","price":"","link":"","icon":""}],"jnews_override_counter":{"override_view_counter":"0","view_counter_number":"0","override_share_counter":"0","share_counter_number":"0","override_like_counter":"0","like_counter_number":"0","override_dislike_counter":"0","dislike_counter_number":"0"},"jnews_post_split":{"enable_post_split":"0","post_split":[{"template":"1","tag":"h2","numbering":"asc","mode":"normal","first":"0","enable_toc":"0","toc_type":"normal"}]},"footnotes":""},"categories":[756],"tags":[],"class_list":["post-36557","post","type-post","status-publish","format-standard","has-post-thumbnail","hentry","category-consejo-directivo-nacional-cdn"],"jetpack_featured_media_url":"https:\/\/atecordoba.org\/wp-content\/uploads\/2023\/04\/fede-e1681498527825.png","_links":{"self":[{"href":"https:\/\/atecordoba.org\/index.php?rest_route=\/wp\/v2\/posts\/36557","targetHints":{"allow":["GET"]}}],"collection":[{"href":"https:\/\/atecordoba.org\/index.php?rest_route=\/wp\/v2\/posts"}],"about":[{"href":"https:\/\/atecordoba.org\/index.php?rest_route=\/wp\/v2\/types\/post"}],"author":[{"embeddable":true,"href":"https:\/\/atecordoba.org\/index.php?rest_route=\/wp\/v2\/users\/7"}],"replies":[{"embeddable":true,"href":"https:\/\/atecordoba.org\/index.php?rest_route=%2Fwp%2Fv2%2Fcomments&post=36557"}],"version-history":[{"count":4,"href":"https:\/\/atecordoba.org\/index.php?rest_route=\/wp\/v2\/posts\/36557\/revisions"}],"predecessor-version":[{"id":36564,"href":"https:\/\/atecordoba.org\/index.php?rest_route=\/wp\/v2\/posts\/36557\/revisions\/36564"}],"wp:featuredmedia":[{"embeddable":true,"href":"https:\/\/atecordoba.org\/index.php?rest_route=\/wp\/v2\/media\/36558"}],"wp:attachment":[{"href":"https:\/\/atecordoba.org\/index.php?rest_route=%2Fwp%2Fv2%2Fmedia&parent=36557"}],"wp:term":[{"taxonomy":"category","embeddable":true,"href":"https:\/\/atecordoba.org\/index.php?rest_route=%2Fwp%2Fv2%2Fcategories&post=36557"},{"taxonomy":"post_tag","embeddable":true,"href":"https:\/\/atecordoba.org\/index.php?rest_route=%2Fwp%2Fv2%2Ftags&post=36557"}],"curies":[{"name":"wp","href":"https:\/\/api.w.org\/{rel}","templated":true}]}}