{"id":3653,"date":"2013-11-22T19:14:11","date_gmt":"2013-11-22T22:14:11","guid":{"rendered":"http:\/\/www.atecordoba.org\/?p=3653"},"modified":"2013-11-22T19:14:11","modified_gmt":"2013-11-22T22:14:11","slug":"nuevo-taller-de-formacion-para-delegados","status":"publish","type":"post","link":"https:\/\/atecordoba.org\/?p=3653","title":{"rendered":"Nuevo taller de formaci\u00f3n para delegados"},"content":{"rendered":"<p><em>La Secretaria de Formaci\u00f3n realizo el jueves 21 de Noviembre un nuevo curso-taller bajo el eje tem\u00e1tico de dicho encuentro fue la Negociaci\u00f3n y Convenios Colectivos y se llev\u00f3 a cabo en el C\u00edrculo Sindical de la Prensa de Cordoba (CISPREN-CTA)<\/em><\/p>\n<p style=\"text-align: center;\"><a href=\"http:\/\/www.atecordoba.org\/wp-content\/uploads\/2013\/11\/21.png\"><img loading=\"lazy\" decoding=\"async\" class=\" wp-image-3654 aligncenter\" alt=\"2\" src=\"http:\/\/www.atecordoba.org\/wp-content\/uploads\/2013\/11\/21.png\" width=\"480\" height=\"360\" \/><\/a><\/p>\n<p>En la oportunidad, se cont\u00f3 con la presencia secretario de Formaci\u00f3n de ATE Neuqu\u00e9n, compa\u00f1ero Aldo Villavicencio, secretario Gremial Diego Guerra, Secretaria de Actas Estela Corzo, vocales del CDP , integrantes de la Seccional de ATE Villa Mar\u00eda, \u00a0y delegados de INTI, SENASA, PAMI, Subsecretaria de Agricultura Familiar, IOSFA, Centro de Referencia del Ministerio de Desarrollo Social de la Naci\u00f3n, Hospital C\u00f3rdoba, Hospital Misericordia, Fabricaciones Militares de Villa Mar\u00eda, Secretaria Ni\u00f1ez Adolescencia y Familia.<a href=\"http:\/\/www.atecordoba.org\/wp-content\/uploads\/2013\/11\/12.png\"><img loading=\"lazy\" decoding=\"async\" class=\"alignright  wp-image-3656\" alt=\"1\" src=\"http:\/\/www.atecordoba.org\/wp-content\/uploads\/2013\/11\/12.png\" width=\"336\" height=\"252\" \/><\/a><\/p>\n<p>Nuestra asesora letrada, Mar\u00eda Terragno, particip\u00f3 dando los lineamientos fundamentales sobre la importancia de los \u00a0convenios colectivos de trabajo. Estos acuerdos de partes entre los trabajadores por un lado y los patrones por otro constituyen una herramienta fundamental para fijar salarios y condiciones dignas de trabajo como parte de una pol\u00edtica sindical que tiende a una justa redistribuci\u00f3n social de la riqueza. Se realizo tambi\u00e9n un recorrido hist\u00f3rico de la problem\u00e1tica y se discuti\u00f3 sobre la modificaci\u00f3n de C\u00f3digo Civil y las implicancias para la clase trabajadora.<\/p>\n<p><i>\u00a0\u201cLas situaciones cotidianas demandan respuesta, nuestras decisiones son lo que nos definen como espectadores o protagonistas de la historia. Desde ATE decidimos ser protagonistas, defendiendo y conquistando nuestros derechos laborales. La Capacitaci\u00f3n y la Formaci\u00f3n fueron las principales herramientas para sentar los conocimientos b\u00e1sicos de la negociaci\u00f3n Colectiva\u201d. GERMAN ABDALA<\/i><\/p>\n<p>&nbsp;<\/p>\n<p style=\"text-align: center;\"><a href=\"http:\/\/www.atecordoba.org\/wp-content\/uploads\/2013\/11\/3.png\"><img loading=\"lazy\" decoding=\"async\" class=\" wp-image-3655 aligncenter\" alt=\"3\" src=\"http:\/\/www.atecordoba.org\/wp-content\/uploads\/2013\/11\/3.png\" width=\"560\" height=\"420\" \/><\/a><\/p>\n<p>&nbsp;<\/p>\n","protected":false},"excerpt":{"rendered":"<p>La Secretaria de Formaci\u00f3n realizo el jueves 21 de Noviembre un nuevo curso-taller bajo el eje tem\u00e1tico de dicho encuentro fue la Negociaci\u00f3n y Convenios Colectivos y se llev\u00f3 a cabo en el C\u00edrculo Sindical de la Prensa de Cordoba (CISPREN-CTA) En la oportunidad, se cont\u00f3 con la presencia secretario de Formaci\u00f3n de ATE Neuqu\u00e9n, [&hellip;]<\/p>\n","protected":false},"author":1,"featured_media":19220,"comment_status":"open","ping_status":"open","sticky":false,"template":"","format":"standard","meta":{"_exactmetrics_skip_tracking":false,"_exactmetrics_sitenote_active":false,"_exactmetrics_sitenote_note":"","_exactmetrics_sitenote_category":0,"jnews-multi-image_gallery":[],"jnews_single_post":[],"jnews_primary_category":[],"jnews_social_meta":[],"jnews_review":[],"enable_review":"","type":"","name":"","summary":"","brand":"","sku":"","good":[],"bad":[],"score_override":"","override_value":"","rating":[],"price":[],"jnews_override_counter":[],"jnews_post_split":[],"footnotes":""},"categories":[88],"tags":[],"class_list":["post-3653","post","type-post","status-publish","format-standard","has-post-thumbnail","hentry","category-formacion"],"jetpack_featured_media_url":"https:\/\/atecordoba.org\/wp-content\/uploads\/2020\/05\/logo-nuevochico-e1561581322808.png","_links":{"self":[{"href":"https:\/\/atecordoba.org\/index.php?rest_route=\/wp\/v2\/posts\/3653","targetHints":{"allow":["GET"]}}],"collection":[{"href":"https:\/\/atecordoba.org\/index.php?rest_route=\/wp\/v2\/posts"}],"about":[{"href":"https:\/\/atecordoba.org\/index.php?rest_route=\/wp\/v2\/types\/post"}],"author":[{"embeddable":true,"href":"https:\/\/atecordoba.org\/index.php?rest_route=\/wp\/v2\/users\/1"}],"replies":[{"embeddable":true,"href":"https:\/\/atecordoba.org\/index.php?rest_route=%2Fwp%2Fv2%2Fcomments&post=3653"}],"version-history":[{"count":0,"href":"https:\/\/atecordoba.org\/index.php?rest_route=\/wp\/v2\/posts\/3653\/revisions"}],"wp:featuredmedia":[{"embeddable":true,"href":"https:\/\/atecordoba.org\/index.php?rest_route=\/wp\/v2\/media\/19220"}],"wp:attachment":[{"href":"https:\/\/atecordoba.org\/index.php?rest_route=%2Fwp%2Fv2%2Fmedia&parent=3653"}],"wp:term":[{"taxonomy":"category","embeddable":true,"href":"https:\/\/atecordoba.org\/index.php?rest_route=%2Fwp%2Fv2%2Fcategories&post=3653"},{"taxonomy":"post_tag","embeddable":true,"href":"https:\/\/atecordoba.org\/index.php?rest_route=%2Fwp%2Fv2%2Ftags&post=3653"}],"curies":[{"name":"wp","href":"https:\/\/api.w.org\/{rel}","templated":true}]}}