{"id":36503,"date":"2023-04-12T09:22:19","date_gmt":"2023-04-12T12:22:19","guid":{"rendered":"https:\/\/atecordoba.org\/?p=36503"},"modified":"2023-07-24T13:17:27","modified_gmt":"2023-07-24T16:17:27","slug":"repudian-imputacion-judicial-al-secretario-general-de-ate-cordoba-federico-giuliani","status":"publish","type":"post","link":"https:\/\/atecordoba.org\/?p=36503","title":{"rendered":"Repudian imputaci\u00f3n judicial al Secretario General de ATE C\u00f3rdoba, Federico Giuliani"},"content":{"rendered":"\n<p>La Asociaci\u00f3n Trabajadores del Estado, ATE C\u00f3rdoba, rechaza, denuncia y repudia que, como consecuencia de la ofensiva judicial, pol\u00edtica y medi\u00e1tica destinada a criminalizar la protesta social que se desarrolla para frenar el ajuste en marcha por el Gobierno de Juan Schiaretti, se impute al Secretario General de ATE, Federico Giuliani, por intervenir como orador en la Marcha contra el Hambre organizada por la Unidad Piquetera el pasado 5 de abril en la ciudad Capital.<\/p>\n\n\n<div class=\"wp-block-image\">\n<figure class=\"aligncenter size-large is-resized\"><img loading=\"lazy\" decoding=\"async\" src=\"https:\/\/atecordoba.org\/wp-content\/uploads\/2023\/04\/IMG-20220511-WA0028-1024x768.jpg\" alt=\"\" class=\"wp-image-36504\" width=\"739\" height=\"554\" srcset=\"https:\/\/atecordoba.org\/wp-content\/uploads\/2023\/04\/IMG-20220511-WA0028-1024x768.jpg 1024w, https:\/\/atecordoba.org\/wp-content\/uploads\/2023\/04\/IMG-20220511-WA0028-300x225.jpg 300w, https:\/\/atecordoba.org\/wp-content\/uploads\/2023\/04\/IMG-20220511-WA0028-768x576.jpg 768w, https:\/\/atecordoba.org\/wp-content\/uploads\/2023\/04\/IMG-20220511-WA0028-1536x1152.jpg 1536w, https:\/\/atecordoba.org\/wp-content\/uploads\/2023\/04\/IMG-20220511-WA0028-750x563.jpg 750w, https:\/\/atecordoba.org\/wp-content\/uploads\/2023\/04\/IMG-20220511-WA0028-1140x855.jpg 1140w, https:\/\/atecordoba.org\/wp-content\/uploads\/2023\/04\/IMG-20220511-WA0028.jpg 1600w\" sizes=\"auto, (max-width: 739px) 100vw, 739px\" \/><figcaption class=\"wp-element-caption\">Giuliani junto a dirigentes de organizaciones sociales<\/figcaption><\/figure>\n<\/div>\n\n\n<p>Mientras en el d\u00eda de ayer el Gobernador Juan Schiaretti lanzaba en el Hotel Qu\u00f3rum la campa\u00f1a electoral de cara a los comicios del 25 de junio, Giuliani recib\u00eda por interp\u00f3sita persona una citaci\u00f3n judicial de manos de la Polic\u00eda haci\u00e9ndole saber que queda citado a comparecer ante la Fiscal\u00eda del Distrito Cuatro Turno Uno, sita en la calle Fructuoso Rivera 720 de barrio Observatorio el d\u00eda 13 de abril a las 14.30 horas acompa\u00f1ado de su abogado defensor.<\/p>\n\n\n\n<p>La citaci\u00f3n agrega que el tr\u00e1mite tiene que ver con lo referente a\u201d las actuaciones sumariales caratuladas a prima facie como \u2018actuaciones labradas\u2019 de fecha 5 de abril, con conocimiento e intervenci\u00f3n de la Fiscal\u00eda de Instrucci\u00f3n del Distrito Cuarto Turno Uno\u201d, indica la nota.<\/p>\n\n\n\n<p>Para ATE, no es noticia el ninguneo y persecuci\u00f3n constante del gobierno provincial para con la entidad sindical, ya que busca constantemente hostigarla y adoctrinarla persiguiendo a sus delegados y delegadas, realizando descuentos ilegales ante el derecho a huelga, entre otras a las que ya nos tiene acostumbrada la pol\u00edtica criminalizadora del Gobernador.<\/p>\n\n\n\n<p>ATE afirma: \u201cNo llama la atenci\u00f3n la enorme distancia existente entre el accionar de jueces y pol\u00edticos con el pueblo, ni que la mayor\u00eda de la gente descrea de esta democracia controlada y de una Justicia adicta, cuando en lugar de debatir y resolver los problemas que afectan a la mayor\u00eda de la poblaci\u00f3n, tanto en el \u00e1mbito judicial como en el legislativo se preocupen en coartar el leg\u00edtimo derecho a la protesta\u201d.<\/p>\n\n\n\n<figure class=\"wp-block-gallery has-nested-images columns-default is-cropped wp-block-gallery-1 is-layout-flex wp-block-gallery-is-layout-flex\">\n<figure class=\"wp-block-image size-large\"><img loading=\"lazy\" decoding=\"async\" width=\"1024\" height=\"683\" data-id=\"36508\" src=\"https:\/\/atecordoba.org\/wp-content\/uploads\/2023\/04\/18-03-Jornada-Lucha-Paro-y-Movilizacion-Min-Trabajo_35-1024x683.jpg\" alt=\"\" class=\"wp-image-36508\" srcset=\"https:\/\/atecordoba.org\/wp-content\/uploads\/2023\/04\/18-03-Jornada-Lucha-Paro-y-Movilizacion-Min-Trabajo_35-1024x683.jpg 1024w, https:\/\/atecordoba.org\/wp-content\/uploads\/2023\/04\/18-03-Jornada-Lucha-Paro-y-Movilizacion-Min-Trabajo_35-300x200.jpg 300w, https:\/\/atecordoba.org\/wp-content\/uploads\/2023\/04\/18-03-Jornada-Lucha-Paro-y-Movilizacion-Min-Trabajo_35-768x512.jpg 768w, https:\/\/atecordoba.org\/wp-content\/uploads\/2023\/04\/18-03-Jornada-Lucha-Paro-y-Movilizacion-Min-Trabajo_35-1536x1024.jpg 1536w, https:\/\/atecordoba.org\/wp-content\/uploads\/2023\/04\/18-03-Jornada-Lucha-Paro-y-Movilizacion-Min-Trabajo_35-2048x1365.jpg 2048w, https:\/\/atecordoba.org\/wp-content\/uploads\/2023\/04\/18-03-Jornada-Lucha-Paro-y-Movilizacion-Min-Trabajo_35-750x500.jpg 750w, https:\/\/atecordoba.org\/wp-content\/uploads\/2023\/04\/18-03-Jornada-Lucha-Paro-y-Movilizacion-Min-Trabajo_35-1140x760.jpg 1140w\" sizes=\"auto, (max-width: 1024px) 100vw, 1024px\" \/><figcaption class=\"wp-element-caption\">Marcha de estatales<\/figcaption><\/figure>\n\n\n\n<figure class=\"wp-block-image size-large\"><img loading=\"lazy\" decoding=\"async\" width=\"1024\" height=\"684\" data-id=\"36506\" src=\"https:\/\/atecordoba.org\/wp-content\/uploads\/2023\/04\/27-09-ParoNacional_129-1024x684-1.jpg\" alt=\"\" class=\"wp-image-36506\" srcset=\"https:\/\/atecordoba.org\/wp-content\/uploads\/2023\/04\/27-09-ParoNacional_129-1024x684-1.jpg 1024w, https:\/\/atecordoba.org\/wp-content\/uploads\/2023\/04\/27-09-ParoNacional_129-1024x684-1-300x200.jpg 300w, https:\/\/atecordoba.org\/wp-content\/uploads\/2023\/04\/27-09-ParoNacional_129-1024x684-1-768x513.jpg 768w, https:\/\/atecordoba.org\/wp-content\/uploads\/2023\/04\/27-09-ParoNacional_129-1024x684-1-750x501.jpg 750w\" sizes=\"auto, (max-width: 1024px) 100vw, 1024px\" \/><figcaption class=\"wp-element-caption\">Federico Giuliani, Secretario Gral. de ATe y la CTAA Cba<\/figcaption><\/figure>\n\n\n\n<figure class=\"wp-block-image size-large\"><img loading=\"lazy\" decoding=\"async\" width=\"1024\" height=\"576\" data-id=\"36505\" src=\"https:\/\/atecordoba.org\/wp-content\/uploads\/2023\/04\/WhatsApp-Image-2022-09-16-at-14.54.02-1-1024x576-1.jpeg\" alt=\"\" class=\"wp-image-36505\" srcset=\"https:\/\/atecordoba.org\/wp-content\/uploads\/2023\/04\/WhatsApp-Image-2022-09-16-at-14.54.02-1-1024x576-1.jpeg 1024w, https:\/\/atecordoba.org\/wp-content\/uploads\/2023\/04\/WhatsApp-Image-2022-09-16-at-14.54.02-1-1024x576-1-300x169.jpeg 300w, https:\/\/atecordoba.org\/wp-content\/uploads\/2023\/04\/WhatsApp-Image-2022-09-16-at-14.54.02-1-1024x576-1-768x432.jpeg 768w, https:\/\/atecordoba.org\/wp-content\/uploads\/2023\/04\/WhatsApp-Image-2022-09-16-at-14.54.02-1-1024x576-1-750x422.jpeg 750w\" sizes=\"auto, (max-width: 1024px) 100vw, 1024px\" \/><figcaption class=\"wp-element-caption\">En jornada con pueblos originarios<\/figcaption><\/figure>\n<\/figure>\n\n\n\n<p>\u201cSalimos a la calle para luchar contra el r\u00e9gimen de saqueo y explotaci\u00f3n que mantiene a trabajadores p\u00fablicos y privados en la pobreza; precarizados en la indigencia; jubilados en la miseria; con el hambre campeando en las barriadas populares, mientras crece el conflicto de docentes y trabajadores de la salud, y los habitantes del Palacio de Justicia, la Unicameral y El Panal reniegan de la Justicia Social ofreciendo garrote a los que levantan su voz para denunciar el contubernio que promueve una sociedad de desiguales, con pobres cada vez m\u00e1s pobres y ricos cada vez m\u00e1s ricos\u201d, se\u00f1ala el comunicado de ATE&nbsp; C\u00f3rdoba.<\/p>\n","protected":false},"excerpt":{"rendered":"<p>La Asociaci\u00f3n Trabajadores del Estado, ATE C\u00f3rdoba, rechaza, denuncia y repudia que, como consecuencia de la ofensiva judicial, pol\u00edtica y medi\u00e1tica destinada a criminalizar la protesta social que se desarrolla para frenar el ajuste en marcha por el Gobierno de Juan Schiaretti, se impute al Secretario General de ATE, Federico Giuliani, por intervenir como orador [&hellip;]<\/p>\n","protected":false},"author":5,"featured_media":36504,"comment_status":"open","ping_status":"open","sticky":false,"template":"","format":"standard","meta":{"_exactmetrics_skip_tracking":false,"_exactmetrics_sitenote_active":false,"_exactmetrics_sitenote_note":"","_exactmetrics_sitenote_category":0,"jnews-multi-image_gallery":[],"jnews_single_post":{"subtitle":"","format":"standard","video":"","gallery":"","source_name":"","source_url":"","via_name":"","via_url":"","override_template":"0","override":[{"template":"1","single_blog_custom":"","parallax":"1","fullscreen":"1","layout":"right-sidebar","sidebar":"default-sidebar","second_sidebar":"default-sidebar","sticky_sidebar":"1","share_position":"top","share_float_style":"share-monocrhome","show_share_counter":"1","show_view_counter":"1","show_featured":"1","show_post_meta":"1","show_post_author":"1","show_post_author_image":"1","show_post_date":"1","post_date_format":"default","post_date_format_custom":"Y\/m\/d","show_post_category":"1","show_post_reading_time":"0","post_reading_time_wpm":"300","show_zoom_button":"0","zoom_button_out_step":"2","zoom_button_in_step":"3","show_post_tag":"1","show_prev_next_post":"1","show_popup_post":"1","number_popup_post":"1","show_author_box":"0","show_post_related":"0","show_inline_post_related":"0"}],"override_image_size":"0","image_override":[{"single_post_thumbnail_size":"crop-500","single_post_gallery_size":"crop-500"}],"trending_post":"0","trending_post_position":"meta","trending_post_label":"Trending","sponsored_post":"0","sponsored_post_label":"Sponsored by","sponsored_post_name":"","sponsored_post_url":"","sponsored_post_logo_enable":"0","sponsored_post_logo":"","sponsored_post_desc":"","disable_ad":"0"},"jnews_primary_category":{"id":"","hide":""},"jnews_social_meta":{"fb_title":"","fb_description":"","fb_image":"","twitter_title":"","twitter_description":"","twitter_image":""},"jnews_review":[],"enable_review":"0","type":"percentage","name":"","summary":"","brand":"","sku":"","good":[{"good_text":""}],"bad":[{"bad_text":""}],"score_override":"","override_value":"","rating":[{"rating_text":"","rating_number":"10"}],"price":[{"shop":"","price":"","link":"","icon":""}],"jnews_override_counter":{"override_view_counter":"0","view_counter_number":"0","override_share_counter":"0","share_counter_number":"0","override_like_counter":"0","like_counter_number":"0","override_dislike_counter":"0","dislike_counter_number":"0"},"jnews_post_split":{"enable_post_split":"0","post_split":[{"template":"1","tag":"h2","numbering":"asc","mode":"normal","first":"0","enable_toc":"0","toc_type":"normal"}]},"footnotes":""},"categories":[10,75,53,341,92,8],"tags":[],"class_list":["post-36503","post","type-post","status-publish","format-standard","has-post-thumbnail","hentry","category-accion-politica","category-accion-social","category-comunicados-de-prensa","category-cdp","category-cta","category-provinciales"],"jetpack_featured_media_url":"https:\/\/atecordoba.org\/wp-content\/uploads\/2023\/04\/IMG-20220511-WA0028.jpg","_links":{"self":[{"href":"https:\/\/atecordoba.org\/index.php?rest_route=\/wp\/v2\/posts\/36503","targetHints":{"allow":["GET"]}}],"collection":[{"href":"https:\/\/atecordoba.org\/index.php?rest_route=\/wp\/v2\/posts"}],"about":[{"href":"https:\/\/atecordoba.org\/index.php?rest_route=\/wp\/v2\/types\/post"}],"author":[{"embeddable":true,"href":"https:\/\/atecordoba.org\/index.php?rest_route=\/wp\/v2\/users\/5"}],"replies":[{"embeddable":true,"href":"https:\/\/atecordoba.org\/index.php?rest_route=%2Fwp%2Fv2%2Fcomments&post=36503"}],"version-history":[{"count":2,"href":"https:\/\/atecordoba.org\/index.php?rest_route=\/wp\/v2\/posts\/36503\/revisions"}],"predecessor-version":[{"id":37865,"href":"https:\/\/atecordoba.org\/index.php?rest_route=\/wp\/v2\/posts\/36503\/revisions\/37865"}],"wp:featuredmedia":[{"embeddable":true,"href":"https:\/\/atecordoba.org\/index.php?rest_route=\/wp\/v2\/media\/36504"}],"wp:attachment":[{"href":"https:\/\/atecordoba.org\/index.php?rest_route=%2Fwp%2Fv2%2Fmedia&parent=36503"}],"wp:term":[{"taxonomy":"category","embeddable":true,"href":"https:\/\/atecordoba.org\/index.php?rest_route=%2Fwp%2Fv2%2Fcategories&post=36503"},{"taxonomy":"post_tag","embeddable":true,"href":"https:\/\/atecordoba.org\/index.php?rest_route=%2Fwp%2Fv2%2Ftags&post=36503"}],"curies":[{"name":"wp","href":"https:\/\/api.w.org\/{rel}","templated":true}]}}