{"id":36498,"date":"2023-04-11T13:54:59","date_gmt":"2023-04-11T16:54:59","guid":{"rendered":"https:\/\/atecordoba.org\/?p=36498"},"modified":"2023-04-13T11:42:26","modified_gmt":"2023-04-13T14:42:26","slug":"en-ate-lo-que-vale-es-la-libertad-y-democracia-sindical","status":"publish","type":"post","link":"https:\/\/atecordoba.org\/?p=36498","title":{"rendered":"En ATE lo que vale es la Libertad y Democracia Sindical"},"content":{"rendered":"\n<figure class=\"wp-block-gallery has-nested-images columns-default is-cropped wp-block-gallery-1 is-layout-flex wp-block-gallery-is-layout-flex\">\n<figure class=\"wp-block-image size-large\"><a href=\"https:\/\/atecordoba.org\/wp-content\/uploads\/2023\/04\/WhatsApp-Image-2023-04-11-at-13.46.38-1.jpeg\"><img loading=\"lazy\" decoding=\"async\" width=\"576\" height=\"1024\" data-id=\"36499\" src=\"https:\/\/atecordoba.org\/wp-content\/uploads\/2023\/04\/WhatsApp-Image-2023-04-11-at-13.46.38-1-576x1024.jpeg\" alt=\"\" class=\"wp-image-36499\" srcset=\"https:\/\/atecordoba.org\/wp-content\/uploads\/2023\/04\/WhatsApp-Image-2023-04-11-at-13.46.38-1-576x1024.jpeg 576w, https:\/\/atecordoba.org\/wp-content\/uploads\/2023\/04\/WhatsApp-Image-2023-04-11-at-13.46.38-1-169x300.jpeg 169w, https:\/\/atecordoba.org\/wp-content\/uploads\/2023\/04\/WhatsApp-Image-2023-04-11-at-13.46.38-1-768x1366.jpeg 768w, https:\/\/atecordoba.org\/wp-content\/uploads\/2023\/04\/WhatsApp-Image-2023-04-11-at-13.46.38-1-864x1536.jpeg 864w, https:\/\/atecordoba.org\/wp-content\/uploads\/2023\/04\/WhatsApp-Image-2023-04-11-at-13.46.38-1-750x1334.jpeg 750w, https:\/\/atecordoba.org\/wp-content\/uploads\/2023\/04\/WhatsApp-Image-2023-04-11-at-13.46.38-1.jpeg 899w\" sizes=\"auto, (max-width: 576px) 100vw, 576px\" \/><\/a><\/figure>\n\n\n\n<figure class=\"wp-block-image size-large\"><a href=\"https:\/\/atecordoba.org\/wp-content\/uploads\/2023\/04\/WhatsApp-Image-2023-04-11-at-13.46.40-1.jpeg\"><img loading=\"lazy\" decoding=\"async\" width=\"1024\" height=\"576\" data-id=\"36500\" src=\"https:\/\/atecordoba.org\/wp-content\/uploads\/2023\/04\/WhatsApp-Image-2023-04-11-at-13.46.40-1-1024x576.jpeg\" alt=\"\" class=\"wp-image-36500\" srcset=\"https:\/\/atecordoba.org\/wp-content\/uploads\/2023\/04\/WhatsApp-Image-2023-04-11-at-13.46.40-1-1024x576.jpeg 1024w, https:\/\/atecordoba.org\/wp-content\/uploads\/2023\/04\/WhatsApp-Image-2023-04-11-at-13.46.40-1-300x169.jpeg 300w, https:\/\/atecordoba.org\/wp-content\/uploads\/2023\/04\/WhatsApp-Image-2023-04-11-at-13.46.40-1-768x432.jpeg 768w, https:\/\/atecordoba.org\/wp-content\/uploads\/2023\/04\/WhatsApp-Image-2023-04-11-at-13.46.40-1-1536x864.jpeg 1536w, https:\/\/atecordoba.org\/wp-content\/uploads\/2023\/04\/WhatsApp-Image-2023-04-11-at-13.46.40-1-750x422.jpeg 750w, https:\/\/atecordoba.org\/wp-content\/uploads\/2023\/04\/WhatsApp-Image-2023-04-11-at-13.46.40-1-1140x641.jpeg 1140w, https:\/\/atecordoba.org\/wp-content\/uploads\/2023\/04\/WhatsApp-Image-2023-04-11-at-13.46.40-1.jpeg 1599w\" sizes=\"auto, (max-width: 1024px) 100vw, 1024px\" \/><\/a><\/figure>\n<figcaption class=\"blocks-gallery-caption\">Afiliados impedidos de ingresar a la asamblea de la seccional Cruz del Eje.<\/figcaption><\/figure>\n\n\n\n<p>En una maniobra destinada a restringir la participaci\u00f3n de las y los afiliados, la actual conducci\u00f3n de ATE Cruz del Eje convoc\u00f3 a la Asamblea Anual Ordinaria y Extraordinaria que debe tratar la Memoria y Balance y elegir a 12 congresales al Congreso Provincial, en la localidad de La Falda \u2013a 150 kil\u00f3metros de la ciudad cabecera de la Seccional- en horario laboral para que no vaya la gente.<\/p>\n\n\n\n<p>La presencia de m\u00e1s de un centenar de trabajadoras y trabajadores de la Municipalidad de Cruz del Eje desbarat\u00f3 el impresentable operativo montado por un grupo de no m\u00e1s de 25 personas alineadas con el oficialismo de esa Seccional representado por su Secretario General, Daniel Allende, a quien acompa\u00f1aban Dami\u00e1n Albornoz de R\u00edo Tercero; Fernando Mercado de Villa Mar\u00eda; y Diego Guerra de C\u00f3rdoba.<\/p>\n\n\n\n<p>La \u00fanica forma que tuvo esta dirigencia decadente para evitar un pronunciamiento mayoritario en contra de lo ama\u00f1ado por el aparato con un padr\u00f3n trucho, distinto al que habilita la Junta Electoral Nacional, fue evitar el ingreso de los \u201cno cotizantes\u201d, es decir de los precarizados que aportan una cuota solidaria al gremio, desconociendo los principios de Libertad y Democracia Sindical que propugna ATE y que fueran banderas fundacionales de la CTA.<\/p>\n\n\n\n<p>Debido a esta posici\u00f3n antidemocr\u00e1tica, que comulga m\u00e1s con los postulados del \u201cUnicato Sindical\u201d de la CGT que con las premisas de la Central, que considera trabajadores tanto al personal registrado como al informal, la Asamblea fue suspendida. Un veedor de la Agencia Territorial C\u00f3rdoba del Ministerio de Trabajo de la Naci\u00f3n labr\u00f3 el acta respectiva que elevaremos a nivel nacional para evitar que la discriminaci\u00f3n sindical ejercida por estos nuevos \u201ciluminados\u201d que apelan a las viejas pr\u00e1cticas de la burocracia sea moneda corriente en un sindicato con casi 100 a\u00f1os de historia.<\/p>\n\n\n\n<p>Lo \u00fanico que estamos pidiendo es que se haga la Asamblea en la ciudad de Cruz del Eje y en horario no laboral, tal como lo establece el Estatuto de ATE, para que puedan participar las y los afiliados de manera democr\u00e1tica y sin exclusiones de ninguna naturaleza. Vamos a demostrar que es cierto que en ATE manda la Asamblea y no una camarilla burocr\u00e1tica y sectaria.<\/p>\n\n\n\n<p class=\"has-text-align-center\"><strong>Federico Giuliani<\/strong><\/p>\n\n\n\n<p class=\"has-text-align-center\"><a><\/a><strong>Secretario General de ATE C\u00f3rdoba<\/strong><\/p>\n","protected":false},"excerpt":{"rendered":"<p>En una maniobra destinada a restringir la participaci\u00f3n de las y los afiliados, la actual conducci\u00f3n de ATE Cruz del Eje convoc\u00f3 a la Asamblea Anual Ordinaria y Extraordinaria que debe tratar la Memoria y Balance y elegir a 12 congresales al Congreso Provincial, en la localidad de La Falda \u2013a 150 kil\u00f3metros de la [&hellip;]<\/p>\n","protected":false},"author":7,"featured_media":36549,"comment_status":"open","ping_status":"open","sticky":false,"template":"","format":"standard","meta":{"_exactmetrics_skip_tracking":false,"_exactmetrics_sitenote_active":false,"_exactmetrics_sitenote_note":"","_exactmetrics_sitenote_category":0,"jnews-multi-image_gallery":[],"jnews_single_post":{"subtitle":"ATE Cruz del Eje convoc\u00f3 a la Asamblea Anual Ordinaria y Extraordinaria que debe tratar la Memoria y Balance y elegir a 12 congresales al Congreso Provincial, en la localidad de La Falda \u2013a 150 kil\u00f3metros de la ciudad cabecera de la Seccional- en horario laboral para que no vaya la gente.","format":"standard","video":"","gallery":"","source_name":"","source_url":"","via_name":"","via_url":"","override_template":"0","override":[{"template":"1","single_blog_custom":"","parallax":"1","fullscreen":"1","layout":"right-sidebar","sidebar":"default-sidebar","second_sidebar":"default-sidebar","sticky_sidebar":"1","share_position":"top","share_float_style":"share-monocrhome","show_share_counter":"1","show_view_counter":"1","show_featured":"1","show_post_meta":"1","show_post_author":"1","show_post_author_image":"1","show_post_date":"1","post_date_format":"default","post_date_format_custom":"Y\/m\/d","show_post_category":"1","show_post_reading_time":"0","post_reading_time_wpm":"300","show_zoom_button":"0","zoom_button_out_step":"2","zoom_button_in_step":"3","show_post_tag":"1","show_prev_next_post":"1","show_popup_post":"1","number_popup_post":"1","show_author_box":"0","show_post_related":"0","show_inline_post_related":"0"}],"override_image_size":"0","image_override":[{"single_post_thumbnail_size":"crop-500","single_post_gallery_size":"crop-500"}],"trending_post":"0","trending_post_position":"meta","trending_post_label":"Trending","sponsored_post":"0","sponsored_post_label":"Sponsored by","sponsored_post_name":"","sponsored_post_url":"","sponsored_post_logo_enable":"0","sponsored_post_logo":"","sponsored_post_desc":"","disable_ad":"0"},"jnews_primary_category":{"id":""},"jnews_social_meta":{"fb_title":"","fb_description":"","fb_image":"","twitter_title":"","twitter_description":"","twitter_image":""},"jnews_review":[],"enable_review":"0","type":"percentage","name":"","summary":"","brand":"","sku":"","good":[{"good_text":""}],"bad":[{"bad_text":""}],"score_override":"","override_value":"","rating":[{"rating_text":"","rating_number":"10"}],"price":[{"shop":"","price":"","link":"","icon":""}],"jnews_override_counter":{"override_view_counter":"0","view_counter_number":"0","override_share_counter":"0","share_counter_number":"0","override_like_counter":"0","like_counter_number":"0","override_dislike_counter":"0","dislike_counter_number":"0"},"jnews_post_split":{"enable_post_split":"0","post_split":[{"template":"1","tag":"h2","numbering":"asc","mode":"normal","first":"0","enable_toc":"0","toc_type":"normal"}]},"footnotes":""},"categories":[53],"tags":[],"class_list":["post-36498","post","type-post","status-publish","format-standard","has-post-thumbnail","hentry","category-comunicados-de-prensa"],"jetpack_featured_media_url":"https:\/\/atecordoba.org\/wp-content\/uploads\/2023\/04\/ate-cordoba-e1681396936909.jpeg","_links":{"self":[{"href":"https:\/\/atecordoba.org\/index.php?rest_route=\/wp\/v2\/posts\/36498","targetHints":{"allow":["GET"]}}],"collection":[{"href":"https:\/\/atecordoba.org\/index.php?rest_route=\/wp\/v2\/posts"}],"about":[{"href":"https:\/\/atecordoba.org\/index.php?rest_route=\/wp\/v2\/types\/post"}],"author":[{"embeddable":true,"href":"https:\/\/atecordoba.org\/index.php?rest_route=\/wp\/v2\/users\/7"}],"replies":[{"embeddable":true,"href":"https:\/\/atecordoba.org\/index.php?rest_route=%2Fwp%2Fv2%2Fcomments&post=36498"}],"version-history":[{"count":1,"href":"https:\/\/atecordoba.org\/index.php?rest_route=\/wp\/v2\/posts\/36498\/revisions"}],"predecessor-version":[{"id":36501,"href":"https:\/\/atecordoba.org\/index.php?rest_route=\/wp\/v2\/posts\/36498\/revisions\/36501"}],"wp:featuredmedia":[{"embeddable":true,"href":"https:\/\/atecordoba.org\/index.php?rest_route=\/wp\/v2\/media\/36549"}],"wp:attachment":[{"href":"https:\/\/atecordoba.org\/index.php?rest_route=%2Fwp%2Fv2%2Fmedia&parent=36498"}],"wp:term":[{"taxonomy":"category","embeddable":true,"href":"https:\/\/atecordoba.org\/index.php?rest_route=%2Fwp%2Fv2%2Fcategories&post=36498"},{"taxonomy":"post_tag","embeddable":true,"href":"https:\/\/atecordoba.org\/index.php?rest_route=%2Fwp%2Fv2%2Ftags&post=36498"}],"curies":[{"name":"wp","href":"https:\/\/api.w.org\/{rel}","templated":true}]}}